{"id":592618,"date":"2025-12-11T10:44:24","date_gmt":"2025-12-11T10:44:24","guid":{"rendered":"https:\/\/www.europesays.com\/fr\/592618\/"},"modified":"2025-12-11T10:44:24","modified_gmt":"2025-12-11T10:44:24","slug":"rennes-decouvrez-les-cosmetiques-engages-de-la-fabrika-bulles","status":"publish","type":"post","link":"https:\/\/www.europesays.com\/fr\/592618\/","title":{"rendered":"Rennes. D\u00e9couvrez les cosm\u00e9tiques engag\u00e9s de La Fabrik\u2019\u00e0 Bulles"},"content":{"rendered":"<p>Prenez soin de toute votre famille avec des produits cosm\u00e9tiques bio ! La Fabrik\u2019\u00e0 Bulles propose une gamme vari\u00e9e, respectueuse de l\u2019environnement et adapt\u00e9e \u00e0 tous les \u00e2ges.<\/p>\n<p>Cr\u00e9\u00e9e en 2018 par Aur\u00e9lie Pensec-Landemaine, docteure en biologie et passionn\u00e9e d&rsquo;herboristerie, <strong>La Fabrik\u2019\u00e0 Bulles con\u00e7oit des cosm\u00e9tiques dans son laboratoire<\/strong> situ\u00e9 \u00e0 Saint Aubin Du Cormier, en Ille-et-Vilaine. La marque offre une <strong>gamme hygi\u00e8ne z\u00e9ro-d\u00e9chet<\/strong>, incluant des savons solides, des shampoings et des d\u00e9odorants baume, pens\u00e9s pour les soins quotidiens de la peau et des cheveux.<\/p>\n<p>La gamme soin, inspir\u00e9e de l\u2019herboristerie traditionnelle, propose des <strong>baumes nourrissants riches en mac\u00e9rats de plantes m\u00e9dicinales<\/strong>, parfaits m\u00eame pour soulager les douleurs menstruelles. Sp\u00e9cialement formul\u00e9s, des produits sont \u00e9galement disponibles pour les b\u00e9b\u00e9s, les femmes enceintes et les personnes ayant subi des traitements contre le cancer, garantissant douceur pour toutes les peaux sensibles.<\/p>\n<p>Les produits de La Fabrik\u2019\u00e0 Bulles sont <a rel=\"nofollow noopener\" target=\"_blank\" href=\"https:\/\/lafabrikabulles.fr\/\" class=\"trackingClickSiteWeb\">disponibles en ligne sur lafabrikabulles.fr<\/a> et <strong>directement \u00e0 la boutique<\/strong> \u00e0 Saint-Aubin-Du-Cormier, ouverte tous les mercredis. Ils sont <strong>\u00e9galement distribu\u00e9s par des partenaires<\/strong> comme Biocoop, des pharmacies, et des magasins de produits locaux.<\/p>\n<p>Ne manquez pas leur <strong>pr\u00e9sence temporaire au centre commercial La Visitation \u00e0 Rennes jusqu&rsquo;au 30 d\u00e9cembre<\/strong>. La Fabrik\u2019\u00e0 Bulles a r\u00e9cemment \u00e9t\u00e9 <strong>honor\u00e9e du prix coup de c\u0153ur 2025 aux Troph\u00e9es du commerce<\/strong>, soulignant son engagement pour la qualit\u00e9 et le naturel.<\/p>\n<p style=\"text-align: center;\"><img loading=\"lazy\" decoding=\"async\" src=\"https:\/\/www.europesays.com\/fr\/wp-content\/uploads\/2025\/12\/P35615261D7090460G.jpg\" alt=\"\" width=\"600\" height=\"310\"\/><\/p>\n<p class=\"elmt-legende\">Aur\u00e9lie Pensec-Landemaine dans sa boutique<\/p>\n<p>Infos pratiques\u00a0<\/p>\n<p><strong>La Fabrik&rsquo; \u00e0 Bulles<\/strong><\/p>\n<p>\u2022 9 La Lande aux Oiseaux &#8211; 35140 Saint-Aubin-du-Cormier<br \/>\u2022 Contact : <a rel=\"nofollow noopener\" target=\"_blank\" href=\"https:\/\/rennes.maville.com\/actu\/mailto:contact@lafabrikabulles.fr\">contact@lafabrikabulles.fr<\/a><br \/>\u2022 <a rel=\"nofollow noopener\" target=\"_blank\" href=\"http:\/\/lafabrikabulles.fr\/\" class=\"trackingClickSiteWeb\">Consulter le site web<\/a>\u00a0\u00a0<br \/>\u2022 <a rel=\"nofollow noopener\" target=\"_blank\" href=\"https:\/\/www.facebook.com\/LilyLaFabrikaBulles\/\" class=\"trackingClickFacebook\">Page Facebook<\/a>\u00a0| <a rel=\"nofollow noopener\" target=\"_blank\" href=\"https:\/\/www.instagram.com\/lafabrikabulles\/\" class=\"trackingClickInstagram\">Compte Instagram<\/a>\u00a0<\/p>\n<p>\u00a0<\/p>\n<p>\t\t<script async src=\"\/\/www.instagram.com\/embed.js\"><\/script><\/p>\n","protected":false},"excerpt":{"rendered":"Prenez soin de toute votre famille avec des produits cosm\u00e9tiques bio ! La Fabrik\u2019\u00e0 Bulles propose une gamme&hellip;\n","protected":false},"author":2,"featured_media":592619,"comment_status":"","ping_status":"","sticky":false,"template":"","format":"standard","meta":{"footnotes":""},"categories":[2821],"tags":[1111,11,829,67390,2423,3474,43745,1777,674,70571,1011,27,12,584,25],"class_list":{"0":"post-592618","1":"post","2":"type-post","3":"status-publish","4":"format-standard","5":"has-post-thumbnail","7":"category-rennes","8":"tag-actu","9":"tag-actualites","10":"tag-bretagne","11":"tag-bulles","12":"tag-cosmetiques","13":"tag-decouvrez","14":"tag-engages","15":"tag-eu","16":"tag-europe","17":"tag-fabrik","18":"tag-fr","19":"tag-france","20":"tag-news","21":"tag-rennes","22":"tag-republique-francaise"},"share_on_mastodon":{"url":"https:\/\/pubeurope.com\/@fr\/115700529619248096","error":""},"_links":{"self":[{"href":"https:\/\/www.europesays.com\/fr\/wp-json\/wp\/v2\/posts\/592618","targetHints":{"allow":["GET"]}}],"collection":[{"href":"https:\/\/www.europesays.com\/fr\/wp-json\/wp\/v2\/posts"}],"about":[{"href":"https:\/\/www.europesays.com\/fr\/wp-json\/wp\/v2\/types\/post"}],"author":[{"embeddable":true,"href":"https:\/\/www.europesays.com\/fr\/wp-json\/wp\/v2\/users\/2"}],"replies":[{"embeddable":true,"href":"https:\/\/www.europesays.com\/fr\/wp-json\/wp\/v2\/comments?post=592618"}],"version-history":[{"count":0,"href":"https:\/\/www.europesays.com\/fr\/wp-json\/wp\/v2\/posts\/592618\/revisions"}],"wp:featuredmedia":[{"embeddable":true,"href":"https:\/\/www.europesays.com\/fr\/wp-json\/wp\/v2\/media\/592619"}],"wp:attachment":[{"href":"https:\/\/www.europesays.com\/fr\/wp-json\/wp\/v2\/media?parent=592618"}],"wp:term":[{"taxonomy":"category","embeddable":true,"href":"https:\/\/www.europesays.com\/fr\/wp-json\/wp\/v2\/categories?post=592618"},{"taxonomy":"post_tag","embeddable":true,"href":"https:\/\/www.europesays.com\/fr\/wp-json\/wp\/v2\/tags?post=592618"}],"curies":[{"name":"wp","href":"https:\/\/api.w.org\/{rel}","templated":true}]}}