{"id":592622,"date":"2025-12-11T10:46:33","date_gmt":"2025-12-11T10:46:33","guid":{"rendered":"https:\/\/www.europesays.com\/fr\/592622\/"},"modified":"2025-12-11T10:46:33","modified_gmt":"2025-12-11T10:46:33","slug":"un-corps-a-ete-repeche-a-cote-du-centre-commercial-rivetoile","status":"publish","type":"post","link":"https:\/\/www.europesays.com\/fr\/592622\/","title":{"rendered":"un corps a \u00e9t\u00e9 rep\u00each\u00e9 \u00e0 c\u00f4t\u00e9 du centre commercial Rivetoile"},"content":{"rendered":"<p>    <img loading=\"lazy\" width=\"1800\" height=\"900\" src=\"https:\/\/www.europesays.com\/fr\/wp-content\/uploads\/2025\/11\/jeanne-callthepolice.jpg\" class=\"attachment-full size-full\" alt=\"\" id=\"imageLove\" decoding=\"async\"  \/><\/p>\n<p id=\"breadcrumbs\"><a href=\"https:\/\/pokaa.fr\/\" target=\"_blank\" rel=\"noopener\">Accueil<\/a> \/ <a href=\"https:\/\/pokaa.fr\/categories\/actu\/\" target=\"_blank\" rel=\"noopener\">Info locale<\/a> \/ Strasbourg : un corps a \u00e9t\u00e9 rep\u00each\u00e9 \u00e0 c\u00f4t\u00e9 du centre commercial Rivetoile<\/p>\n<p>                    Info locale<\/p>\n<p>publi\u00e9 le 11 D\u00e9c 2025 \u00e0 11 h 18 min<\/p>\n<p><strong>Ce 11 d\u00e9cembre au matin, un corps flottant dans l\u2019eau \u00e0 Strasbourg a \u00e9t\u00e9 rep\u00each\u00e9 au niveau du secteur Rivetoile et de la presqu\u2019\u00eele Malraux. La police et les pompiers sont sur place, et les investigations sont en cours. La circulation dans le secteur de la route de Vienne est bouch\u00e9e, tandis que la piste cyclable est partiellement ferm\u00e9e.<\/strong><\/p>\n<p><strong>Ce jeudi 11 d\u00e9cembre dans la matin\u00e9e, un corps a \u00e9t\u00e9 rep\u00e9r\u00e9 \u00e0 Strasbourg, flottant dans l\u2019eau au niveau du secteur Rivetoile et de la presqu\u2019\u00eele Malraux<\/strong>. Notre journaliste a pu voir la police et les pompiers d\u00e9p\u00each\u00e9s sur place. Des rubans de signalisation ont \u00e9t\u00e9 plac\u00e9s pour permettre aux forces de l\u2019ordre de faire leurs constatations. L\u2019enqu\u00eate est en cours.<\/p>\n<p>                <img width=\"667\" height=\"500\" src=\"https:\/\/www.europesays.com\/fr\/wp-content\/uploads\/2025\/12\/img-4517-1-667x500.jpg\" class=\"attachment-gallery size-gallery\" alt=\"police\" data-full-url=\"https:\/\/pokaa.fr\/wp-content\/uploads\/2025\/12\/11\/img-4517-1.jpg\" decoding=\"async\" loading=\"lazy\"  \/>            <\/p>\n<p>                <img width=\"667\" height=\"500\" src=\"https:\/\/www.europesays.com\/fr\/wp-content\/uploads\/2025\/12\/img-4518-667x500.jpg\" class=\"attachment-gallery size-gallery\" alt=\"malraux\" data-full-url=\"https:\/\/pokaa.fr\/wp-content\/uploads\/2025\/12\/11\/img-4518-1500x1125.jpg\" decoding=\"async\" loading=\"lazy\"  \/>            <\/p>\n<p>                    \u00a9 Anthony Jilli \/ Pokaa<\/p>\n<p><strong>En attendant, la piste cyclable au niveau de l\u2019intersection entre la route de Vienne et le quai du G\u00e9n\u00e9ral-Koenig est partiellement ferm\u00e9e<\/strong>, et la circulation dans le secteur est compliqu\u00e9e.<\/p>\n<p>Plus d\u2019informations \u00e0 venir.<\/p>\n<p>    <img width=\"800\" height=\"600\" src=\"https:\/\/www.europesays.com\/fr\/wp-content\/uploads\/2025\/12\/img-20251211-111153-800x600.jpg\" class=\"attachment-image-size-L size-image-size-L\" alt=\"police\" decoding=\"async\" loading=\"lazy\"  \/>         \u00a9 Caroline Alonso Alvarez \/ Pokaa <\/p>\n","protected":false},"excerpt":{"rendered":"Accueil \/ Info locale \/ Strasbourg : un corps a \u00e9t\u00e9 rep\u00each\u00e9 \u00e0 c\u00f4t\u00e9 du centre commercial Rivetoile&hellip;\n","protected":false},"author":2,"featured_media":592623,"comment_status":"","ping_status":"","sticky":false,"template":"","format":"standard","meta":{"footnotes":""},"categories":[2820],"tags":[1111,917,11,1777,674,1011,27,775,12,25,640,58524],"class_list":{"0":"post-592622","1":"post","2":"type-post","3":"status-publish","4":"format-standard","5":"has-post-thumbnail","7":"category-strasbourg","8":"tag-actu","9":"tag-actu-locale","10":"tag-actualites","11":"tag-eu","12":"tag-europe","13":"tag-fr","14":"tag-france","15":"tag-grand-est","16":"tag-news","17":"tag-republique-francaise","18":"tag-strasbourg","19":"tag-strasbourg-actualite"},"share_on_mastodon":{"url":"https:\/\/pubeurope.com\/@fr\/115700538685814604","error":""},"_links":{"self":[{"href":"https:\/\/www.europesays.com\/fr\/wp-json\/wp\/v2\/posts\/592622","targetHints":{"allow":["GET"]}}],"collection":[{"href":"https:\/\/www.europesays.com\/fr\/wp-json\/wp\/v2\/posts"}],"about":[{"href":"https:\/\/www.europesays.com\/fr\/wp-json\/wp\/v2\/types\/post"}],"author":[{"embeddable":true,"href":"https:\/\/www.europesays.com\/fr\/wp-json\/wp\/v2\/users\/2"}],"replies":[{"embeddable":true,"href":"https:\/\/www.europesays.com\/fr\/wp-json\/wp\/v2\/comments?post=592622"}],"version-history":[{"count":0,"href":"https:\/\/www.europesays.com\/fr\/wp-json\/wp\/v2\/posts\/592622\/revisions"}],"wp:featuredmedia":[{"embeddable":true,"href":"https:\/\/www.europesays.com\/fr\/wp-json\/wp\/v2\/media\/592623"}],"wp:attachment":[{"href":"https:\/\/www.europesays.com\/fr\/wp-json\/wp\/v2\/media?parent=592622"}],"wp:term":[{"taxonomy":"category","embeddable":true,"href":"https:\/\/www.europesays.com\/fr\/wp-json\/wp\/v2\/categories?post=592622"},{"taxonomy":"post_tag","embeddable":true,"href":"https:\/\/www.europesays.com\/fr\/wp-json\/wp\/v2\/tags?post=592622"}],"curies":[{"name":"wp","href":"https:\/\/api.w.org\/{rel}","templated":true}]}}