{"id":592625,"date":"2025-12-11T10:48:24","date_gmt":"2025-12-11T10:48:24","guid":{"rendered":"https:\/\/www.europesays.com\/fr\/592625\/"},"modified":"2025-12-11T10:48:24","modified_gmt":"2025-12-11T10:48:24","slug":"estrosi-propose-la-gratuite-des-transports-pour-les-retraites-la-gauche-denonce-une-copie-de-son-programme","status":"publish","type":"post","link":"https:\/\/www.europesays.com\/fr\/592625\/","title":{"rendered":"Estrosi propose la gratuit\u00e9 des transports pour les retrait\u00e9s, la gauche d\u00e9nonce une copie de son programme"},"content":{"rendered":"<p>\n    Le maire sortant a pr\u00e9sent\u00e9 l\u2019une de ses premi\u00e8res promesses de campagne. Il souhaite aussi une circulation des tramways toute la nuit le week-end.<\/p>\n<p class=\"fig-paragraph\">Le maire de Nice,\u00a0<a href=\"http:\/\/www.lefigaro.fr\/nice\/municipales-2026-a-nice-christian-estrosi-lance-officiellement-sa-campagne-lors-d-une-grande-reunion-publique-20251122\" data-fig-type=\"NewsFlash\" data-gtm-custom-categorie=\"navigation\" data-gtm-custom-action=\"crossclick\" data-gtm-custom-label=\"Contextuel\" data-gtm-event=\"customEventSPE\" data-fig-domain=\"LEFIGARO\" target=\"_blank\" rel=\"noopener\">Christian Estrosi<\/a>, a annonc\u00e9 vouloir rendre les transports en commun gratuits pour les retrait\u00e9s s\u2019il est r\u00e9\u00e9lu \u00e0 l\u2019issue\u00a0<a href=\"http:\/\/www.lefigaro.fr\/politique\/invisibilisee-par-le-budget-et-l-instabilite-la-campagne-fantome-des-municipales-20251109\" data-fig-type=\"Article\" data-gtm-custom-categorie=\"navigation\" data-gtm-custom-action=\"crossclick\" data-gtm-custom-label=\"Contextuel\" data-gtm-event=\"customEventSPE\" data-fig-domain=\"LEFIGARO\" target=\"_blank\" rel=\"noopener\">des \u00e9lections municipales en mars prochain<\/a>. \u00abD\u00e8s qu\u2019une personne sera \u00e0 la retraite, peu importe son \u00e2ge, elle sera \u00e9ligible \u00e0 cette gratuit\u00e9\u00bb, a-t-il indiqu\u00e9, mercredi, lors d\u2019une conf\u00e9rence de presse dans sa permanence, situ\u00e9e \u00e0 deux pas de l\u2019h\u00f4tel de ville.<\/p>\n<p class=\"fig-paragraph\">Candidat \u00e0 un quatri\u00e8me mandat, le maire sortant Horizons a pr\u00e9sent\u00e9 l\u2019une de ses premi\u00e8res promesses de\u00a0<a href=\"http:\/\/www.lefigaro.fr\/nice\/municipales-2026-a-nice-les-campagnes-a-couteaux-tires-de-christian-estrosi-et-d-eric-ciotti-20251121\" data-fig-type=\"NewsFlash\" data-gtm-custom-categorie=\"navigation\" data-gtm-custom-action=\"crossclick\" data-gtm-custom-label=\"Contextuel\" data-gtm-event=\"customEventSPE\" data-fig-domain=\"LEFIGARO\" target=\"_blank\" rel=\"noopener\">campagne<\/a>\u00a0mais la gauche a d\u00e9nonc\u00e9 une copie de son programme, alors qu\u2019elle d\u00e9fend \u00abla gratuit\u00e9 progressive\u00bb des transports en commun depuis longtemps. \u00abCe que nous proposons, ce n\u2019est pas un cadeau cibl\u00e9 \u00e0 trois mois des \u00e9lections\u00bb, a raill\u00e9\u00a0<a href=\"http:\/\/www.lefigaro.fr\/nice\/municipales-2026-a-nice-face-a-estrosi-et-ciotti-une-candidate-ecologiste-d-union-de-la-gauche-mais-sans-lfi-20250905\" data-fig-type=\"NewsFlash\" data-gtm-custom-categorie=\"navigation\" data-gtm-custom-action=\"crossclick\" data-gtm-custom-label=\"Contextuel\" data-gtm-event=\"customEventSPE\" data-fig-domain=\"LEFIGARO\" target=\"_blank\" rel=\"noopener\">Juliette Chesnel-Le Roux<\/a>, \u00e9lue ni\u00e7oise et candidate \u00e9cologiste soutenue par le PS et le PC.<\/p>\n<p>                                            <a class=\"fig-a11y-skip\" href=\"#fig-a11y-skip-main-inarticle\" data-module=\"a11y-skip\" data-context=\"was @visible\"><br \/>\n    Passer la publicit\u00e9<br \/>\n<\/a>            <\/p>\n<p class=\"fig-paragraph\">Mais Christian Estrosi s\u2019est d\u00e9fendu d\u2019une d\u00e9marche \u00e9lectoraliste, pr\u00f4nant \u00abune r\u00e9ponse pragmatique, humaine, l\u00e0 o\u00f9 je vois la pr\u00e9carit\u00e9 monter chez les s\u00e9niors\u00bb. Il a ainsi critiqu\u00e9 les contours du budget de l\u2019\u00c9tat\u00a0: \u00abLes retrait\u00e9s ne peuvent pas devenir la variable d\u2019ajustement du gouvernement\u00bb, a lanc\u00e9 celui qui est aussi vice-pr\u00e9sident du parti\u00a0<a href=\"http:\/\/www.lefigaro.fr\/politique\/presidentielle-edouard-philippe-assure-qu-il-ira-jusqu-au-bout-sauf-s-il-echouait-a-convaincre-les-havrais-en-mars-2026-20251208\" data-fig-type=\"NewsFlash\" data-gtm-custom-categorie=\"navigation\" data-gtm-custom-action=\"crossclick\" data-gtm-custom-label=\"Contextuel\" data-gtm-event=\"customEventSPE\" data-fig-domain=\"LEFIGARO\" target=\"_blank\" rel=\"noopener\">d\u2019\u00c9douard Philippe<\/a>.<\/p>\n<p>                                            150.000 retrait\u00e9s \u00e9ligibles<\/p>\n<p class=\"fig-paragraph\">\u00abCeux qui demandent la gratuit\u00e9 pour tous sont ceux qui ne veulent pas investir\u00bb, a-t-il ajout\u00e9, assumant son d\u00e9saccord avec cette mesure en vigueur dans la ville socialiste de Montpellier.<\/p>\n<p class=\"fig-paragraph\">Selon Christian Estrosi, 150.000 retrait\u00e9s seraient \u00e9ligibles \u00e0 ce dispositif de gratuit\u00e9 \u00e0 Nice (Alpes-Maritimes), l\u00e0 o\u00f9 44.000 s\u00e9niors sont aujourd\u2019hui abonn\u00e9s, mais les deux tiers ne payent d\u00e9j\u00e0 pas leur carte gr\u00e2ce \u00e0 des crit\u00e8res sociaux. Un doublement du nombre d\u2019usagers retrait\u00e9s des transports en commun est esp\u00e9r\u00e9 gr\u00e2ce \u00e0 cette proposition. En juillet, l\u2019\u00e9dile ni\u00e7ois, \u00e9galement pr\u00e9sident de la m\u00e9tropole, avait aussi rendu les transports gratuits pour les moins de 11 ans.<\/p>\n<p class=\"fig-paragraph\">Le candidat-maire a encore propos\u00e9 une circulation des tramways toute la nuit le week-end, l\u00e0 o\u00f9 les rames s\u2019arr\u00eatent aujourd\u2019hui vers deux heures du matin.<\/p>\n<p class=\"fig-paragraph\">Trois lignes de tramways existent \u00e0 Nice, permettant notamment de se rendre dans le centre-ville ou \u00e0\u00a0<a href=\"http:\/\/www.lefigaro.fr\/nice\/fusils-brouilleurs-detection-des-drones-l-aeroport-de-nice-equipe-face-aux-nouveaux-dangers-dans-le-ciel-20251020\" data-fig-type=\"NewsFlash\" data-gtm-custom-categorie=\"navigation\" data-gtm-custom-action=\"crossclick\" data-gtm-custom-label=\"Contextuel\" data-gtm-event=\"customEventSPE\" data-fig-domain=\"LEFIGARO\" target=\"_blank\" rel=\"noopener\">l\u2019a\u00e9roport international<\/a>. Deux\u00a0<a href=\"http:\/\/www.lefigaro.fr\/nice\/nice-les-travaux-de-la-ligne-4-du-tramway-ont-debute-mais-auront-deux-ans-de-retard-20241209\" data-fig-type=\"NewsFlash\" data-gtm-custom-categorie=\"navigation\" data-gtm-custom-action=\"crossclick\" data-gtm-custom-label=\"Contextuel\" data-gtm-event=\"customEventSPE\" data-fig-domain=\"LEFIGARO\" target=\"_blank\" rel=\"noopener\">nouvelles lignes<\/a>\u00a0de tramways doivent voir le jour ces prochaines ann\u00e9es vers\u00a0<a href=\"http:\/\/www.lefigaro.fr\/nice\/on-cache-son-logo-a-cagnes-sur-mer-le-candidat-du-rn-bryan-masson-cible-de-contre-affichage-20251024\" data-fig-type=\"NewsFlash\" data-gtm-custom-categorie=\"navigation\" data-gtm-custom-action=\"crossclick\" data-gtm-custom-label=\"Contextuel\" data-gtm-event=\"customEventSPE\" data-fig-domain=\"LEFIGARO\" target=\"_blank\" rel=\"noopener\">Cagnes-sur-Mer<\/a>\u00a0et Drap. En 2024, 117 millions de trajets ont \u00e9t\u00e9 recens\u00e9s par la r\u00e9gie m\u00e9tropolitaine Lignes d\u2019Azur sur l\u2019ensemble du r\u00e9seau, qui comprend aussi de nombreuses lignes de bus vers le moyen et haut pays ni\u00e7ois.<\/p>\n","protected":false},"excerpt":{"rendered":"Le maire sortant a pr\u00e9sent\u00e9 l\u2019une de ses premi\u00e8res promesses de campagne. Il souhaite aussi une circulation des&hellip;\n","protected":false},"author":2,"featured_media":592626,"comment_status":"","ping_status":"","sticky":false,"template":"","format":"standard","meta":{"footnotes":""},"categories":[2819],"tags":[1111,11,2397,1777,674,1011,27,12,2401,882,25,4109,2216],"class_list":{"0":"post-592625","1":"post","2":"type-post","3":"status-publish","4":"format-standard","5":"has-post-thumbnail","7":"category-nice","8":"tag-actu","9":"tag-actualites","10":"tag-christian-estrosi","11":"tag-eu","12":"tag-europe","13":"tag-fr","14":"tag-france","15":"tag-news","16":"tag-nice","17":"tag-provence-alpes-cote-dazur","18":"tag-republique-francaise","19":"tag-tramway","20":"tag-transports-en-commun"},"share_on_mastodon":{"url":"https:\/\/pubeurope.com\/@fr\/115700544509519763","error":""},"_links":{"self":[{"href":"https:\/\/www.europesays.com\/fr\/wp-json\/wp\/v2\/posts\/592625","targetHints":{"allow":["GET"]}}],"collection":[{"href":"https:\/\/www.europesays.com\/fr\/wp-json\/wp\/v2\/posts"}],"about":[{"href":"https:\/\/www.europesays.com\/fr\/wp-json\/wp\/v2\/types\/post"}],"author":[{"embeddable":true,"href":"https:\/\/www.europesays.com\/fr\/wp-json\/wp\/v2\/users\/2"}],"replies":[{"embeddable":true,"href":"https:\/\/www.europesays.com\/fr\/wp-json\/wp\/v2\/comments?post=592625"}],"version-history":[{"count":0,"href":"https:\/\/www.europesays.com\/fr\/wp-json\/wp\/v2\/posts\/592625\/revisions"}],"wp:featuredmedia":[{"embeddable":true,"href":"https:\/\/www.europesays.com\/fr\/wp-json\/wp\/v2\/media\/592626"}],"wp:attachment":[{"href":"https:\/\/www.europesays.com\/fr\/wp-json\/wp\/v2\/media?parent=592625"}],"wp:term":[{"taxonomy":"category","embeddable":true,"href":"https:\/\/www.europesays.com\/fr\/wp-json\/wp\/v2\/categories?post=592625"},{"taxonomy":"post_tag","embeddable":true,"href":"https:\/\/www.europesays.com\/fr\/wp-json\/wp\/v2\/tags?post=592625"}],"curies":[{"name":"wp","href":"https:\/\/api.w.org\/{rel}","templated":true}]}}