{"id":592627,"date":"2025-12-11T10:50:13","date_gmt":"2025-12-11T10:50:13","guid":{"rendered":"https:\/\/www.europesays.com\/fr\/592627\/"},"modified":"2025-12-11T10:50:13","modified_gmt":"2025-12-11T10:50:13","slug":"le-depute-lfi-raphael-arnault-va-participer-a-une-reunion-publique","status":"publish","type":"post","link":"https:\/\/www.europesays.com\/fr\/592627\/","title":{"rendered":"le d\u00e9put\u00e9 LFI Rapha\u00ebl Arnault va participer \u00e0 une r\u00e9union publique"},"content":{"rendered":"<p>                    Par<br \/>\n        <strong><br \/>\n            <a href=\"https:\/\/actu.fr\/auteur\/laure-gentil\" title=\"Consulter tous les articles de Laure Gentil\" target=\"_blank\" rel=\"noopener\">Laure Gentil<\/a><br \/>\n                    <\/strong><\/p>\n<p>        Publi\u00e9 le<\/p>\n<p>            11 d\u00e9c. 2025 \u00e0 11h37        <\/p>\n<p><b>S\u00e9gol\u00e8ne Amiot <\/b>(LFI), d\u00e9put\u00e9e de la troisi\u00e8me circonscription de Loire-Atlantique, a annonc\u00e9 la venue de<b> Rapha\u00ebl Arnault\u00a0<\/b>(LFI), d\u00e9put\u00e9 de la premi\u00e8re circonscription du Vaucluse, dans le cadre d\u2019une r\u00e9union publique, ce vendredi 12 d\u00e9cembre 2025.\u00a0<\/p>\n<p>    <a href=\"https:\/\/www.facebook.com\/plugins\/post.php?href=https%3A%2F%2Fwww.facebook.com%2Fsegoleneamiot%2Fposts%2Fpfbid0DnnDQ4nKZdJjYzuwGvHJbfmPFFYh42jJ2nfqwLkpxJrcBsGrVn3ATW9XZo2bS1sPl&amp;show_text=true&amp;width=350\" title=\"Ouvrie le lien\" target=\"_blank\" rel=\"noopener\">Cliquez ici pour visualiser le contenu<\/a><\/p>\n<p>Lutter contre l\u2019extr\u00eame droite en Loire-Atlantique<\/p>\n<p class=\" wall-content\">Cette r\u00e9union est intitul\u00e9e \u00ab\u00a0<b>Antifascisme, antiracisme : lutter contre l\u2019extr\u00eame droite dans le 44\u2033.\u00a0<\/b>Elle doit se d\u00e9rouler \u00e0 18 h 30 au<b> <\/b>CSC Sillon de Bretagne <b>\u00e0 Saint-Herblain<\/b>.<\/p>\n<p class=\" wall-content\">Personnalisez votre actualit\u00e9 en ajoutant vos villes et m\u00e9dias en favori avec <a href=\"https:\/\/moncompte.actu.fr\" title=\"D\u00e9couvez Mon Actu\" rel=\"nofollow noopener\" data-trk=\"{&quot;cta&quot;:{&quot;action&quot;:&quot;https:\\\/\\\/moncompte.actu.fr&quot;,&quot;category&quot;:&quot;mon compte&quot;,&quot;from&quot;:&quot;article footer&quot;,&quot;name&quot;:&quot;Mon actu&quot;,&quot;type&quot;:&quot;cta&quot;}}\" target=\"_blank\">Mon Actu<\/a>.<\/p>\n","protected":false},"excerpt":{"rendered":"Par Laure Gentil Publi\u00e9 le 11 d\u00e9c. 2025 \u00e0 11h37 S\u00e9gol\u00e8ne Amiot (LFI), d\u00e9put\u00e9e de la troisi\u00e8me circonscription&hellip;\n","protected":false},"author":2,"featured_media":592628,"comment_status":"","ping_status":"","sticky":false,"template":"","format":"standard","meta":{"footnotes":""},"categories":[2818],"tags":[1111,11,1777,674,1011,27,1023,766,12,2636,316,25],"class_list":{"0":"post-592627","1":"post","2":"type-post","3":"status-publish","4":"format-standard","5":"has-post-thumbnail","7":"category-nantes","8":"tag-actu","9":"tag-actualites","10":"tag-eu","11":"tag-europe","12":"tag-fr","13":"tag-france","14":"tag-la-france-insoumise-lfi","15":"tag-nantes","16":"tag-news","17":"tag-pays-de-la-loire","18":"tag-politique","19":"tag-republique-francaise"},"share_on_mastodon":{"url":"https:\/\/pubeurope.com\/@fr\/115700552688427032","error":""},"_links":{"self":[{"href":"https:\/\/www.europesays.com\/fr\/wp-json\/wp\/v2\/posts\/592627","targetHints":{"allow":["GET"]}}],"collection":[{"href":"https:\/\/www.europesays.com\/fr\/wp-json\/wp\/v2\/posts"}],"about":[{"href":"https:\/\/www.europesays.com\/fr\/wp-json\/wp\/v2\/types\/post"}],"author":[{"embeddable":true,"href":"https:\/\/www.europesays.com\/fr\/wp-json\/wp\/v2\/users\/2"}],"replies":[{"embeddable":true,"href":"https:\/\/www.europesays.com\/fr\/wp-json\/wp\/v2\/comments?post=592627"}],"version-history":[{"count":0,"href":"https:\/\/www.europesays.com\/fr\/wp-json\/wp\/v2\/posts\/592627\/revisions"}],"wp:featuredmedia":[{"embeddable":true,"href":"https:\/\/www.europesays.com\/fr\/wp-json\/wp\/v2\/media\/592628"}],"wp:attachment":[{"href":"https:\/\/www.europesays.com\/fr\/wp-json\/wp\/v2\/media?parent=592627"}],"wp:term":[{"taxonomy":"category","embeddable":true,"href":"https:\/\/www.europesays.com\/fr\/wp-json\/wp\/v2\/categories?post=592627"},{"taxonomy":"post_tag","embeddable":true,"href":"https:\/\/www.europesays.com\/fr\/wp-json\/wp\/v2\/tags?post=592627"}],"curies":[{"name":"wp","href":"https:\/\/api.w.org\/{rel}","templated":true}]}}