{"id":592629,"date":"2025-12-11T10:51:46","date_gmt":"2025-12-11T10:51:46","guid":{"rendered":"https:\/\/www.europesays.com\/fr\/592629\/"},"modified":"2025-12-11T10:51:46","modified_gmt":"2025-12-11T10:51:46","slug":"hbc-nantes-psg-handball","status":"publish","type":"post","link":"https:\/\/www.europesays.com\/fr\/592629\/","title":{"rendered":"HBC Nantes \/ PSG Handball"},"content":{"rendered":"<p><strong>Pour le dernier match de la Saga XXL, le HBC Nantes re\u00e7oit le PSG Handball, le jeudi 18 d\u00e9cembre \u00e0 20h30, au Neodif XXL du Parc des Expositions de la Beaujoire, pour le choc de la J15 de Liqui Moly StarLigue.<\/strong><\/p>\n<p>\u00a0<\/p>\n<p>\u00a0<\/p>\n<p>\u00a0<\/p>\n<p>Nous rappelons \u00e0 nos abonn\u00e9s que\u00a0<strong>la carte d&rsquo;abonnement ne donne pas acc\u00e8s aux matchs au Neodif XXL<\/strong>. Tous les abonn\u00e9s doivent avoir\u00a0<strong>un billet pour ce match<\/strong>, r\u00e9cup\u00e9r\u00e9 sur notre billetterie en ligne en amont\u00a0(en digital sur smartphone ou en impression).<\/p>\n<p><a href=\"https:\/\/billetterie.hbcnantes.com\/fr\/product\/401\" target=\"_blank\" rel=\"noopener\"><img decoding=\"async\" src=\"https:\/\/www.europesays.com\/fr\/wp-content\/uploads\/2025\/12\/2526-xxl-psg-1920x600.jpg\"\/><\/a><\/p>\n<p>\u00a0<\/p>\n<p><a href=\"https:\/\/billetterie.hbcnantes.com\/fr\/product\/401\" target=\"_blank\" rel=\"noopener\">Je r\u00e9serve ma place<\/a><\/p>\n<p><strong>\u26a0\ufe0f Forte circulation pr\u00e9vue.<\/strong><\/p>\n<p><strong><img decoding=\"async\" src=\"https:\/\/www.europesays.com\/fr\/wp-content\/uploads\/2025\/12\/22-23-ehfcl-10-barca-0622.jpg\"\/><\/strong><\/p>\n<ul>&#13;<\/p>\n<li>Le Neodif XXL se situe au Parc des Expositions de la Beaujoire.<\/li>\n<p>&#13;<\/p>\n<li>Nous vous recommandons vivement d\u2019utiliser les transports en commun.<\/li>\n<p>&#13;<\/p>\n<li>Transports en commun gratuits 2h00 avant et 2h00 apr\u00e8s le match avec votre votre billet de match\u00a0<strong>(flotte de trams renforc\u00e9e, avec un tram au d\u00e9part de La Beaujoire Ligne 1, toutes les 10 min en apr\u00e8s match entre 22h19 et 22h49).<\/strong><\/li>\n<p>&#13;\n<\/ul>\n<p>Nous vous conseillons d&rsquo;arriver le plus t\u00f4t possible et d&rsquo;utiliser les transports en commun.<\/p>\n<ul>&#13;<\/p>\n<li><strong>Entr\u00e9e grand public au niveau du Forum (entr\u00e9e 1)<\/strong><\/li>\n<p>&#13;<\/p>\n<li>Parkings B2 et B3 r\u00e9serv\u00e9s aux d\u00e9tenteurs de billets parking<\/li>\n<p>&#13;<\/p>\n<li>Les autres parkings sont disponibles pour le grand public (B1\/B4\/ S)<\/li>\n<p>&#13;\n<\/ul>\n<p>\u00a0<\/p>\n<p>De nombreux points de restauration et bars seront disponibles au Neodif XXL dont notamment\u00a0:<\/p>\n<p>\ud83c\udf2dOffre de snacking :<\/p>\n<ul>&#13;<\/p>\n<li style=\"list-style-type: none;\">&#13;\n<ul>&#13;<\/p>\n<li>Hot dog<\/li>\n<p>&#13;<\/p>\n<li>Sandwichs<\/li>\n<p>&#13;<\/p>\n<li>Pinsas \/ Croques<\/li>\n<p>&#13;<\/p>\n<li>Vin chaud<\/li>\n<p>&#13;<\/p>\n<li>Bretzel<\/li>\n<p>&#13;<\/p>\n<li>Cookie<\/li>\n<p>&#13;\n<\/ul>\n<p>&#13;\n<\/li>\n<p>&#13;\n<\/ul>\n<p>\ud83c\udf7b\u00a0Offres de bi\u00e8res :<\/p>\n<ul>&#13;<\/p>\n<li><strong>Bi\u00e8re IPA Neizhan<\/strong><\/li>\n<p>&#13;<\/p>\n<li><strong>Bi\u00e8re blonde Krombacher<\/strong><\/li>\n<p>&#13;\n<\/ul>\n<p>Toutes nos bi\u00e8res sont disponibles en 25cl, 50cl.<\/p>\n<p><img decoding=\"async\" src=\"https:\/\/www.europesays.com\/fr\/wp-content\/uploads\/2025\/12\/plan-neodif-xxl.jpg\"\/><\/p>\n<p>\u00a0<\/p>\n<p>Pour celles et ceux ayant r\u00e9serv\u00e9 un menu en avant ou apr\u00e8s-match, la\u00a0<strong>Brasserie des Supporters se situe au niveau entre la Porte X et la Porte A<\/strong>\u00a0dans le Neodif XXL.<\/p>\n<p><strong>2 joueurs<\/strong>\u00a0viendront \u00e0 votre rencontre en apr\u00e8s-match.\u00a0<\/p>\n<p><img decoding=\"async\" src=\"https:\/\/www.europesays.com\/fr\/wp-content\/uploads\/2025\/12\/2526-ehfcl-10-kielce-00331.jpg\"\/><\/p>\n<p>Votre menu pour Paris<\/p>\n<p><strong>\ud83c\udf84 Menu de No\u00ebl\u00a0 (plat + dessert) : 19,50\u20ac<\/strong><\/p>\n<ul>&#13;<\/p>\n<li>Plat :<strong>\u00a0Planche d\u00e9gustative festive : foie gras, saumon, St Jacques, toast coppa ch\u00e8vre-miel, pic courgette-chorizo-crevette, fromage &#8230;<\/strong>\u00a0(liste non exhaustive pouvant \u00e9voluer selon arrivages)<\/li>\n<p>&#13;<\/p>\n<li>Dessert :<strong>\u00a0B\u00fbche de No\u00ebl<br \/><\/strong><\/li>\n<p>&#13;\n<\/ul>\n<p>\u00a0<\/p>\n<ul>&#13;<\/p>\n<li><strong>6 huitres : 9\u20ac<\/strong><\/li>\n<p>&#13;<\/p>\n<li><strong>12 huitres : 15\u20ac<\/strong><\/li>\n<p>&#13;\n<\/ul>\n<p><a href=\"https:\/\/billetterie.hbcnantes.com\/fr\/product\/483\/h_arena\/brasserie_hbc_nantes_vs._psg\" target=\"_blank\" rel=\"noopener\">\u27a1\ufe0f Je r\u00e9serve mon menu de No\u00ebl<\/a><\/p>\n<p>Grande planche mixte (charcuterie\/fromage) \u00e0 19\u20ac \u00e9galement disponible.<\/p>\n<p>\u00a0<\/p>\n<p>1\u20ac le premier verre mais pas de retour consigne possible. Toutes les infos\u00a0<a href=\"https:\/\/hbcnantes.com\/actualites\/saga-xxl-fonctionnement-verres-reutilisables\/\" target=\"_blank\" rel=\"noopener\">ici.<\/a><\/p>\n<p>Vous pouvez emmener votre propre \u00e9cocup HBC Nantes.<\/p>\n<p>\u00a0<\/p>\n<p><strong>3 boutiques seront mises en place au Neodif XXL<\/strong>. Vous y retrouverez tous les produits aux couleurs du HBC Nantes, pour vous \u00e9quiper avant le match ou pour anticiper vos achats de No\u00ebl. Elles seront situ\u00e9es :<\/p>\n<ul>&#13;<\/p>\n<li>Au niveau de l&rsquo;entr\u00e9e 1, proche de la porte F\/G.<\/li>\n<p>&#13;<\/p>\n<li>Au niveau de l&rsquo;entr\u00e9e entr\u00e9e 2, Bloc Sud, derri\u00e8re la porte G.<\/li>\n<p>&#13;<\/p>\n<li>La boutique mobile, derri\u00e8re le Bloc Nord Ouest, porte S.<\/li>\n<p>&#13;\n<\/ul>\n<p><strong>\ud83d\udc55 Le Flocage (personnalisation)<\/strong>\u00a0: possible juste \u00e0 c\u00f4t\u00e9 du Bar XXL (entre la porte F et G)<\/p>\n<p>\u00a0<\/p>\n<p><a href=\"https:\/\/boutique.hbcnantes.com\/fr\/\" target=\"_blank\" rel=\"noopener\"><img decoding=\"async\" src=\"https:\/\/www.europesays.com\/fr\/wp-content\/uploads\/2025\/12\/2526-maillot-xxl-1920x1080-header-1.jpg\"\/><\/a><\/p>\n<p>\u00a0<\/p>\n<p>Pour des raisons de s\u00e9curit\u00e9 et de pr\u00e9vention, les diff\u00e9rents organisateurs de cette Saga XXL demandent \u00e0 l&rsquo;int\u00e9gralit\u00e9 des supporters de\u00a0<strong>rester en position assise durant les phases de jeu<\/strong>, sur les trois matchs de cette \u00e9dition. Merci de votre compr\u00e9hension.<\/p>\n<p>\u00a0<\/p>\n<p>N&rsquo;h\u00e9sitez pas \u00e0 rejoindre les tribunes en avance.\u00a0<strong>Un show d&rsquo;avant-match vous sera propos\u00e9 d\u00e8s 20h15.<\/strong><\/p>\n<p><img decoding=\"async\" src=\"https:\/\/www.europesays.com\/fr\/wp-content\/uploads\/2025\/12\/2526-ehfcl-10-kielce-06255.jpg\"\/><\/p>\n<p>Possibilit\u00e9 de payer en Cashless (pas de recharge possible) &amp; en Carte bancaire.<\/p>\n<p>\u00a0<\/p>\n<p><img loading=\"lazy\" decoding=\"async\" src=\"https:\/\/www.europesays.com\/fr\/wp-content\/uploads\/2025\/12\/objects-interdits.JPG\" width=\"571\" height=\"807\"\/><\/p>\n<p>\u00a0<\/p>\n","protected":false},"excerpt":{"rendered":"Pour le dernier match de la Saga XXL, le HBC Nantes re\u00e7oit le PSG Handball, le jeudi 18&hellip;\n","protected":false},"author":2,"featured_media":592630,"comment_status":"","ping_status":"","sticky":false,"template":"","format":"standard","meta":{"footnotes":""},"categories":[2818],"tags":[1111,11,1777,674,1011,27,766,12,2636,25],"class_list":{"0":"post-592629","1":"post","2":"type-post","3":"status-publish","4":"format-standard","5":"has-post-thumbnail","7":"category-nantes","8":"tag-actu","9":"tag-actualites","10":"tag-eu","11":"tag-europe","12":"tag-fr","13":"tag-france","14":"tag-nantes","15":"tag-news","16":"tag-pays-de-la-loire","17":"tag-republique-francaise"},"share_on_mastodon":{"url":"https:\/\/pubeurope.com\/@fr\/115700557504927073","error":""},"_links":{"self":[{"href":"https:\/\/www.europesays.com\/fr\/wp-json\/wp\/v2\/posts\/592629","targetHints":{"allow":["GET"]}}],"collection":[{"href":"https:\/\/www.europesays.com\/fr\/wp-json\/wp\/v2\/posts"}],"about":[{"href":"https:\/\/www.europesays.com\/fr\/wp-json\/wp\/v2\/types\/post"}],"author":[{"embeddable":true,"href":"https:\/\/www.europesays.com\/fr\/wp-json\/wp\/v2\/users\/2"}],"replies":[{"embeddable":true,"href":"https:\/\/www.europesays.com\/fr\/wp-json\/wp\/v2\/comments?post=592629"}],"version-history":[{"count":0,"href":"https:\/\/www.europesays.com\/fr\/wp-json\/wp\/v2\/posts\/592629\/revisions"}],"wp:featuredmedia":[{"embeddable":true,"href":"https:\/\/www.europesays.com\/fr\/wp-json\/wp\/v2\/media\/592630"}],"wp:attachment":[{"href":"https:\/\/www.europesays.com\/fr\/wp-json\/wp\/v2\/media?parent=592629"}],"wp:term":[{"taxonomy":"category","embeddable":true,"href":"https:\/\/www.europesays.com\/fr\/wp-json\/wp\/v2\/categories?post=592629"},{"taxonomy":"post_tag","embeddable":true,"href":"https:\/\/www.europesays.com\/fr\/wp-json\/wp\/v2\/tags?post=592629"}],"curies":[{"name":"wp","href":"https:\/\/api.w.org\/{rel}","templated":true}]}}