{"id":592645,"date":"2025-12-11T11:02:32","date_gmt":"2025-12-11T11:02:32","guid":{"rendered":"https:\/\/www.europesays.com\/fr\/592645\/"},"modified":"2025-12-11T11:02:32","modified_gmt":"2025-12-11T11:02:32","slug":"apres-le-succes-de-2020-des-mairies-ecolos-dans-le-dur","status":"publish","type":"post","link":"https:\/\/www.europesays.com\/fr\/592645\/","title":{"rendered":"apr\u00e8s le succ\u00e8s de 2020, des mairies \u00e9colos dans le dur"},"content":{"rendered":"<p>Conserver les villes \u00e9cologistes et de gauche, mais aussi en conqu\u00e9rir un maximum de nouvelles. La feuille de route fix\u00e9e par Marine Tondelier, patronne des Verts, \u00e0 la rentr\u00e9e 2025, n\u2019a rien d\u2019une promenade de sant\u00e9. \u00c0 Lyon, le maire sortant Gr\u00e9gory Doucet est \u00e0 la peine dans les sondages, cr\u00e9dit\u00e9 de 27\u00a0% lorsque son adversaire Jean-Michel Aulas, ancien dirigeant de l\u2019OL, gravite \u00e0 47\u00a0%.<\/p>\n<p>Qu\u2019en est-il ailleurs\u00a0?<\/p>\n<p>\u00c0 <strong>Strasbourg<\/strong> , la maire \u00e9cologiste Jeanne Barseghian qui a pour point commun avec son homologue lyonnais de s\u2019\u00eatre emp\u00eatr\u00e9e dans une pol\u00e9mique de tout d\u00e9but de mandat &#8211; <a href=\"https:\/\/www.leprogres.fr\/politique\/2021\/04\/07\/strasbourg-pourquoi-la-subvention-accordee-a-la-mosquee-fait-elle-polemique\" target=\"_blank\" rel=\"noopener\">une subvention \u00e0 une mosqu\u00e9e<\/a> pour elle\/le d\u00e9nigrement du Tour de France pour lui &#8211; \u00e9tait donn\u00e9e \u00e0 19\u00a0% dans&#8230;<\/p>\n","protected":false},"excerpt":{"rendered":"Conserver les villes \u00e9cologistes et de gauche, mais aussi en conqu\u00e9rir un maximum de nouvelles. La feuille de&hellip;\n","protected":false},"author":2,"featured_media":592646,"comment_status":"","ping_status":"","sticky":false,"template":"","format":"standard","meta":{"footnotes":""},"categories":[1889],"tags":[1111,11,2430,2757,4188,1777,674,107,1011,27,3539,2428,2756,12,316,25,2429],"class_list":{"0":"post-592645","1":"post","2":"type-post","3":"status-publish","4":"format-standard","5":"has-post-thumbnail","7":"category-lyon","8":"tag-actu","9":"tag-actualites","10":"tag-auvergne-rhone-alpes","11":"tag-edition-lyon-villeurbanne","12":"tag-elections-municipales","13":"tag-eu","14":"tag-europe","15":"tag-fil-info","16":"tag-fr","17":"tag-france","18":"tag-les-ecologistes","19":"tag-lyon","20":"tag-lyon-bassin","21":"tag-news","22":"tag-politique","23":"tag-republique-francaise","24":"tag-rhone"},"share_on_mastodon":{"url":"https:\/\/pubeurope.com\/@fr\/115700599540354079","error":""},"_links":{"self":[{"href":"https:\/\/www.europesays.com\/fr\/wp-json\/wp\/v2\/posts\/592645","targetHints":{"allow":["GET"]}}],"collection":[{"href":"https:\/\/www.europesays.com\/fr\/wp-json\/wp\/v2\/posts"}],"about":[{"href":"https:\/\/www.europesays.com\/fr\/wp-json\/wp\/v2\/types\/post"}],"author":[{"embeddable":true,"href":"https:\/\/www.europesays.com\/fr\/wp-json\/wp\/v2\/users\/2"}],"replies":[{"embeddable":true,"href":"https:\/\/www.europesays.com\/fr\/wp-json\/wp\/v2\/comments?post=592645"}],"version-history":[{"count":0,"href":"https:\/\/www.europesays.com\/fr\/wp-json\/wp\/v2\/posts\/592645\/revisions"}],"wp:featuredmedia":[{"embeddable":true,"href":"https:\/\/www.europesays.com\/fr\/wp-json\/wp\/v2\/media\/592646"}],"wp:attachment":[{"href":"https:\/\/www.europesays.com\/fr\/wp-json\/wp\/v2\/media?parent=592645"}],"wp:term":[{"taxonomy":"category","embeddable":true,"href":"https:\/\/www.europesays.com\/fr\/wp-json\/wp\/v2\/categories?post=592645"},{"taxonomy":"post_tag","embeddable":true,"href":"https:\/\/www.europesays.com\/fr\/wp-json\/wp\/v2\/tags?post=592645"}],"curies":[{"name":"wp","href":"https:\/\/api.w.org\/{rel}","templated":true}]}}