{"id":592647,"date":"2025-12-11T11:04:17","date_gmt":"2025-12-11T11:04:17","guid":{"rendered":"https:\/\/www.europesays.com\/fr\/592647\/"},"modified":"2025-12-11T11:04:17","modified_gmt":"2025-12-11T11:04:17","slug":"tout-doit-se-faire-en-coherence-avec-jean-michel-aulas-et-les-57-autres-maires-de-la-metropole-de-lyon","status":"publish","type":"post","link":"https:\/\/www.europesays.com\/fr\/592647\/","title":{"rendered":"Tout doit se faire en coh\u00e9rence avec Jean-Michel Aulas et les 57 autres maires de la M\u00e9tropole de Lyon"},"content":{"rendered":"<p>Candidate aux \u00e9lections m\u00e9tropolitaines, la maire de Sainte-Foy-l\u00e8s-Lyon s&rsquo;est alli\u00e9e \u00e0 <a href=\"https:\/\/www.lyonmag.com\/profil-personnalite-lyonnaise\/8\/jean-michel-aulas\" target=\"_blank\" rel=\"noopener\">Jean-Michel Aulas<\/a>. <a href=\"https:\/\/www.lyonmag.com\/profil-personnalite-lyonnaise\/210\/veronique-sarselli\" target=\"_blank\" rel=\"noopener\">V\u00e9ronique Sarselli<\/a> salue \u00ab\u00a0l&rsquo;union d&rsquo;un chef d&rsquo;entreprise ambitieux pour sa ville et un collectif de maires qui connaissent bien le territoire\u00a0\u00bb.<\/p>\n<p>\u00ab\u00a0Tout doit se faire en coh\u00e9rence, comme avec les 57 autres communes de la M\u00e9tropole. Mais Lyon est la ville-centre, c&rsquo;est logique qu&rsquo;elle ait une place importante. Gr\u00e9gory Doucet est rest\u00e9 tr\u00e8s discret depuis 6 ans au conseil m\u00e9tropolitain\u00a0\u00bb, poursuit-elle.<\/p>\n<p>Apr\u00e8s l&rsquo;\u00e9pisode Etienne Blanc, la candidate Grand Coeur Lyonnais r\u00e9p\u00e8te qu&rsquo;elle ne fera \u00ab\u00a0pas d&rsquo;alliance avec les extr\u00eames. Et j&rsquo;aimerais bien que Bruno Bernard clarifie sa position avec LFI au second tour\u00a0\u00bb.<\/p>\n<p>Depuis des mois, les propositions de Jean-Michel Aulas ont fait tiquer \u00e0 droite. V\u00e9ronique Sarselli le promet, \u00ab\u00a0toutes les propositions seront travaill\u00e9es ensemble. Il faut retrouver un dialogue avec les maires. Certaines propositions de Jean-Michel Aulas seront accept\u00e9es, d&rsquo;autres ne le seront peut-\u00eatre pas\u00a0\u00bb.<\/p>\n<p><strong><a href=\"https:\/\/www.lyonmag.com\/category\/50\/les-coulisses-du-grand-lyon\" target=\"_blank\" rel=\"noopener\">Les Coulisses du Grand Lyon<\/a>\u00a0sont \u00e0 retrouver tous les jours \u00e0 12h sur LyonMag.com et sur\u00a0<a href=\"https:\/\/www.youtube.com\/channel\/UCepdRYTQt5vKtrz-CuaFzpg\" target=\"_blank\" rel=\"noopener\">la cha\u00eene Youtube de LyonMag<\/a>.<\/strong><\/p>\n<p>00:00 Alliance avec Jean-Michel Aulas<br \/>02:36 Rapprochement avec l&rsquo;extr\u00eame-droite ?<br \/>04:48 Propositions \u00e0 travailler avec JMA<br \/>10:00 Transports en commun<br \/>14:17 F\u00eate des Lumi\u00e8res<br \/>16:22 Culture<\/p>\n<p>            <a href=\"#\" class=\"back-page\" rel=\"back\">X<\/a><\/p>\n","protected":false},"excerpt":{"rendered":"Candidate aux \u00e9lections m\u00e9tropolitaines, la maire de Sainte-Foy-l\u00e8s-Lyon s&rsquo;est alli\u00e9e \u00e0 Jean-Michel Aulas. V\u00e9ronique Sarselli salue \u00ab\u00a0l&rsquo;union d&rsquo;un&hellip;\n","protected":false},"author":2,"featured_media":592648,"comment_status":"","ping_status":"","sticky":false,"template":"","format":"standard","meta":{"footnotes":""},"categories":[1889],"tags":[1111,11,2813,2190,2430,1109,251,1112,2811,1777,674,118,1011,27,1922,1110,1114,2428,2810,12,241,316,25,2812,517,800],"class_list":{"0":"post-592647","1":"post","2":"type-post","3":"status-publish","4":"format-standard","5":"has-post-thumbnail","7":"category-lyon","8":"tag-actu","9":"tag-actualites","10":"tag-article","11":"tag-asvel","12":"tag-auvergne-rhone-alpes","13":"tag-breves","14":"tag-culture","15":"tag-depeches","16":"tag-economique","17":"tag-eu","18":"tag-europe","19":"tag-faits-divers","20":"tag-fr","21":"tag-france","22":"tag-info","23":"tag-informations","24":"tag-infos","25":"tag-lyon","26":"tag-lyonmag","27":"tag-news","28":"tag-ol","29":"tag-politique","30":"tag-republique-francaise","31":"tag-sociale","32":"tag-sport","33":"tag-transports"},"share_on_mastodon":{"url":"https:\/\/pubeurope.com\/@fr\/115700607438304937","error":""},"_links":{"self":[{"href":"https:\/\/www.europesays.com\/fr\/wp-json\/wp\/v2\/posts\/592647","targetHints":{"allow":["GET"]}}],"collection":[{"href":"https:\/\/www.europesays.com\/fr\/wp-json\/wp\/v2\/posts"}],"about":[{"href":"https:\/\/www.europesays.com\/fr\/wp-json\/wp\/v2\/types\/post"}],"author":[{"embeddable":true,"href":"https:\/\/www.europesays.com\/fr\/wp-json\/wp\/v2\/users\/2"}],"replies":[{"embeddable":true,"href":"https:\/\/www.europesays.com\/fr\/wp-json\/wp\/v2\/comments?post=592647"}],"version-history":[{"count":0,"href":"https:\/\/www.europesays.com\/fr\/wp-json\/wp\/v2\/posts\/592647\/revisions"}],"wp:featuredmedia":[{"embeddable":true,"href":"https:\/\/www.europesays.com\/fr\/wp-json\/wp\/v2\/media\/592648"}],"wp:attachment":[{"href":"https:\/\/www.europesays.com\/fr\/wp-json\/wp\/v2\/media?parent=592647"}],"wp:term":[{"taxonomy":"category","embeddable":true,"href":"https:\/\/www.europesays.com\/fr\/wp-json\/wp\/v2\/categories?post=592647"},{"taxonomy":"post_tag","embeddable":true,"href":"https:\/\/www.europesays.com\/fr\/wp-json\/wp\/v2\/tags?post=592647"}],"curies":[{"name":"wp","href":"https:\/\/api.w.org\/{rel}","templated":true}]}}