{"id":592677,"date":"2025-12-11T11:25:13","date_gmt":"2025-12-11T11:25:13","guid":{"rendered":"https:\/\/www.europesays.com\/fr\/592677\/"},"modified":"2025-12-11T11:25:13","modified_gmt":"2025-12-11T11:25:13","slug":"grand-entretien-avec-fabrice-ribeyrolles-sur-le-rugby-feminin","status":"publish","type":"post","link":"https:\/\/www.europesays.com\/fr\/592677\/","title":{"rendered":"grand entretien avec Fabrice Ribeyrolles sur le rugby f\u00e9minin"},"content":{"rendered":"<p>                    Par<br \/>\n        <strong><br \/>\n            <a href=\"https:\/\/actu.fr\/auteur\/emilie-dudonfournier\" title=\"Consulter tous les articles de Emilie Dudon-Fournier\" target=\"_blank\" rel=\"noopener\">Emilie Dudon-Fournier<\/a><br \/>\n                    <\/strong><\/p>\n<p>        Publi\u00e9 le<\/p>\n<p>            11 d\u00e9c. 2025 \u00e0 6h32        <\/p>\n<p><strong>Fabrice Ribeyrolles<\/strong> a entam\u00e9 sa 11e saison \u00e0 la t\u00eate de l\u2019\u00e9quipe f\u00e9minine de Romagnat, renomm\u00e9e<strong> <a href=\"https:\/\/actu.fr\/tag\/asm-clermont-auvergne\" target=\"_blank\" rel=\"noopener\">ASM Clermont<\/a> f\u00e9minin<\/strong> en janvier 2025 apr\u00e8s un rapprochement progressif avec l\u2019entit\u00e9 masculine du club. <strong>Candidat au poste d\u2019entra\u00eeneur-s\u00e9lectionneur du<a href=\"https:\/\/actu.fr\/rugby\/xv-de-france\" target=\"_blank\" rel=\"noopener\"> XV de France<\/a><\/strong> il y a quelques semaines, l\u2019ancien coach de La Rochelle nous partage son <strong>exp\u00e9rience<\/strong> du <a href=\"https:\/\/actu.fr\/rugby\/feminines\" target=\"_blank\" rel=\"noopener\">rugby f\u00e9minin<\/a>, pourquoi il a choisi de quitter le rugby masculin ou encore comment il a r\u00e9agi quand il a appris que Fran\u00e7ois Ratier \u00e9tait le nouveau s\u00e9lectionneur. Entretien \u00e0 coeur ouvert.<\/p>\n<p><strong>L\u2019\u00e9tat du rugby f\u00e9minin 10 ans apr\u00e8s son arriv\u00e9e<\/strong><\/p>\n<p class=\" wall-content\"><strong>Vous entra\u00eenez les filles, ici en Auvergne, depuis 2015. Qu\u2019est-ce qui a chang\u00e9 en 10 ans ?<\/strong><\/p>\n<p class=\" wall-content\">Aujourd\u2019hui, on est deux entra\u00eeneurs (avec Vincent Fargeas, qui l\u2019a rejoint en 2018, NDLR). Il y a un pr\u00e9pa physique \u00e0 temps plein, un analyse vid\u00e9o, des stagiaires en pr\u00e9pa physique. On a des locaux dignes de ce nom, une salle vid\u00e9o, des salles de musculation \u00e0 disposition. <strong>On n\u2019est plus dans les vestiaires au sol pour faire la vid\u00e9o\u2026<\/strong> Il y a aussi une charg\u00e9e de communication, deux salari\u00e9s pour les U18. Le club \u00e9volue \u00e0 une vitesse importante mais sans griller les \u00e9tapes. <strong>On met les moyens pour la formation des filles<\/strong>, mais aussi pour qu\u2019elles soient \u00e9panouies et s\u2019entra\u00eenent dans les meilleures conditions possibles. C\u2019est vraiment l\u00e0-dessus qu\u2019on est focalis\u00e9 : sur la r\u00e9ussite des filles.<\/p>\n<p class=\" wall-content\"><strong>Vous avez aussi vu le championnat \u00e9voluer. Il y a eu la diffusion des matchs sur Canal+, puis le naming avec Axa cet automne. Mais <a href=\"https:\/\/actu.fr\/sports\/rugby\/feminines\/coupe-du-monde-historique-premier-naming-le-rugby-feminin-francais-a-t-il-vraiment-avance_63512695.html\" target=\"_blank\" rel=\"noopener\">les joueuses demandent encore plus de moyens<\/a> et ce championnat a beaucoup \u00e9t\u00e9 point\u00e9 du doigt apr\u00e8s la 4e place de l\u2019\u00e9quipe de France en Coupe du monde. Qu\u2019en dites-vous ?<\/strong><\/p>\n<p class=\" wall-content\">Ce qui est juste, c\u2019est qu\u2019<strong>il n\u2019y a pas assez de matchs \u00e0 haute intensit\u00e9 dans notre championnat.<\/strong> Les filles ne sont pas tr\u00e8s pr\u00e9par\u00e9es. Peut-\u00eatre faudrait-il aussi en r\u00e9partir certaines dans les diff\u00e9rents clubs. Un club, que je ne citerai pas, recrute beaucoup chez les jeunes\u2026 Et ce qui me g\u00eane, c\u2019est qu\u2019elles ne vont jamais jouer. Si on met 30 ou 40 filles \u00e0 potentiel dans un m\u00eame club, il n\u2019y en a que 23 qui jouent le week-end. Et les autres ?Il faut aussi donner des moyens suppl\u00e9mentaires aux clubs pour recruter des entra\u00eeneurs et que les filles s\u2019entra\u00eenent mieux. Je pense enfin qu\u2019avoir une philosophie de jeu collectif, o\u00f9 toutes les joueuses prennent du plaisir, est tr\u00e8s important \u00e9galement. <strong>Il n\u2019y a pas que du jeu d\u2019avants. <\/strong>\u00c7a aussi, \u00e7a me d\u00e9range un peu.<\/p>\n<p class=\" wall-content\"><strong>Comment \u00e7a ?<\/strong><\/p>\n<p class=\" wall-content\">Je ne dis pas qu\u2019on fait toujours du beau rugby \u00e0 Clermont mais on essaie au moins d\u2019avoir du jeu qui va plaire \u00e0 tout le monde, que ce soit les piliers et les aili\u00e8res. L\u2019an dernier, <strong>75% de nos essais \u00e9taient marqu\u00e9s par nos arri\u00e8res.<\/strong> Cela signifie qu\u2019on a un jeu quand m\u00eame assez attractif. C\u2019est important.<strong> Pour que l\u2019on soit m\u00e9diatis\u00e9, il faut que les gens viennent au stade et aient envie de venir voir les filles.<\/strong> Et pour venir voir les filles, il faut qu\u2019il y ait quelque chose de nouveau, de diff\u00e9rent des gar\u00e7ons. Aujourd\u2019hui, c\u2019est l\u2019\u00e9vitement.\u00a0<\/p>\n<blockquote class=\"ac-article-quote wall-content\">\n<p>\u00ab\u00a0Le jeu\u00a0 f\u00e9minin est tourn\u00e9 vers le contournement, vers le plaisir qu&rsquo;elles transmettent sur le terrain aux supporters. Vers cette envie de prendre des espaces, et pas toujours taper dans des murs. Je pense qu&rsquo;il y a un chemin \u00e0 trouver l\u00e0-dedans et tous les clubs pourraient s&rsquo;y retrouver aussi. Il y a encore du boulot. Pour l&rsquo;instant, je ne suis pas tr\u00e8s rassur\u00e9 sur l&rsquo;\u00e9volution de notre championnat\u00a0\u00bb.<\/p>\n<p>    <strong>Fabrice Ribeyrolles<\/strong><br \/>\n        Entra\u00eeneur de l&rsquo;\u00e9quipe f\u00e9minine de Clermont    <\/p><\/blockquote>\n<p class=\" wall-content\"><strong>Malgr\u00e9 le naming\u2026<\/strong><\/p>\n<p class=\" wall-content\">(il coupe) Le naming\u2026 Ouais, ok. Les partenaires viennent progressivement, mais<strong> je ne voudrais pas que \u00e7a fasse plouf.<\/strong> Il faudrait vraiment que le niveau de notre championnat \u00e9volue, que le niveau de jeu \u00e9volue, que le niveau de performance, d\u2019opposition \u00e9voluent aussi pour \u00eatre encore plus attractif.<\/p>\n<p>Votre r\u00e9gion, votre actu !<\/p>\n<p>Recevez chaque jour les infos qui comptent pour vous.<\/p>\n<p>\t<a href=\"https:\/\/actu.fr\/newsletter\" class=\"ac-btn ac-btn--corner ac-btn--medium ac-btn--blue800\" target=\"_blank\" rel=\"noopener\">S&rsquo;incrire<\/a><\/p>\n<p class=\" wall-content\"><strong>Et comment est-ce possible ?<\/strong><\/p>\n<p class=\" wall-content\">Comme je le disais, <strong>il faut r\u00e9partir certaines filles dans des clubs<\/strong>, donner la possibilit\u00e9 \u00e0 tout le monde d\u2019avoir du recrutement, mettre des moyens dans les clubs pour se structurer. Je ne dis pas que c\u2019est parfait ce qu\u2019on fait \u00e0 Clermont, mais je pense qu\u2019on met les filles dans les bonnes conditions. On est sur le physique, sur le rugby, on travaille avec un opticien, une podologue, un pr\u00e9pa mental. On met les moyens pour que les filles progressent, s\u2019\u00e9panouissent \u00e0 tous les niveaux, dans tous les domaines de la performance.\u00a0<\/p>\n<p>Les moyens de rivaliser avec les meilleures nations ?<\/p>\n<p class=\" wall-content\"><strong>On imagine que, quand vous avez postul\u00e9 au poste de s\u00e9lection dans l\u2019\u00e9quipe de France, vous aviez un projet tr\u00e8s d\u00e9fini. Que doit faire le rugby f\u00e9minin fran\u00e7ais pour \u00eatre champion du monde selon vous ?<\/strong><\/p>\n<p class=\" wall-content\">Mon axe de travail \u00e9tait bas\u00e9 sur des oppositions fortes. Les filles sous contrat, mais aussi celles \u00e0 potentiel. <strong>Ce n\u2019est pas en jouant trois matchs difficiles dans l\u2019ann\u00e9e qu\u2019on va \u00eatre capable de progresser, pour jouer des matchs de haute intensit\u00e9 comme contre l\u2019Angleterre ou la Nouvelle-Z\u00e9lande<\/strong>. Il aurait fallu des confrontations plus r\u00e9guli\u00e8res, des entra\u00eenements plus r\u00e9guliers. C\u2019est ce que j\u2019avais commenc\u00e9 \u00e0 soumettre.<strong> J\u2019en parlerai avec Fran\u00e7ois Ratier. On a une bonne relation,<\/strong> alors quand il viendra, on discutera de tout \u00e7a. On a \u00e9t\u00e9 concurrents tous les deux, on s\u2019envoie des petits messages (sourire). Mais mon objectif, c\u2019est que l\u2019\u00e9quipe de France performe. Parce que si elle performe, les clubs en sont b\u00e9n\u00e9ficiaires. Donc si je peux l\u2019aider, donner des id\u00e9es, ce sera avec plaisir.\u00a0<\/p>\n<p class=\" wall-content\"><strong>Et comment on fait \u00e7a ?<\/strong><\/p>\n<p class=\" wall-content\"><strong>J\u2019ai propos\u00e9 des stages par territoire, en prenant les filles sous contrat et \u00e0 fort potentiel,<\/strong> pour faire du 15-15 pendant deux jours \u00e0 haute intensit\u00e9. Afin de voir comment elles r\u00e9agissent face \u00e0 une opposition forte. Aujourd\u2019hui, le niveau du championnat fait que quand vous avez des internationales, vous gagnez m\u00eame si elles ne font pas un bon match\u2026 \u00c7a ne tire pas vers le haut. Mais quand on fait de l\u2019opposition forte, si on n\u2019est pas bonne, on voit imm\u00e9diatement qu\u2019on fait une erreur. <strong>C\u2019est important de travailler les gestes techniques sous pression<\/strong> et de ne pas de se dire : \u00ab\u00a0bon, ce n\u2019est pas grave si je perds la touche, on en aura d\u2019autres. On a d\u00e9j\u00e0 gagn\u00e9 de toute fa\u00e7on\u00a0\u00bb.<\/p>\n<p>    <img   decoding=\"async\" loading=\"lazy\" src=\"https:\/\/www.europesays.com\/fr\/wp-content\/uploads\/2025\/12\/iconsport-243445-0024-960x640.jpg\" alt=\"Les filles de l'\u00e9quipe de rugby f\u00e9minin de Clermont sont actuellement co-leaders de l'Elite 1 avec 6 victoires en 6 journ\u00e9es.\" width=\"960\" height=\"640\"\/><br \/>\n    Les filles de l\u2019\u00e9quipe de rugby f\u00e9minin de Clermont sont actuellement co-leaders de l\u2019Elite 1 avec 6 victoires en 6 journ\u00e9es. (\u00a9Icon Sport)Sa candidature au poste d\u2019entra\u00eeneur-s\u00e9lectionneur du XV de France<\/p>\n<p class=\" wall-content\"><strong>Comment avez-vous r\u00e9agi quand vous avez appris que le poste de s\u00e9lectionneur n\u2019\u00e9tait pas pour vous ?\u00a0<\/strong><\/p>\n<p class=\" wall-content\"><strong>J\u2019ai \u00e9t\u00e9 d\u00e9\u00e7u \u00e0 l\u2019annonce, mais vous savez, je ne pensais pas postuler au d\u00e9part.<\/strong> On m\u2019a dit : \u2018il faut que tu postules, tu es l\u00e9gitime\u00a0\u00bb. Je l\u2019ai fait et je me suis pris au jeu en rencontrant du monde, en appelant du monde \u00e0 la FFR, en rencontrant les gens des clubs pour commencer \u00e0 faire un projet, \u00e0 me faire une id\u00e9e. Et puis \u00e0 force de se prendre au jeu, on s\u2019imagine\u2026\u00a0<\/p>\n<blockquote class=\"ac-article-quote wall-content\">\n<p>\u00ab\u00a0C&rsquo;est vrai que quand Jean-Marc Lhermet m&rsquo;a appel\u00e9 pour me dire qu&rsquo;on \u00e9tait deux avec Fran\u00e7ois et que c&rsquo;est lui qui \u00e9tait retenu, j&rsquo;ai \u00e9t\u00e9 d\u00e9\u00e7u sur le coup. Mais apr\u00e8s, mes joueuses m&rsquo;ont dit qu&rsquo;elles ne voulaient pas que je parte. Au niveau familial et professionnel avec mon travail \u00e0 Jeunesse et Sport, ce sera plus plus simple \u00e0 g\u00e9rer aussi.\u00a0\u00bb<\/p>\n<p>    <strong>Fabrice Ribeyrolles<\/strong><br \/>\n        Entra\u00eeneur de l&rsquo;\u00e9quipe f\u00e9minine de Clermont    <\/p><\/blockquote>\n<p class=\" wall-content\"><strong>On vous sent soulag\u00e9 quelque part.<\/strong><\/p>\n<p class=\" wall-content\"><strong>Je me suis dit que ma place \u00e9tait ici finalement<\/strong>. J\u2019aurais vraiment eu mal au coeur de laisser les filles en cours de saison. J\u2019ai recrut\u00e9 des filles, ce n\u2019est pas pour leur dire \u00ab\u00a0bye-bye\u00a0\u00bb en janvier<strong>. J\u2019avais m\u00eame commenc\u00e9 \u00e0 demander \u00e0 la F\u00e9d\u00e9ration si je pouvais cumuler les 2 postes durant quelques mois.<\/strong> Cela aurait \u00e9t\u00e9 compliqu\u00e9 donc oui, je suis soulag\u00e9 \u00e0 ce niveau-l\u00e0. J\u2019aurais \u00e9t\u00e9 content d\u2019y aller mais je commen\u00e7ais d\u00e9j\u00e0 \u00e0 stresser des mois qui allaient arriver (sourire). Donc, je souhaite bon courage \u00e0 Fran\u00e7ois parce qu\u2019il y a tout \u00e0 mettre en place.<\/p>\n<p class=\" wall-content\"><strong>Apr\u00e8s 11 saisons \u00e0 Clermont, vous n\u2019aviez pas envie d\u2019aller voir ailleurs ?\u00a0<\/strong><\/p>\n<p class=\" wall-content\">Ce qui est int\u00e9ressant ici, c\u2019est que le club \u00e9volue chaque ann\u00e9e et qu\u2019on est \u00e0 la construction de cette \u00e9volution avec Vincent, Marie-Fran\u00e7oise Magignot, la Pr\u00e9sidente et moi-m\u00eame. Dans un an, la Cit\u00e9 du Rugby va voir le jour \u00e0 Clermont et on va va avoir une structure professionnelle. On a plein de projets. Le jour o\u00f9 il n\u2019y en aura plus, o\u00f9 \u00e7a roulera tout seul, je me dirais peut-\u00eatre que je peux m\u2019arr\u00eater<strong>. Je partirai quand le club sera en tr\u00e8s bonne position, bien assis au niveau national avec des structures dignes de ce nom et du projet \u00ab\u00a0One ASM\u00a0\u00bb.<\/strong> Donc il y a plein de choses positives qui arrivent aussi.<\/p>\n<p>La diff\u00e9rence entre coacher des filles et des gar\u00e7ons<\/p>\n<p class=\" wall-content\"><strong>Vous avez entra\u00een\u00e9 les gar\u00e7ons longtemps aussi, \u00e0 La Rochelle notamment (2011-2014). Qu\u2019est-ce qui est diff\u00e9rent chez les filles ?<\/strong><\/p>\n<p class=\" wall-content\">Il y a un truc magnifique avec elle, c\u2019est qu\u2019<strong>elles vous rendent ce que vous leur donnez.<\/strong> C\u2019est ce qui me pla\u00eet. Ce qui fait que je ne m\u2019essouffle pas, qu\u2019on essaie de renouveler les choses, que je suis tr\u00e8s attach\u00e9 \u00e0 elles. Elles aiment \u00eatre entra\u00een\u00e9es par une personne ou<br \/>deux. Elles n\u2019aiment pas quand \u00e7a change. Les gar\u00e7ons, ils peuvent \u00eatre avec Pierre, Paul, Jacques, ce n\u2019est pas un probl\u00e8me.<\/p>\n<blockquote class=\"ac-article-quote wall-content\">\n<p>\u00ab\u00a0Les filles, elles, ont besoin d&rsquo;avoir ce lien fort de confiance, de respect, d&rsquo;\u00e9coute. Aujourd&rsquo;hui, j&rsquo;ai cr\u00e9\u00e9 ce lien fort avec elles, et avec Vincent depuis maintenant 8 ans.\u00a0\u00bb<\/p>\n<p>    <strong>Fabrice Ribeyrolles<\/strong><br \/>\n        Entra\u00eeneur de l&rsquo;\u00e9quipe f\u00e9minine de Clermont    <\/p><\/blockquote>\n<p class=\" wall-content\"><strong>Un groupe f\u00e9minin se g\u00e8re-t-il diff\u00e9remment d\u2019un groupe masculin ?<\/strong><\/p>\n<p class=\" wall-content\">Ce n\u2019est pas simple tous les jours. Je retire beaucoup de positifs, mais<strong> il y a des moments o\u00f9 elles me fatiguent.<\/strong> J\u2019ai envie tout de tout envoyer balader quand il y a des histoires dans les vestiaires ou \u00a0des incompr\u00e9hensions. Mais c\u2019est comme dans la vie ! <strong>J\u2019ai v\u00e9cu avec les pros \u00e0 la Rochelle pendant 3 ans et ce n\u2019\u00e9tait pas simple non plus.<\/strong> La gestion des humains, ce n\u2019est pas facile de toute fa\u00e7on. Mais au moins, on a une passion commune. C\u2019est le rugby qui nous a r\u00e9unis. Elles sont venues au rugby par passion. Moi, <strong>je suis revenu dans le rugby f\u00e9minin par passion aussi.<\/strong><\/p>\n<p class=\" wall-content\"><strong>C\u2019est \u00e7a qui vous a amen\u00e9 \u00e0 entra\u00eener des filles apr\u00e8s votre exp\u00e9rience \u00e0 La Rochelle ?\u00a0<\/strong><\/p>\n<p class=\" wall-content\"><strong>J\u2019ai eu envie de retrouver le rugby simple, sans argent, sans agents, o\u00f9 on se r\u00e9unit autour du ballon parce qu\u2019on aime ce ballon.<\/strong> Et mon ami d\u2019enfance, David Courteix, qui a entra\u00een\u00e9 l\u2019\u00e9quipe de France \u00e0 7 f\u00e9minine, m\u2019a dit : \u00ab\u00a0Vas-y, tu vas te r\u00e9galer. C\u2019est comme quand on \u00e9tait jeunes, avec la m\u00eame passion !\u00a0\u00bb Et c\u2019est exactement \u00e7a.<\/p>\n<p class=\" wall-content\">Personnalisez votre actualit\u00e9 en ajoutant vos villes et m\u00e9dias en favori avec <a href=\"https:\/\/moncompte.actu.fr\" title=\"D\u00e9couvez Mon Actu\" rel=\"nofollow noopener\" data-trk=\"{&quot;cta&quot;:{&quot;action&quot;:&quot;https:\\\/\\\/moncompte.actu.fr&quot;,&quot;category&quot;:&quot;mon compte&quot;,&quot;from&quot;:&quot;article footer&quot;,&quot;name&quot;:&quot;Mon actu&quot;,&quot;type&quot;:&quot;cta&quot;}}\" target=\"_blank\">Mon Actu<\/a>.<\/p>\n","protected":false},"excerpt":{"rendered":"Par Emilie Dudon-Fournier Publi\u00e9 le 11 d\u00e9c. 2025 \u00e0 6h32 Fabrice Ribeyrolles a entam\u00e9 sa 11e saison \u00e0&hellip;\n","protected":false},"author":2,"featured_media":592678,"comment_status":"","ping_status":"","sticky":false,"template":"","format":"standard","meta":{"footnotes":""},"categories":[1416],"tags":[10980,12300,1011,27,3788,479,1468,60],"class_list":{"0":"post-592677","1":"post","2":"type-post","3":"status-publish","4":"format-standard","5":"has-post-thumbnail","7":"category-rugby","8":"tag-asm-clermont-auvergne","9":"tag-feminines","10":"tag-fr","11":"tag-france","12":"tag-pro","13":"tag-rugby","14":"tag-rugby-football","15":"tag-sports"},"share_on_mastodon":{"url":"https:\/\/pubeurope.com\/@fr\/115700691222151035","error":""},"_links":{"self":[{"href":"https:\/\/www.europesays.com\/fr\/wp-json\/wp\/v2\/posts\/592677","targetHints":{"allow":["GET"]}}],"collection":[{"href":"https:\/\/www.europesays.com\/fr\/wp-json\/wp\/v2\/posts"}],"about":[{"href":"https:\/\/www.europesays.com\/fr\/wp-json\/wp\/v2\/types\/post"}],"author":[{"embeddable":true,"href":"https:\/\/www.europesays.com\/fr\/wp-json\/wp\/v2\/users\/2"}],"replies":[{"embeddable":true,"href":"https:\/\/www.europesays.com\/fr\/wp-json\/wp\/v2\/comments?post=592677"}],"version-history":[{"count":0,"href":"https:\/\/www.europesays.com\/fr\/wp-json\/wp\/v2\/posts\/592677\/revisions"}],"wp:featuredmedia":[{"embeddable":true,"href":"https:\/\/www.europesays.com\/fr\/wp-json\/wp\/v2\/media\/592678"}],"wp:attachment":[{"href":"https:\/\/www.europesays.com\/fr\/wp-json\/wp\/v2\/media?parent=592677"}],"wp:term":[{"taxonomy":"category","embeddable":true,"href":"https:\/\/www.europesays.com\/fr\/wp-json\/wp\/v2\/categories?post=592677"},{"taxonomy":"post_tag","embeddable":true,"href":"https:\/\/www.europesays.com\/fr\/wp-json\/wp\/v2\/tags?post=592677"}],"curies":[{"name":"wp","href":"https:\/\/api.w.org\/{rel}","templated":true}]}}