{"id":592679,"date":"2025-12-11T11:26:15","date_gmt":"2025-12-11T11:26:15","guid":{"rendered":"https:\/\/www.europesays.com\/fr\/592679\/"},"modified":"2025-12-11T11:26:15","modified_gmt":"2025-12-11T11:26:15","slug":"wta-boisson-zappe-deux-exhibitions-sports","status":"publish","type":"post","link":"https:\/\/www.europesays.com\/fr\/592679\/","title":{"rendered":"WTA : Boisson zappe deux exhibitions : Sports"},"content":{"rendered":"<p class=\"date\">\n                                                            Aur\u00e9lie Sacchelli, Media365, publi\u00e9 le mercredi 10 d\u00e9cembre 2025 \u00e0 19h51\n                                                    <\/p>\n<p>Alors qu&rsquo;elle devait prendre part aux exhibitions de Bourg-de-P\u00e9age et de Caen ce week-end, Lois Boisson a d\u00e9cid\u00e9 d&rsquo;y renoncer afin de se concentrer sur sa pr\u00e9paration en vue de la tourn\u00e9e australienne.<\/p>\n<p>D\u00e9ception pour les fans de tennis dr\u00f4mois et caennais. Ce week-end, la n\u00b01 fran\u00e7aise et n\u00b036 mondiale Lo\u00efs Boisson devait disputer deux exhibitions \u00e0 Bourg-de-P\u00e9age et \u00e0 Caen, avec des matchs pr\u00e9vus contre la Roumaine Elena-Gabriel Ruse (28 ans, 88e) et la jeune Fran\u00e7aise Oph\u00e9lie Boullay (17 ans, 862e). Mais la demi-finaliste du dernier Roland-Garros a pr\u00e9f\u00e9r\u00e9 renoncer. \u00ab\u00a0<strong>Lo\u00efs Boisson est contrainte de renoncer \u00e0 sa participation \u00e0 l&rsquo;Open de Caen afin de poursuivre sa phase de r\u00e9cup\u00e9ration et de soins en vue de la tourn\u00e9e australienne.<\/strong> Elle ne pourra pas \u00eatre en comp\u00e9tition \u00e0 la mi-d\u00e9cembre mais esp\u00e8re faire son retour \u00e0 Caen fin 2026&Prime;, expliquent les organisateurs de l&rsquo;Open de Caen dans un communiqu\u00e9. Elle sera remplac\u00e9e par la Russe Anna Blinkova (61e).<\/p>\n<p>Apr\u00e8s la cuisse, le genou&#8230;<\/p>\n<p>Lo\u00efs Boisson (22 ans) n&rsquo;a plus jou\u00e9 en comp\u00e9tition depuis son abandon face \u00e0 Emma Navarro \u00e0 P\u00e9kin \u00e0 la fin du mois de septembre en raison d&rsquo;une blessure \u00e0 la cuisse. Fin novembre, en marge des Interclubs o\u00f9 elle aurait d\u00fb d\u00e9fendre les couleurs de Boulogne-Billancourt avant de renoncer,<strong> la Dijonnaise avait confi\u00e9 qu&rsquo;elle avait \u00ab\u00a0d\u00fb faire une petite PRP (injection de plasma) dans le genou pour enlever quelques petites douleurs\u00a0\u00bb.<\/strong> Depuis son magnifique Roland-Garros, Boisson a eu beaucoup de mal \u00e0 encha\u00eener les matchs en raison de diverses petites blessures (15 matchs en quatre mois).<\/p>\n<p>Rendez-vous le 5 janvier \u00e0 Perth<\/p>\n<p>Elle esp\u00e8re que son corps la laissera tranquille lors de la saison 2026, qu&rsquo;elle d\u00e9butera le 5 janvier \u00e0 l&rsquo;occasion de la United Cup \u00e0 Perth avec Arthur Rinderknech, avant d&rsquo;aller disputer son tout premier Open d&rsquo;Australie \u00e0 Melbourne. <strong>Lo\u00efs Boisson n&rsquo;a que 170 points \u00e0 d\u00e9fendre avant le prochain Roland-Garros (elle en compte actuellement 1351).<\/strong> A elle d&rsquo;en profiter pour continuer \u00e0 grimper au classement avant d&rsquo;arriver Porte d&rsquo;Auteuil, o\u00f9 elle aura une \u00e9norme pression sur les \u00e9paules (de la part du public et du point de vue du classement) en tant que demi-finaliste en titre. Le plus dur commence pour l&rsquo;une des r\u00e9v\u00e9lations de la saison 2025.<\/p>\n","protected":false},"excerpt":{"rendered":"Aur\u00e9lie Sacchelli, Media365, publi\u00e9 le mercredi 10 d\u00e9cembre 2025 \u00e0 19h51 Alors qu&rsquo;elle devait prendre part aux exhibitions&hellip;\n","protected":false},"author":2,"featured_media":592680,"comment_status":"","ping_status":"","sticky":false,"template":"","format":"standard","meta":{"footnotes":""},"categories":[1415],"tags":[1011,27,60,1467],"class_list":{"0":"post-592679","1":"post","2":"type-post","3":"status-publish","4":"format-standard","5":"has-post-thumbnail","7":"category-tennis","8":"tag-fr","9":"tag-france","10":"tag-sports","11":"tag-tennis"},"share_on_mastodon":{"url":"https:\/\/pubeurope.com\/@fr\/115700693936409953","error":""},"_links":{"self":[{"href":"https:\/\/www.europesays.com\/fr\/wp-json\/wp\/v2\/posts\/592679","targetHints":{"allow":["GET"]}}],"collection":[{"href":"https:\/\/www.europesays.com\/fr\/wp-json\/wp\/v2\/posts"}],"about":[{"href":"https:\/\/www.europesays.com\/fr\/wp-json\/wp\/v2\/types\/post"}],"author":[{"embeddable":true,"href":"https:\/\/www.europesays.com\/fr\/wp-json\/wp\/v2\/users\/2"}],"replies":[{"embeddable":true,"href":"https:\/\/www.europesays.com\/fr\/wp-json\/wp\/v2\/comments?post=592679"}],"version-history":[{"count":0,"href":"https:\/\/www.europesays.com\/fr\/wp-json\/wp\/v2\/posts\/592679\/revisions"}],"wp:featuredmedia":[{"embeddable":true,"href":"https:\/\/www.europesays.com\/fr\/wp-json\/wp\/v2\/media\/592680"}],"wp:attachment":[{"href":"https:\/\/www.europesays.com\/fr\/wp-json\/wp\/v2\/media?parent=592679"}],"wp:term":[{"taxonomy":"category","embeddable":true,"href":"https:\/\/www.europesays.com\/fr\/wp-json\/wp\/v2\/categories?post=592679"},{"taxonomy":"post_tag","embeddable":true,"href":"https:\/\/www.europesays.com\/fr\/wp-json\/wp\/v2\/tags?post=592679"}],"curies":[{"name":"wp","href":"https:\/\/api.w.org\/{rel}","templated":true}]}}