{"id":592681,"date":"2025-12-11T11:30:16","date_gmt":"2025-12-11T11:30:16","guid":{"rendered":"https:\/\/www.europesays.com\/fr\/592681\/"},"modified":"2025-12-11T11:30:16","modified_gmt":"2025-12-11T11:30:16","slug":"decathlon-cma-cgm-dt-leffectif-2026-actualite","status":"publish","type":"post","link":"https:\/\/www.europesays.com\/fr\/592681\/","title":{"rendered":"Decathlon CMA CGM DT : L&rsquo;effectif 2026 &#8211; Actualit\u00e9"},"content":{"rendered":"<p style=\"text-align: justify;\">Pour sa troisi\u00e8me saison dans les pelotons,\u00a0<strong><a href=\"https:\/\/www.directvelo.com\/equipe\/9713\/decathlon-ag2r-la-mondiale-dt\" target=\"_blank\" rel=\"noopener\">la Continentale Decathlon CMA CGM<\/a><\/strong> aura un effectif de treize \u00e9l\u00e9ments. Antoine L&rsquo;hote est le seul coureur \u00e0 passer de la r\u00e9serve \u00e0 la WorldTeam de Decathlon CMA CGM. Il sera rejoint dans un an par\u00a0<strong><a href=\"https:\/\/www.directvelo.com\/actualite\/124630\/aubin-sparfel-dans-le-worldtour-en-2027\" target=\"_blank\" rel=\"noopener\">Aubin Sparfel, d\u00e9sireux de refaire une saison en Espoirs<\/a><\/strong> avant de faire le grand saut. Du c\u00f4t\u00e9 des recrues, ils sont huit \u00e0 arriver au sein de la Conti fran\u00e7aise dont cinq qui sortent des rangs Juniors.<\/p>\n<p style=\"text-align: justify;\"><strong>L&rsquo;effectif 2026 de Decathlon CMA CGM DT :<\/strong><br \/>R\u00e9mi Arsac, 20 ans (Bourg-en-Bresse Ain Cyclisme)<br \/>Louic Boussemaere, 19 ans<br \/>Alexis Bouteloup, 18 ans (Team Avesnois Junior)<br \/>Louis Chaleil, 19 ans<br \/>Marius Innhaug Dahl, 19 ans<br \/>Kasper Haugland, 20 ans<br \/>Valentin Martinet, 18 ans (La Motte-Servolex Cyclisme Junior)<br \/>Conor Murphy, 18 ans (Caldwell Cycles)<br \/>Nate Pringle, 22 ans (Red Bull-BORA-Hansgrohe Rookies)<br \/>Braden Reitz, 18 ans (Decathlon AG2R La Mondiale U19 Team)<br \/>Aubin Sparfel, 19 ans<br \/>Liam Van Bylen, 20 ans (Lotto Development Team)<br \/>Th\u00e9ophile Vassal, 18 ans (Jura Cyclisme Junior)<\/p>\n<p>Les d\u00e9parts : Antoine L\u2019hote (Decathlon CMA-CGM Team), Arthur Blaise (Wagner Bazin), Pelle K\u00f6ster Mikkelsen (Airtox-Carl Ras), Daniel Weis Nielsen (BHS-PL B\u00e9ton Bornholm), Luis-Joe L\u00fchrs (Arr\u00eat), Ilian Alexandre Barhoumi (?), Matthew Greenwood (?).<\/p>\n<p>\u00a0<\/p>\n","protected":false},"excerpt":{"rendered":"Pour sa troisi\u00e8me saison dans les pelotons,\u00a0la Continentale Decathlon CMA CGM aura un effectif de treize \u00e9l\u00e9ments. Antoine&hellip;\n","protected":false},"author":2,"featured_media":592682,"comment_status":"","ping_status":"","sticky":false,"template":"","format":"standard","meta":{"footnotes":""},"categories":[1411],"tags":[834,828,836,829,837,827,83,826,824,823,1154,207,814,817,815,816,822,821,832,211,839,1011,27,820,818,819,835,831,830,833,838,60,212,208,825],"class_list":{"0":"post-592681","1":"post","2":"type-post","3":"status-publish","4":"format-standard","5":"has-post-thumbnail","7":"category-cyclisme","8":"tag-attaque","9":"tag-belgique","10":"tag-braquet","11":"tag-bretagne","12":"tag-chute","13":"tag-competition","14":"tag-coupe-de-france","15":"tag-coureur","16":"tag-course-cyclisme","17":"tag-course-cycliste","18":"tag-cycling","19":"tag-cyclisme","20":"tag-direct","21":"tag-direct-velo","22":"tag-directvelo","23":"tag-directvelo-com","24":"tag-epreuve","25":"tag-epreuve-cycliste","26":"tag-federation-francaise-de-cyclisme","27":"tag-ffc","28":"tag-flandres","29":"tag-fr","30":"tag-france","31":"tag-live","32":"tag-live-course","33":"tag-live-epreuve","34":"tag-peloton","35":"tag-radio-peloton","36":"tag-radio-tour","37":"tag-ravitaillement","38":"tag-relance","39":"tag-sports","40":"tag-uci","41":"tag-velo","42":"tag-velos"},"share_on_mastodon":{"url":"https:\/\/pubeurope.com\/@fr\/115700709664885261","error":""},"_links":{"self":[{"href":"https:\/\/www.europesays.com\/fr\/wp-json\/wp\/v2\/posts\/592681","targetHints":{"allow":["GET"]}}],"collection":[{"href":"https:\/\/www.europesays.com\/fr\/wp-json\/wp\/v2\/posts"}],"about":[{"href":"https:\/\/www.europesays.com\/fr\/wp-json\/wp\/v2\/types\/post"}],"author":[{"embeddable":true,"href":"https:\/\/www.europesays.com\/fr\/wp-json\/wp\/v2\/users\/2"}],"replies":[{"embeddable":true,"href":"https:\/\/www.europesays.com\/fr\/wp-json\/wp\/v2\/comments?post=592681"}],"version-history":[{"count":0,"href":"https:\/\/www.europesays.com\/fr\/wp-json\/wp\/v2\/posts\/592681\/revisions"}],"wp:featuredmedia":[{"embeddable":true,"href":"https:\/\/www.europesays.com\/fr\/wp-json\/wp\/v2\/media\/592682"}],"wp:attachment":[{"href":"https:\/\/www.europesays.com\/fr\/wp-json\/wp\/v2\/media?parent=592681"}],"wp:term":[{"taxonomy":"category","embeddable":true,"href":"https:\/\/www.europesays.com\/fr\/wp-json\/wp\/v2\/categories?post=592681"},{"taxonomy":"post_tag","embeddable":true,"href":"https:\/\/www.europesays.com\/fr\/wp-json\/wp\/v2\/tags?post=592681"}],"curies":[{"name":"wp","href":"https:\/\/api.w.org\/{rel}","templated":true}]}}