{"id":592685,"date":"2025-12-11T11:33:13","date_gmt":"2025-12-11T11:33:13","guid":{"rendered":"https:\/\/www.europesays.com\/fr\/592685\/"},"modified":"2025-12-11T11:33:13","modified_gmt":"2025-12-11T11:33:13","slug":"laura-smet-face-au-cancer-la-fille-de-johnny-temoigne-comme-rarement","status":"publish","type":"post","link":"https:\/\/www.europesays.com\/fr\/592685\/","title":{"rendered":"Laura Smet face au cancer : la fille de Johnny t\u00e9moigne comme rarement"},"content":{"rendered":"<p>Ce mercredi 10 d\u00e9cembre 2025, en prime time, M6 diffusait le fameux <strong>documentaire Hallyday par David<\/strong>. Une r\u00e9alisation sign\u00e9e Vanessa Antelme dans laquelle <a href=\"https:\/\/www.public.fr\/david-hallyday-son-cousin-a-joue-dans-friends\" rel=\"nofollow noopener\" target=\"_blank\">celui dont le cousin a obtenu un r\u00f4le dans la s\u00e9rie Friends<\/a> a notamment \u00e9voqu\u00e9 son <strong>enfance marqu\u00e9e par la notori\u00e9t\u00e9 de ses parents : <a href=\"https:\/\/www.public.fr\/tag\/johnny-hallyday\" rel=\"nofollow noopener\" target=\"_blank\">Johnny Hallyday<\/a> et Sylvie Vartan.\u00a0<\/strong><\/p>\n<p>Devant les cam\u00e9ras, le quinquag\u00e9naire n\u2019est pas le seul \u00e0 avoir pris la parole. Comme lui, sa s\u0153ur <a href=\"https:\/\/www.public.fr\/tag\/laura-smet\" rel=\"nofollow noopener\" target=\"_blank\">Laura Smet<\/a> s\u2019est aussi exprim\u00e9e. Et un passage de son t\u00e9moignage a particuli\u00e8rement \u00e9mu les t\u00e9l\u00e9spectateurs. L\u2019actrice et chanteuse est effectivement revenue sur <strong>la bataille de son paternel contre le cancer.<\/strong> Un combat qu\u2019il a visiblement men\u00e9 pendant sa tourn\u00e9e avec Les vieilles canailles\u00a0en 2017.\u00a0<\/p>\n<p>Laura Smet : \u00ab\u00a0La personne que j\u2019aimais le plus au monde\u00a0\u00bb<\/p>\n<p>\u00ab\u00a0<strong>Apr\u00e8s deux \u00e0 trois heures de sc\u00e8ne, malade, avec de l\u2019oxyg\u00e8ne&#8230; Je ne vais pas en parler pendant des heures, mais je ne l\u2019ai jamais vu se plaindre<\/strong>\u00ab\u00a0, a-t-elle confi\u00e9. \u00ab\u00a0<strong>Je l\u2019ai toujours vu faire les choses pour les autres. Donner du bonheur aux gens, donner, donner, donner\u00a0! On lui disait\u00a0:\u00a0&lsquo;Wouah, c\u2019est incroyable\u00a0!&rsquo;\u00a0Et il nous r\u00e9pondait\u00a0:\u00a0&lsquo;\u00c7a va, ne commencez pas\u00a0!&rsquo;\u00a0Il ne voulait pas que l\u2019on parle de lui<\/strong>\u00ab\u00a0.<\/p>\n<p>Lors de son entretien pour les besoins du documentaire, Laura Smet s\u2019est ensuite souvenue de la disparition du Taulier, survenu le 5 d\u00e9cembre 2017. \u00ab\u00a0<strong>Mon p\u00e8re \u00e9tait la personne que j\u2019aimais le plus au monde, que je respectais le plus et que j\u2019admirais le plus surtout. C\u2019\u00e9tait tr\u00e8s compliqu\u00e9&#8230; Il avait une \u00e2me incroyable, tr\u00e8s tr\u00e8s grande<\/strong>\u00ab\u00a0, a-t-elle d\u00e9clar\u00e9.\u00a0<\/p>\n<p>La maman de L\u00e9o est enfin revenue avec beaucoup d\u2019\u00e9motion sur cette p\u00e9riode particuli\u00e8rement \u00e9prouvante de sa vie. Ces \u00e9v\u00e9nements ont \u00e9galement profond\u00e9ment touch\u00e9 David Hallyday, qui a confi\u00e9 avoir v\u00e9cu cette \u00e9preuve avec un grand regret\u2026 Il n\u2019a en effet jamais eu l\u2019occasion de dire adieu au rockeur avant qu\u2019il ne rende son dernier souffle.<\/p>\n<p>\n          Hits &amp; People en continu\n        <\/p>\n<p>\n          Public Radio\n        <\/p>\n<p>      Mentionn\u00e9s dans cet article<\/p>\n<p>      Sur le m\u00eame sujet<\/p>\n","protected":false},"excerpt":{"rendered":"Ce mercredi 10 d\u00e9cembre 2025, en prime time, M6 diffusait le fameux documentaire Hallyday par David. Une r\u00e9alisation&hellip;\n","protected":false},"author":2,"featured_media":592686,"comment_status":"","ping_status":"","sticky":false,"template":"","format":"standard","meta":{"footnotes":""},"categories":[1359],"tags":[1300,58,1190,59,1011,27,1304,15910,494,973],"class_list":{"0":"post-592685","1":"post","2":"type-post","3":"status-publish","4":"format-standard","5":"has-post-thumbnail","7":"category-people","8":"tag-david-hallyday","9":"tag-divertissement","10":"tag-documentaire","11":"tag-entertainment","12":"tag-fr","13":"tag-france","14":"tag-johnny-hallyday","15":"tag-laura-smet","16":"tag-m6","17":"tag-people"},"share_on_mastodon":{"url":"https:\/\/pubeurope.com\/@fr\/115700721562628907","error":""},"_links":{"self":[{"href":"https:\/\/www.europesays.com\/fr\/wp-json\/wp\/v2\/posts\/592685","targetHints":{"allow":["GET"]}}],"collection":[{"href":"https:\/\/www.europesays.com\/fr\/wp-json\/wp\/v2\/posts"}],"about":[{"href":"https:\/\/www.europesays.com\/fr\/wp-json\/wp\/v2\/types\/post"}],"author":[{"embeddable":true,"href":"https:\/\/www.europesays.com\/fr\/wp-json\/wp\/v2\/users\/2"}],"replies":[{"embeddable":true,"href":"https:\/\/www.europesays.com\/fr\/wp-json\/wp\/v2\/comments?post=592685"}],"version-history":[{"count":0,"href":"https:\/\/www.europesays.com\/fr\/wp-json\/wp\/v2\/posts\/592685\/revisions"}],"wp:featuredmedia":[{"embeddable":true,"href":"https:\/\/www.europesays.com\/fr\/wp-json\/wp\/v2\/media\/592686"}],"wp:attachment":[{"href":"https:\/\/www.europesays.com\/fr\/wp-json\/wp\/v2\/media?parent=592685"}],"wp:term":[{"taxonomy":"category","embeddable":true,"href":"https:\/\/www.europesays.com\/fr\/wp-json\/wp\/v2\/categories?post=592685"},{"taxonomy":"post_tag","embeddable":true,"href":"https:\/\/www.europesays.com\/fr\/wp-json\/wp\/v2\/tags?post=592685"}],"curies":[{"name":"wp","href":"https:\/\/api.w.org\/{rel}","templated":true}]}}