{"id":592687,"date":"2025-12-11T11:34:14","date_gmt":"2025-12-11T11:34:14","guid":{"rendered":"https:\/\/www.europesays.com\/fr\/592687\/"},"modified":"2025-12-11T11:34:14","modified_gmt":"2025-12-11T11:34:14","slug":"montech-un-hymne-a-la-vie-et-aux-couleurs-a-la-galaria","status":"publish","type":"post","link":"https:\/\/www.europesays.com\/fr\/592687\/","title":{"rendered":"Montech. Un hymne \u00e0 la vie et aux couleurs \u00e0 la Galaria"},"content":{"rendered":"<p>Une exposition en hommage \u00e0 la vie \u00e0 la Galaria avec les \u0153uvres color\u00e9es de Fabienne Bosco-Lacoste. La derni\u00e8re exposition de l\u2019ann\u00e9e pr\u00e9sente les \u0153uvres d\u2019une passionn\u00e9e de la couleur, qui pr\u00e9f\u00e8re l\u2019acrylique \u00e0 l\u2019huile, \u00ab\u00a0car je n\u2019ai pas la patience d\u2019attendre que \u00e7a s\u00e8che\u00a0\u00bb, pr\u00e9cise l\u2019artiste en souriant.<\/p>\n<p>Cette amatrice \u00e9clair\u00e9e a commenc\u00e9 \u00e0 peindre en 2012, au gr\u00e9 de ses envies, et pour se changer les id\u00e9es durant une p\u00e9riode un peu compliqu\u00e9e de sa vie. Des sports de ses enfants, la danse, l\u2019aviron ou encore le rugby ; les voyages familiaux, sont une source d\u2019inspiration, notamment les animaux qui nous font vivre un v\u00e9ritable safari. Le contemporain a \u00e9galement fait de l\u2019\u0153il \u00e0 l\u2019artiste qui a choisi de r\u00e9aliser diff\u00e9rentes toiles \u00e9labor\u00e9es en plusieurs \u00e9tapes. \u00ab\u00a0Avec le contemporain, je peux dessiner, dans un premier temps, des lignes droites, puis je peins par-dessus, c\u2019est un confort impossible dans les autres styles.\u00a0\u00bb Faire cette exposition \u00e0 la demande de Marie-Anne Arakelian, adjointe \u00e0 la culture de la ville de Montech, a permis \u00e0 Fabienne de retrouver l\u2019envie de peindre apr\u00e8s avoir connu des probl\u00e8mes de sant\u00e9. \u00ab\u00a0Cette expo est un moment empreint d\u2019\u00e9motions, et pour 2026, j\u2019ai le souhait de renouer avec une sant\u00e9 retrouv\u00e9e, je per\u00e7ois la beaut\u00e9 des choses simples de la vie.\u00a0\u00bb<\/p>\n<p>Partez explorer la Galaria (21, rue de l\u2019Usine) pour un \u00ab\u00a0Voyage en couleurs\u00a0\u00bb, de Fabienne Bosco-Lacoste, sur l\u2019ancien site de la papeterie, jusqu\u2019au 26 d\u00e9cembre, de 9 heures \u00e0 12 heures et de 14 heures \u00e0 18 heures les mardi, mercredi et vendredi (fermeture le jeudi) et de 9 heures \u00e0 12 heures et de 14 heures \u00e0 17 heures le samedi.<\/p>\n","protected":false},"excerpt":{"rendered":"Une exposition en hommage \u00e0 la vie \u00e0 la Galaria avec les \u0153uvres color\u00e9es de Fabienne Bosco-Lacoste. La&hellip;\n","protected":false},"author":2,"featured_media":592688,"comment_status":"","ping_status":"","sticky":false,"template":"","format":"standard","meta":{"footnotes":""},"categories":[1358],"tags":[1348,1384,1385,872,1386,58,59,1349,1011,27,70574,36586],"class_list":{"0":"post-592687","1":"post","2":"type-post","3":"status-publish","4":"format-standard","5":"has-post-thumbnail","7":"category-arts-et-design","8":"tag-arts","9":"tag-arts-and-design","10":"tag-arts-et-design","11":"tag-culture-et-loisirs","12":"tag-design","13":"tag-divertissement","14":"tag-entertainment","15":"tag-expositions","16":"tag-fr","17":"tag-france","18":"tag-montech","19":"tag-tarn-et-garonne"},"share_on_mastodon":{"url":"https:\/\/pubeurope.com\/@fr\/115700725381420845","error":""},"_links":{"self":[{"href":"https:\/\/www.europesays.com\/fr\/wp-json\/wp\/v2\/posts\/592687","targetHints":{"allow":["GET"]}}],"collection":[{"href":"https:\/\/www.europesays.com\/fr\/wp-json\/wp\/v2\/posts"}],"about":[{"href":"https:\/\/www.europesays.com\/fr\/wp-json\/wp\/v2\/types\/post"}],"author":[{"embeddable":true,"href":"https:\/\/www.europesays.com\/fr\/wp-json\/wp\/v2\/users\/2"}],"replies":[{"embeddable":true,"href":"https:\/\/www.europesays.com\/fr\/wp-json\/wp\/v2\/comments?post=592687"}],"version-history":[{"count":0,"href":"https:\/\/www.europesays.com\/fr\/wp-json\/wp\/v2\/posts\/592687\/revisions"}],"wp:featuredmedia":[{"embeddable":true,"href":"https:\/\/www.europesays.com\/fr\/wp-json\/wp\/v2\/media\/592688"}],"wp:attachment":[{"href":"https:\/\/www.europesays.com\/fr\/wp-json\/wp\/v2\/media?parent=592687"}],"wp:term":[{"taxonomy":"category","embeddable":true,"href":"https:\/\/www.europesays.com\/fr\/wp-json\/wp\/v2\/categories?post=592687"},{"taxonomy":"post_tag","embeddable":true,"href":"https:\/\/www.europesays.com\/fr\/wp-json\/wp\/v2\/tags?post=592687"}],"curies":[{"name":"wp","href":"https:\/\/api.w.org\/{rel}","templated":true}]}}