{"id":592689,"date":"2025-12-11T11:36:15","date_gmt":"2025-12-11T11:36:15","guid":{"rendered":"https:\/\/www.europesays.com\/fr\/592689\/"},"modified":"2025-12-11T11:36:15","modified_gmt":"2025-12-11T11:36:15","slug":"vive-les-sales-connes-une-vedette-de-la-star-academy-rejoint-le-mouvement-suite-aux-propos-polemiques-de-brigitte-macron-au-show-dary-abittan","status":"publish","type":"post","link":"https:\/\/www.europesays.com\/fr\/592689\/","title":{"rendered":"\u00ab\u00a0Vive les sales connes\u00a0!\u00a0\u00bb: Une vedette de la \u00ab\u00a0Star Academy\u00a0\u00bb rejoint le mouvement suite aux propos pol\u00e9miques de Brigitte Macron au show d&rsquo;Ary Abittan"},"content":{"rendered":"<p><a href=\"https:\/\/www.dhnet.be\/actu\/monde\/2025\/12\/10\/une-artiste-que-tu-adores-est-accusee-de-violences-sexuelles-voici-comment-se-comporter-le-tutoriel-de-lassociation-dis-bonjour-sale-pute-3KMBCCCDKVCP5AIPVMS7DHM7DU\/\" target=\"_self\" class=\"ap-StoryInterstitialLink ap-StoryElement ap-StoryElement--mb\" rel=\"noopener\">\u00ab\u00a0Un(e) artiste que tu adores est accus\u00e9(e) de violences sexuelles ? Voici comment se comporter\u00a0\u00bb : le tutoriel de l&rsquo;association \u00ab\u00a0Dis bonjour sale pute\u00a0\u00bb<\/a><\/p>\n<p class=\"ap-StoryElement ap-StoryElement--mb ap-StoryText\">Derni\u00e8re personnalit\u00e9 en date qui fait parler d&rsquo;elle : une ancienne candidate de la \u00ab\u00a0Star Academy\u00a0\u00bb\u2026 Marguerite.<\/p>\n<p class=\"ap-StoryElement ap-StoryElement--mb ap-StoryText\">Sacr\u00e9e r\u00e9v\u00e9lation de l&rsquo;ann\u00e9e lors de la c\u00e9r\u00e9monie des T\u00eatu 2025, l&rsquo;interpr\u00e8te de \u00ab\u00a0Les filles, les meufs\u00a0\u00bb a d\u00e9clar\u00e9 en fin de discours tr\u00e8s applaudi : \u00ab\u00a0Vives les filles, les femmes, les meufs et les sales connes.\u00a0\u00bb<\/p>\n<p class=\"ap-StoryElement ap-StoryElement--mb ap-StoryText\">Une s\u00e9quence, en r\u00e9f\u00e9rence \u00e0 son tube, qui commence \u00e0 faire le buzz sur les r\u00e9seaux sociaux.<\/p>\n<p><a href=\"https:\/\/www.dhnet.be\/actu\/monde\/2025\/12\/10\/la-reinsertion-dune-personnalite-publique-est-plus-compliquee-voici-comment-les-stars-tentent-de-gerer-la-justice-populaire-qui-a-le-dernier-mot-QELPSVMCTJDZVPDEDLF42IMCZY\/\" target=\"_self\" class=\"ap-StoryInterstitialLink ap-StoryElement ap-StoryElement--mb\" rel=\"noopener\">\u00ab\u00a0La r\u00e9insertion d&rsquo;une personnalit\u00e9 publique est plus compliqu\u00e9e\u00a0\u00bb : voici comment les stars tentent de g\u00e9rer la justice populaire qui a \u00ab\u00a0le dernier mot\u00a0\u00bb<\/a><\/p>\n","protected":false},"excerpt":{"rendered":"\u00ab\u00a0Un(e) artiste que tu adores est accus\u00e9(e) de violences sexuelles ? Voici comment se comporter\u00a0\u00bb : le tutoriel&hellip;\n","protected":false},"author":2,"featured_media":592690,"comment_status":"","ping_status":"","sticky":false,"template":"","format":"standard","meta":{"footnotes":""},"categories":[1356],"tags":[57709,70575,58,59,1011,27,70578,70577,5095,252,1364,70576],"class_list":{"0":"post-592689","1":"post","2":"type-post","3":"status-publish","4":"format-standard","5":"has-post-thumbnail","7":"category-television","8":"tag-anouk","9":"tag-brackelaire","10":"tag-divertissement","11":"tag-entertainment","12":"tag-fr","13":"tag-france","14":"tag-philippe-ponthir","15":"tag-prof-de-chant","16":"tag-star-academy","17":"tag-television","18":"tag-tv","19":"tag-wanzoise"},"share_on_mastodon":{"url":"https:\/\/pubeurope.com\/@fr\/115700733470816742","error":""},"_links":{"self":[{"href":"https:\/\/www.europesays.com\/fr\/wp-json\/wp\/v2\/posts\/592689","targetHints":{"allow":["GET"]}}],"collection":[{"href":"https:\/\/www.europesays.com\/fr\/wp-json\/wp\/v2\/posts"}],"about":[{"href":"https:\/\/www.europesays.com\/fr\/wp-json\/wp\/v2\/types\/post"}],"author":[{"embeddable":true,"href":"https:\/\/www.europesays.com\/fr\/wp-json\/wp\/v2\/users\/2"}],"replies":[{"embeddable":true,"href":"https:\/\/www.europesays.com\/fr\/wp-json\/wp\/v2\/comments?post=592689"}],"version-history":[{"count":0,"href":"https:\/\/www.europesays.com\/fr\/wp-json\/wp\/v2\/posts\/592689\/revisions"}],"wp:featuredmedia":[{"embeddable":true,"href":"https:\/\/www.europesays.com\/fr\/wp-json\/wp\/v2\/media\/592690"}],"wp:attachment":[{"href":"https:\/\/www.europesays.com\/fr\/wp-json\/wp\/v2\/media?parent=592689"}],"wp:term":[{"taxonomy":"category","embeddable":true,"href":"https:\/\/www.europesays.com\/fr\/wp-json\/wp\/v2\/categories?post=592689"},{"taxonomy":"post_tag","embeddable":true,"href":"https:\/\/www.europesays.com\/fr\/wp-json\/wp\/v2\/tags?post=592689"}],"curies":[{"name":"wp","href":"https:\/\/api.w.org\/{rel}","templated":true}]}}