{"id":59269,"date":"2025-04-28T12:55:09","date_gmt":"2025-04-28T12:55:09","guid":{"rendered":"https:\/\/www.europesays.com\/fr\/59269\/"},"modified":"2025-04-28T12:55:09","modified_gmt":"2025-04-28T12:55:09","slug":"18-kilos-de-cocaine-decouverts-a-bord-du-vehicule-dun-jeune-couple","status":"publish","type":"post","link":"https:\/\/www.europesays.com\/fr\/59269\/","title":{"rendered":"18 kilos de coca\u00efne d\u00e9couverts \u00e0 bord du v\u00e9hicule d\u2019un jeune couple"},"content":{"rendered":"<p>La voiture, immatricul\u00e9e dans le Nord (59), avait attir\u00e9 l\u2019attention des agents de la BAC alors qu\u2019elle circulait en zigzag sur l\u2019autoroute A8, en direction de l\u2019Italie, dans la nuit de samedi \u00e0 dimanche.<\/p>\n<p class=\"fig-paragraph\">Bonne pioche. Dans la nuit de samedi \u00e0 dimanche, une patrouille de la brigade anticriminalit\u00e9 (BAC) de Nice (Alpes-Maritimes) a proc\u00e9d\u00e9 au contr\u00f4le d\u2019un v\u00e9hicule au niveau du\u00a0<a href=\"http:\/\/www.lefigaro.fr\/nice\/nice-le-prix-du-peage-saint-isidore-n-augmentera-pas-en-fevrier-20230123\" data-fig-type=\"Article\" data-gtm-custom-categorie=\"navigation\" data-gtm-custom-action=\"crossclick\" data-gtm-custom-label=\"Contextuel\" data-gtm-event=\"customEventSPE\" data-fig-domain=\"LEFIGARO\" rel=\"nofollow noopener\" target=\"_blank\">p\u00e9age Saint Isidore<\/a>, \u00e0 l\u2019ouest de la capitale azur\u00e9enne. La Peugeot, immatricul\u00e9e dans le Nord (59), avait attir\u00e9 l\u2019attention des fonctionnaires alors qu\u2019elle circulait en zigzag sur\u00a0<a href=\"http:\/\/www.lefigaro.fr\/nice\/c-est-inacceptable-a-nice-un-employe-d-autoroute-percute-par-un-motard-sur-l-a8-le-chauffard-en-fuite-20241213\" data-fig-type=\"NewsFlash\" data-gtm-custom-categorie=\"navigation\" data-gtm-custom-action=\"crossclick\" data-gtm-custom-label=\"Contextuel\" data-gtm-event=\"customEventSPE\" data-fig-domain=\"LEFIGARO\" rel=\"nofollow noopener\" target=\"_blank\">l\u2019autoroute A8<\/a>, en direction de\u00a0<a href=\"http:\/\/www.lefigaro.fr\/voyages\/dossier\/voyager-en-train-en-italie-itineraires-idees-et-conseils\" data-fig-type=\"Topic\" data-gtm-custom-categorie=\"navigation\" data-gtm-custom-action=\"crossclick\" data-gtm-custom-label=\"Contextuel\" data-gtm-event=\"customEventSPE\" data-fig-domain=\"LEFIGARO\" rel=\"nofollow noopener\" target=\"_blank\">l\u2019Italie<\/a>.<\/p>\n<p class=\"fig-paragraph\">\u00c0 son bord, un couple de jeunes trentenaires et, surtout, 18 kilos de\u00a0<a href=\"http:\/\/sante.lefigaro.fr\/medecine\/un-medicament-offre-une-premiere-piste-prometteuse-contre-l-addiction-a-la-cocaine-20250409\" data-fig-type=\"Article\" data-gtm-custom-categorie=\"navigation\" data-gtm-custom-action=\"crossclick\" data-gtm-custom-label=\"Contextuel\" data-gtm-event=\"customEventSPE\" data-fig-domain=\"SANTE\" rel=\"nofollow noopener\" target=\"_blank\">coca\u00efne<\/a>. Les deux tourtereaux ont aussit\u00f4t \u00e9t\u00e9 interpell\u00e9s et plac\u00e9s en garde \u00e0 vue au commissariat central de la ville, la caserne Auvare. \u00abC\u2019est une tr\u00e8s belle prise des agents de la BAC nuit. C\u2019est s\u00fbr que cette marchandise va manquer \u00e0 quelqu\u2019un&#8230;\u00bb, observe une source polici\u00e8re locale.<\/p>\n<p class=\"fig-paragraph\">En 2024, 3,3 tonnes de stup\u00e9fiants ont \u00e9t\u00e9 intercept\u00e9es dans les Alpes-Maritimes, dont 192 kg de\u00a0<a href=\"http:\/\/sante.lefigaro.fr\/medecine\/un-medicament-offre-une-premiere-piste-prometteuse-contre-l-addiction-a-la-cocaine-20250409\" target=\"_blank\" data-fig-type=\"Article\" rel=\"noopener nofollow\" data-gtm-custom-categorie=\"navigation\" data-gtm-custom-action=\"crossclick\" data-gtm-custom-label=\"Contextuel\" data-gtm-event=\"customEventSPE\" data-fig-domain=\"SANTE\">coca\u00efne<\/a>\u00a0\u2013 un record. Une lutte intensive face \u00e0 des fili\u00e8res toujours plus structur\u00e9es.<\/p>\n","protected":false},"excerpt":{"rendered":"La voiture, immatricul\u00e9e dans le Nord (59), avait attir\u00e9 l\u2019attention des agents de la BAC alors qu\u2019elle circulait&hellip;\n","protected":false},"author":2,"featured_media":59270,"comment_status":"","ping_status":"","sticky":false,"template":"","format":"standard","meta":{"footnotes":""},"categories":[2819],"tags":[1111,11,2898,2829,2971,2972,2973,3993,2974,1777,674,2975,6017,1011,27,2969,2970,2987,2980,12,2401,2897,2976,2977,2978,2985,2986,2979,2981,2982,2983,2984,2991,2992,2993,2994,2996,2997,2998,2999,3000,3001,3002,2995,3003,3004,3005,3007,2268,882,25,2988,2989,2990,2968,887,3006],"class_list":{"0":"post-59269","1":"post","2":"type-post","3":"status-publish","4":"format-standard","5":"has-post-thumbnail","7":"category-nice","8":"tag-actu","9":"tag-actualites","10":"tag-alpes-maritimes","11":"tag-baumettes","12":"tag-carabacel","13":"tag-caucade","14":"tag-cimiez","15":"tag-cocaine","16":"tag-cremat","17":"tag-eu","18":"tag-europe","19":"tag-fabron","20":"tag-fait-divers","21":"tag-fr","22":"tag-france","23":"tag-larenas","24":"tag-lariane","25":"tag-le-ray","26":"tag-lingostiere","27":"tag-news","28":"tag-nice","29":"tag-nice-cote-dazur","30":"tag-nice-gairaut","31":"tag-nice-gambetta","32":"tag-nice-jean-medecin","33":"tag-nice-le-piol","34":"tag-nice-le-port","35":"tag-nice-liberation","36":"tag-nice-magnan","37":"tag-nice-mantega-mont-boron","38":"tag-nice-pasteur","39":"tag-nice-pessicart","40":"tag-nice-rue-de-france","41":"tag-nice-saint-antoine","42":"tag-nice-saint-augustin","43":"tag-nice-saint-isidore","44":"tag-nice-saint-maurice","45":"tag-nice-saint-pancrace","46":"tag-nice-saint-philippe","47":"tag-nice-saint-pierre-de-feric","48":"tag-nice-saint-roch","49":"tag-nice-saint-roman-de-bellet","50":"tag-nice-saint-sylvestre","51":"tag-nice-sainte-marguerite","52":"tag-nice-thiers","53":"tag-nice-ventabrun","54":"tag-nice-vernier","55":"tag-nice-vinaigrier","56":"tag-ogc-nice","57":"tag-provence-alpes-cote-dazur","58":"tag-republique-francaise","59":"tag-rimiez","60":"tag-riquier","61":"tag-roquebilliere","62":"tag-sud-est","63":"tag-trafic-de-drogue","64":"tag-vieux-nice"},"share_on_mastodon":{"url":"","error":"Validation failed: Text character limit of 500 exceeded"},"_links":{"self":[{"href":"https:\/\/www.europesays.com\/fr\/wp-json\/wp\/v2\/posts\/59269","targetHints":{"allow":["GET"]}}],"collection":[{"href":"https:\/\/www.europesays.com\/fr\/wp-json\/wp\/v2\/posts"}],"about":[{"href":"https:\/\/www.europesays.com\/fr\/wp-json\/wp\/v2\/types\/post"}],"author":[{"embeddable":true,"href":"https:\/\/www.europesays.com\/fr\/wp-json\/wp\/v2\/users\/2"}],"replies":[{"embeddable":true,"href":"https:\/\/www.europesays.com\/fr\/wp-json\/wp\/v2\/comments?post=59269"}],"version-history":[{"count":0,"href":"https:\/\/www.europesays.com\/fr\/wp-json\/wp\/v2\/posts\/59269\/revisions"}],"wp:featuredmedia":[{"embeddable":true,"href":"https:\/\/www.europesays.com\/fr\/wp-json\/wp\/v2\/media\/59270"}],"wp:attachment":[{"href":"https:\/\/www.europesays.com\/fr\/wp-json\/wp\/v2\/media?parent=59269"}],"wp:term":[{"taxonomy":"category","embeddable":true,"href":"https:\/\/www.europesays.com\/fr\/wp-json\/wp\/v2\/categories?post=59269"},{"taxonomy":"post_tag","embeddable":true,"href":"https:\/\/www.europesays.com\/fr\/wp-json\/wp\/v2\/tags?post=59269"}],"curies":[{"name":"wp","href":"https:\/\/api.w.org\/{rel}","templated":true}]}}