{"id":592691,"date":"2025-12-11T11:37:13","date_gmt":"2025-12-11T11:37:13","guid":{"rendered":"https:\/\/www.europesays.com\/fr\/592691\/"},"modified":"2025-12-11T11:37:13","modified_gmt":"2025-12-11T11:37:13","slug":"cela-devient-pathetique-rahim-redcar-vivement-critique-par-les-internautes-apres-une-prestation-dans-une-brasserie-video","status":"publish","type":"post","link":"https:\/\/www.europesays.com\/fr\/592691\/","title":{"rendered":"\u00ab\u00a0Cela devient path\u00e9tique\u00a0\u00bb\u00a0: Rahim Redcar vivement critiqu\u00e9 par les internautes apr\u00e8s une prestation dans une brasserie (vid\u00e9o)"},"content":{"rendered":"<p class=\"ap-StoryElement ap-StoryElement--mb ap-StoryText\">Le mois dernier, Rahim Redcar a perform\u00e9 \u00e0 la brasserie Wepler, un restaurant parisien, \u00e0 l&rsquo;occasion de la c\u00e9r\u00e9monie de remise du prix Wepler. Dans la vid\u00e9o partag\u00e9e sur TikTok par Pure People, on voit le chanteur reprendre son tube \u00ab\u00a0Saint-Claude\u00a0\u00bb, sorti en 2014, v\u00eatu d&rsquo;un large costume noir. Tr\u00e8s vite, de nombreux commentaires ont fait leur apparition sous les images, comme l&rsquo;indique Demotivateur. Si certains d&rsquo;entre eux saluent les qualit\u00e9s vocales de l&rsquo;artiste, la plupart soulignent plut\u00f4t \u00ab\u00a0sa chute\u00a0\u00bb.<\/p>\n<p>Les internautes ne sont pas tendres avec Rahim Redcar<\/p>\n<p class=\"ap-StoryElement ap-StoryElement--mb ap-StoryText\">Plusieurs utilisateurs de TikTok ont, une nouvelle fois, comment\u00e9 l&rsquo;identit\u00e9 de l&rsquo;artiste, beaucoup exprimant <a href=\"https:\/\/www.parismatch.be\/actualites\/people\/2025\/10\/01\/on-dit-le-chanteur-on-est-en-2025-rahim-c-redcar-anciennement-christine-and-the-queens-recadre-un-fan-qui-se-meprend-sur-son-genre-video-LHW7SABJZFGJBCG2MTOZ5V6RVQ\/\" target=\"_self\" rel=\"noopener\">leur incompr\u00e9hension face au genre \u00e0 utiliser pour le nommer<\/a>. Mais au-del\u00e0 de ce sujet, c&rsquo;est le lieu dans lequel Rahim Redcar s&rsquo;est produit qui a attir\u00e9 l&rsquo;attention. \u00ab\u00a0\u00c0 un moment donn\u00e9, il faut arr\u00eater car l\u00e0 cela devient path\u00e9tique\u00a0\u00bb, peut-on par exemple lire. \u00ab\u00a0Wahou la chute ! On croirait une parodie une blague\u2026 C&rsquo;est vraiment la grosse descente l\u00e0\u00a0\u00bb, \u00ab\u00a0On l&rsquo;attend prochainement sur le parking du Lidl de Dijon ! Venez nombreux\u00a0\u00bb. Des commentaires qui ne semblent pas emp\u00eacher l&rsquo;artiste de prendre plaisir lorsqu&rsquo;il se produit devant ses auditeurs.<\/p>\n<p><a href=\"https:\/\/www.parismatch.be\/actualites\/people\/2025\/12\/10\/marion-cotillard-judith-godreche-anouchka-delon-les-stars-repondent-aux-propos-polemiques-de-brigitte-macron-RGLMENEJLBF4VIDOZ2G6723CVM\/\" target=\"_self\" class=\"ap-StoryInterstitialLink ap-StoryElement ap-StoryElement--mb\" rel=\"noopener\">Marion Cotillard, Judith Godr\u00e8che, Anouchka Delon\u2026 les stars r\u00e9pondent aux propos pol\u00e9miques de Brigitte Macron<\/a><\/p>\n","protected":false},"excerpt":{"rendered":"Le mois dernier, Rahim Redcar a perform\u00e9 \u00e0 la brasserie Wepler, un restaurant parisien, \u00e0 l&rsquo;occasion de la&hellip;\n","protected":false},"author":2,"featured_media":592692,"comment_status":"","ping_status":"","sticky":false,"template":"","format":"standard","meta":{"footnotes":""},"categories":[1355],"tags":[2593,4305,24805,7257,58,59,1011,27,3850,1361,873,3032,70579,133],"class_list":{"0":"post-592691","1":"post","2":"type-post","3":"status-publish","4":"format-standard","5":"has-post-thumbnail","7":"category-musique","8":"tag-artiste","9":"tag-brasserie","10":"tag-christine-and-the-queens","11":"tag-critique","12":"tag-divertissement","13":"tag-entertainment","14":"tag-fr","15":"tag-france","16":"tag-genre","17":"tag-music","18":"tag-musique","19":"tag-prestation","20":"tag-rahim-redcar","21":"tag-video"},"share_on_mastodon":{"url":"https:\/\/pubeurope.com\/@fr\/115700737353377185","error":""},"_links":{"self":[{"href":"https:\/\/www.europesays.com\/fr\/wp-json\/wp\/v2\/posts\/592691","targetHints":{"allow":["GET"]}}],"collection":[{"href":"https:\/\/www.europesays.com\/fr\/wp-json\/wp\/v2\/posts"}],"about":[{"href":"https:\/\/www.europesays.com\/fr\/wp-json\/wp\/v2\/types\/post"}],"author":[{"embeddable":true,"href":"https:\/\/www.europesays.com\/fr\/wp-json\/wp\/v2\/users\/2"}],"replies":[{"embeddable":true,"href":"https:\/\/www.europesays.com\/fr\/wp-json\/wp\/v2\/comments?post=592691"}],"version-history":[{"count":0,"href":"https:\/\/www.europesays.com\/fr\/wp-json\/wp\/v2\/posts\/592691\/revisions"}],"wp:featuredmedia":[{"embeddable":true,"href":"https:\/\/www.europesays.com\/fr\/wp-json\/wp\/v2\/media\/592692"}],"wp:attachment":[{"href":"https:\/\/www.europesays.com\/fr\/wp-json\/wp\/v2\/media?parent=592691"}],"wp:term":[{"taxonomy":"category","embeddable":true,"href":"https:\/\/www.europesays.com\/fr\/wp-json\/wp\/v2\/categories?post=592691"},{"taxonomy":"post_tag","embeddable":true,"href":"https:\/\/www.europesays.com\/fr\/wp-json\/wp\/v2\/tags?post=592691"}],"curies":[{"name":"wp","href":"https:\/\/api.w.org\/{rel}","templated":true}]}}