{"id":592693,"date":"2025-12-11T11:38:20","date_gmt":"2025-12-11T11:38:20","guid":{"rendered":"https:\/\/www.europesays.com\/fr\/592693\/"},"modified":"2025-12-11T11:38:20","modified_gmt":"2025-12-11T11:38:20","slug":"supergirl-soffre-un-teaser-plein-de-promesses-et-une-affiche-avant-la-bande-annonce","status":"publish","type":"post","link":"https:\/\/www.europesays.com\/fr\/592693\/","title":{"rendered":"Supergirl s&rsquo;offre un teaser plein de promesses et une affiche avant la bande-annonce"},"content":{"rendered":"<p><strong>Ce sera le plus gros \u00e9v\u00e9nement cin\u00e9ma du DCU l\u2019ann\u00e9e prochaine, le film <a href=\"https:\/\/www.ecranlarge.com\/films\/1465788-supergirl-woman-of-tomorrow\" data-type=\"films\" data-id=\"795515\" target=\"_blank\" rel=\"noopener\">Supergirl <\/a>(anciennement Supergirl : Woman of Tomorrow), port\u00e9 par <a href=\"https:\/\/www.ecranlarge.com\/personnalite\/1386485-milly-alcock\" data-type=\"people\" data-id=\"621740\" target=\"_blank\" rel=\"noopener\">Milly \u00ab\u00a0House of the Dragon\u00a0\u00bb Alcock<\/a>, vient de recevoir une nouvelle affiche in\u00e9dite et un teaser promettant une vir\u00e9e galactique.<\/strong><\/p>\n<p>Si l\u2019annonce sismique du <a href=\"https:\/\/www.ecranlarge.com\/films\/news\/warner-rachete-netflix-harry-potter-dc-game-of-thrones\" data-type=\"link\" data-id=\"https:\/\/www.ecranlarge.com\/films\/news\/warner-rachete-netflix-harry-potter-dc-game-of-thrones\" target=\"_blank\" rel=\"noopener\">rachat de Warner Bros., et par extension de la branche DC Studios, par le g\u00e9ant Netflix<\/a> a fait l\u2019effet d\u2019une bombe thermonucl\u00e9aire dans le paysage audiovisuel, les architectes du nouvel univers DC ne comptent pas se laisser distraire.<a href=\"https:\/\/www.ecranlarge.com\/films\/news\/dcu-danger-warner-netflix-james-gunn\" data-type=\"link\" data-id=\"https:\/\/www.ecranlarge.com\/films\/news\/dcu-danger-warner-netflix-james-gunn\" target=\"_blank\" rel=\"noopener\"> James Gunn, copr\u00e9sident de DC Studios, est d\u2019ailleurs mont\u00e9 au cr\u00e9neau pour rassurer<\/a> les foules. Malgr\u00e9 les secousses, la feuille de route du DCU est intacte. Les plans pour les mois et ann\u00e9es \u00e0 venir ne sont pas affect\u00e9s et la machine cr\u00e9ative continue de tourner \u00e0 plein r\u00e9gime, imperturbable face aux fusions-acquisitions.<\/p>\n<p>                    <img decoding=\"async\" alt=\"\" class=\"wp-image-518375\" style=\"object-fit:cover;width:25px;height:25px\" src=\"https:\/\/www.ecranlarge.com\/content\/uploads\/2023\/09\/arrow-right-circle.svg\"\/><\/p>\n<p>Et cet avenir aura surtout un parfum prononc\u00e9 d\u2019aventure spatiale et cosmique. Une orientation qui se confirmera d\u2019abord sur le petit \u00e9cran avec la tr\u00e8s attendue <a href=\"https:\/\/www.ecranlarge.com\/series\/news\/lanterns-nouveaux-details-serie-dc-buddy-movie\" data-type=\"link\" data-id=\"https:\/\/www.ecranlarge.com\/series\/news\/lanterns-nouveaux-details-serie-dc-buddy-movie\" target=\"_blank\" rel=\"noopener\"><strong>Lanterns<\/strong>, sorte de <strong>True Detective<\/strong> intergalactique doubl\u00e9 d\u2019un buddy movie policier<\/a>. Mais c\u2019est dans les salles obscures que le virage sera s\u00fbrement le plus spectaculaire avec <strong>Supergirl<\/strong>. En attendant la bande-annonce compl\u00e8te qui ne devrait plus tarder, <strong>le studio a l\u00e2ch\u00e9 un premier teaser et une affiche qui donnent le ton<\/strong> : Kara Zor-El n\u2019est pas l\u00e0 pour copier son tr\u00e8s sage cousin.<\/p>\n<p>Supergirl, Blondie, baston et gueule de bois cosmique<\/p>\n<p>Ce premier teaser, bien que frustrant par sa bri\u00e8vet\u00e9, a le m\u00e9rite de poser <strong>une ambiance imm\u00e9diate bien plus rock\u2019n\u2019roll que celle de Superman<\/strong>. On d\u00e9couvre Milly Alcock, casque de Walkman viss\u00e9 sur les oreilles, se laissant aller \u00e0 une petite danse nonchalante au rythme du mythique <strong>Call Me<\/strong> de Blondie. <\/p>\n<p>Une introduction pop qui bascule rapidement vers l\u2019action pure. On y voit l\u2019h\u00e9ro\u00efne s\u2019envoler vers la stratosph\u00e8re, passage oblig\u00e9 pour tout membre de la Super-family qui se respecte, avant de la retrouver dans un cadre beaucoup moins h\u00e9ro\u00efque, dans un bar malfam\u00e9, en train de s\u2019envoyer un cocktail flamb\u00e9 (Cucaracha ou Blue Blazer, l\u2019histoire ne le dit pas encore, mais la mod\u00e9ration semble optionnelle). Le tout avant d\u2019\u00eatre menac\u00e9e par ce qui ressemble \u00e0 une escouade de mercenaires de l\u2019espace.<\/p>\n<p><a href=\"https:\/\/www.ecranlarge.com\/content\/uploads\/2025\/12\/supergirl-trailer-teaser-superman-james-gunn-millie-alcock-1.jpg\" target=\"_blank\" rel=\"noopener\"><\/p>\n<p><img loading=\"lazy\" decoding=\"async\" alt=\"\" src=\"https:\/\/www.europesays.com\/fr\/wp-content\/uploads\/2025\/12\/supergirl-trailer-teaser-superman-james-gunn-millie-alcock-1-1260x709.jpg\" width=\"1260\" height=\"709\"  \/><\/p>\n<p><\/a>Extrait du pr\u00e9c\u00e9dent teaser<\/p>\n<p>Pour enfoncer le clou de la campagne de promo, James Gunn a \u00e9galement d\u00e9voil\u00e9 une nouvelle affiche qui risque de finir sur pas mal de murs de chambre. On y d\u00e9couvre une Milly Alcock imp\u00e9riale, v\u00eatue d\u2019un long manteau marron, mains nonchalamment fourr\u00e9es dans les poches et lunettes de soleil sur le nez, posant devant le logo iconique de la maison El. <\/p>\n<p>Mais c\u2019est le slogan qui marque le plus : \u00ab\u00a0Truth. Justice. Whatever.\u00a0\u00bb (\u00ab\u00a0La V\u00e9rit\u00e9. La Justice. On s\u2019en tape\u00ab\u00a0). Une reprise cynique de la devise l\u00e9gendaire de Superman (V\u00e9rit\u00e9, Justice et un avenir meilleur) qui confirme que cette version de Kara, inspir\u00e9e du comics de Tom King, est une survivante blas\u00e9e qui a vu mourir sa plan\u00e8te, contrairement \u00e0 son cousin \u00e9lev\u00e9 dans les champs de ma\u00efs du Kansas.<\/p>\n<p><img loading=\"lazy\" decoding=\"async\" width=\"1080\" height=\"1350\" alt=\"\" src=\"https:\/\/www.europesays.com\/fr\/wp-content\/uploads\/2025\/12\/downloadgram.org_597921651_18545204980030253_6224346438112294496_n.jpg\"  \/><\/p>\n<p><strong>Supergirl <\/strong>ne jouera pas petit bras c\u00f4t\u00e9 casting. Outre Milly Alcock, le film aligne Eve Ridley en Ruthye Marye Knoll, Matthias Schoenaerts en Krem des Collines d\u2019Ocre, et David Krumholtz en Zor-El. La cerise sur le g\u00e2teau radioactif reste la pr\u00e9sence de Jason Momoa. L\u2019ancien Aquaman change de cr\u00e9merie au sein du m\u00eame univers pour incarner Lobo, le chasseur de primes czarnien. <\/p>\n<p>Bas\u00e9 sur un sc\u00e9nario sign\u00e9 Ana Nogueira, le film <strong>Supergirl a une date de sortie cal\u00e9e au 24 juin 2026 en France<\/strong>. Vivement la bande-annonce compl\u00e8te.<\/p>\n","protected":false},"excerpt":{"rendered":"Ce sera le plus gros \u00e9v\u00e9nement cin\u00e9ma du DCU l\u2019ann\u00e9e prochaine, le film Supergirl (anciennement Supergirl : Woman&hellip;\n","protected":false},"author":2,"featured_media":592694,"comment_status":"","ping_status":"","sticky":false,"template":"","format":"standard","meta":{"footnotes":""},"categories":[1354],"tags":[58,59,1346,1011,27,1360],"class_list":{"0":"post-592693","1":"post","2":"type-post","3":"status-publish","4":"format-standard","5":"has-post-thumbnail","7":"category-films","8":"tag-divertissement","9":"tag-entertainment","10":"tag-films","11":"tag-fr","12":"tag-france","13":"tag-movies"},"share_on_mastodon":{"url":"https:\/\/pubeurope.com\/@fr\/115700743271280499","error":""},"_links":{"self":[{"href":"https:\/\/www.europesays.com\/fr\/wp-json\/wp\/v2\/posts\/592693","targetHints":{"allow":["GET"]}}],"collection":[{"href":"https:\/\/www.europesays.com\/fr\/wp-json\/wp\/v2\/posts"}],"about":[{"href":"https:\/\/www.europesays.com\/fr\/wp-json\/wp\/v2\/types\/post"}],"author":[{"embeddable":true,"href":"https:\/\/www.europesays.com\/fr\/wp-json\/wp\/v2\/users\/2"}],"replies":[{"embeddable":true,"href":"https:\/\/www.europesays.com\/fr\/wp-json\/wp\/v2\/comments?post=592693"}],"version-history":[{"count":0,"href":"https:\/\/www.europesays.com\/fr\/wp-json\/wp\/v2\/posts\/592693\/revisions"}],"wp:featuredmedia":[{"embeddable":true,"href":"https:\/\/www.europesays.com\/fr\/wp-json\/wp\/v2\/media\/592694"}],"wp:attachment":[{"href":"https:\/\/www.europesays.com\/fr\/wp-json\/wp\/v2\/media?parent=592693"}],"wp:term":[{"taxonomy":"category","embeddable":true,"href":"https:\/\/www.europesays.com\/fr\/wp-json\/wp\/v2\/categories?post=592693"},{"taxonomy":"post_tag","embeddable":true,"href":"https:\/\/www.europesays.com\/fr\/wp-json\/wp\/v2\/tags?post=592693"}],"curies":[{"name":"wp","href":"https:\/\/api.w.org\/{rel}","templated":true}]}}