{"id":592699,"date":"2025-12-11T11:41:28","date_gmt":"2025-12-11T11:41:28","guid":{"rendered":"https:\/\/www.europesays.com\/fr\/592699\/"},"modified":"2025-12-11T11:41:28","modified_gmt":"2025-12-11T11:41:28","slug":"audiences-quel-score-pour-le-documentaire-david-par-hallyday-diffuse-sur-m6","status":"publish","type":"post","link":"https:\/\/www.europesays.com\/fr\/592699\/","title":{"rendered":"Audiences : Quel score pour le documentaire \u00ab\u00a0David par Hallyday\u00a0\u00bb, diffus\u00e9 sur M6 ?"},"content":{"rendered":"<p>                <img loading=\"lazy\" decoding=\"async\" src=\"https:\/\/www.europesays.com\/fr\/wp-content\/uploads\/2025\/04\/89-665d8e735540a-35x35-1.jpg\" class=\"author-article-picture\" width=\"35\" height=\"35\"\/><\/p>\n<p>                    Par<\/p>\n<p>                                            <a class=\"author-article-bio-link\" href=\"https:\/\/www.ozap.com\/auteur\/lea-stassinet_a89\" target=\"_blank\" rel=\"noopener\">L\u00e9a Stassinet<\/a><\/p>\n<p>                    |<\/p>\n<p>                                            Journaliste<\/p>\n<p>\n                Venue du royaume d'\u00a0\u00bbIntervilles\u00a0\u00bb (Mont-de-Marsan), L\u00e9a Stassinet a \u00e9t\u00e9 berc\u00e9e par la \u00ab\u00a0Nouvelle Star\u00a0\u00bb. Elle ne rate jamais les C\u00e9sar ni l\u2019Eurovision, synonymes de soir\u00e9e pronostics entre amis. Passionn\u00e9e de tennis et de politique, elle suit toutes les soir\u00e9es \u00e9lectorales, sauf pendant Roland-Garros.\n            <\/p>\n<p>\n    \u00ab\u00a0Will Trent\u00a0\u00bb, \u00ab\u00a0Haut les c\u0153urs\u00a0\u00bb, \u00ab\u00a0Des racines et des ailes\u00a0\u00bb, \u00ab\u00a0Hallyday par David\u00a0\u00bb&#8230; Les audiences de la soir\u00e9e du mercredi 10 d\u00e9cembre 2025.\n<\/p>\n<p>                            <img loading=\"lazy\" decoding=\"async\" class=\"player-thumbnail\" src=\"https:\/\/www.europesays.com\/fr\/wp-content\/uploads\/2025\/12\/df1536b85afcb70e-580x326-2.jpg\" width=\"580\" height=\"326\"\/><\/p>\n<p>                            Comment sont mesur\u00e9es les audiences t\u00e9l\u00e9 ?<\/p>\n<p>La suite apr\u00e8s la publicit\u00e9<\/p>\n<p>                            <img decoding=\"async\" class=\"article-audience-img\" src=\"https:\/\/www.europesays.com\/fr\/wp-content\/uploads\/2025\/04\/1.jpg\" alt=\"TF1\"\/><\/p>\n<p>\n                    WILL TRENT \\ TU N&rsquo;AS JAMAIS ASSISTE A UN MARIAGE<br \/>\n                    SERIE\n                <\/p>\n<p>\n                    2 281 000 t\u00e9l\u00e9spectateurs\n                <\/p>\n<p>                            <img decoding=\"async\" class=\"article-audience-img\" src=\"https:\/\/www.europesays.com\/fr\/wp-content\/uploads\/2025\/04\/3.jpg\" alt=\"France 3\"\/><\/p>\n<p>\n                    DES RACINES ET DES AILES \\ LE TEMPS DE NOEL : DE L&rsquo;ALSACE AUX FJORDS<br \/>\n                    MAGAZINE\n                <\/p>\n<p>\n                    1 929 000 t\u00e9l\u00e9spectateurs\n                <\/p>\n<p>                            <img decoding=\"async\" class=\"article-audience-img\" src=\"https:\/\/www.europesays.com\/fr\/wp-content\/uploads\/2025\/04\/6.jpg\" alt=\"M6\"\/><\/p>\n<p>\n                    HALLYDAY PAR DAVID<br \/>\n                    DOCUMENTAIRE\n                <\/p>\n<p>\n                    1 572 000 t\u00e9l\u00e9spectateurs\n                <\/p>\n<p>                            <img decoding=\"async\" class=\"article-audience-img\" src=\"https:\/\/www.europesays.com\/fr\/wp-content\/uploads\/2025\/04\/4.jpg\" alt=\"Canal+\"\/><\/p>\n<p>\n                    EMISSIONS CRYPTEES<br \/>\n                    AUTRES\n                <\/p>\n<p>\n                    1 603 000 t\u00e9l\u00e9spectateurs\n                <\/p>\n<p>                            <img decoding=\"async\" class=\"article-audience-img\" src=\"https:\/\/www.europesays.com\/fr\/wp-content\/uploads\/2025\/04\/2.jpg\" alt=\"France 2\"\/><\/p>\n<p>\n                    HAUT LES COEURS<br \/>\n                    TELEFILM\n                <\/p>\n<p>\n                    1 449 000 t\u00e9l\u00e9spectateurs\n                <\/p>\n<p>    M\u00e9diam\u00e9trie &#8211; M\u00e9diamat ; reproduction interdite, tous droits r\u00e9serv\u00e9s par M\u00e9diam\u00e9trie<\/p>\n<p>Il prend la t\u00eate pour la premi\u00e8re fois depuis son retour sur TF1. Ce mercredi soir, la cha\u00eene poursuivait la diffusion de la saison 2 de sa s\u00e9rie am\u00e9ricaine <a href=\"https:\/\/www.ozap.com\/actu\/je-netais-pas-convaincu-pourquoi-ramon-rodriguez-a-failli-refuser-le-role-de-will-trent\/652632\" target=\"_blank\" rel=\"noopener\">\u00ab\u00a0Will Trent\u00a0\u00bb<\/a>. Les \u00e9pisodes 7 et 8 de la fiction polici\u00e8re avec Ramen Rodriguez dans le r\u00f4le-titre ont intrigu\u00e9 <strong>2,08 millions<\/strong> de fid\u00e8les en moyenne. Cela repr\u00e9sente <strong>11,4% <\/strong>des individus \u00e2g\u00e9s de 4 ans et plus et <strong>11,8%<\/strong> des Femmes responsables des achats \u00e2g\u00e9es de moins de 50 ans (FRDA-50). Mercredi dernier, les \u00e9pisodes pr\u00e9c\u00e9dents avaient mobilis\u00e9 l&rsquo;attention de 1,97 million de t\u00e9l\u00e9spectateurs en moyenne, soit 12,0% du public pr\u00e9sent devant sa t\u00e9l\u00e9vision et 15,6% des FRDA-50.<\/p>\n<p>\u00ab\u00a0Des racines et des ailes\u00a0\u00bb solide 2e, moins de 9% de PDA pour David Hallyday sur M6, Canal+ 4e cha\u00eene<\/p>\n<p>France 3 est juste derri\u00e8re avec un nouveau num\u00e9ro de \u00ab\u00a0Des racines et des ailes\u00a0\u00bb. Intitul\u00e9 \u00ab\u00a0Le temps de No\u00ebl, de l&rsquo;Alsace aux fjords de Norv\u00e8ge\u00a0\u00bb, le magazine pr\u00e9sent\u00e9 par Carole Gaessler a fait voyager <strong>1,93 million<\/strong> de t\u00e9l\u00e9spectateurs. Cela \u00e9quivaut \u00e0<strong> 11,3%<\/strong> du public \u00e2g\u00e9 de 4 ans et plus et <strong>4,2%<\/strong> des FRDA-50, cible non privil\u00e9gi\u00e9e par la Trois. Mercredi dernier, le num\u00e9ro consacr\u00e9 au \u00ab\u00a0Pays lyonnais\u00a0\u00bb avait \u00e9t\u00e9 suivi par 1,73 million de t\u00e9l\u00e9spectateurs, soit 10,7% du public et 5,8% des FRDA-50.<\/p>\n<p>Apr\u00e8s \u00eatre arriv\u00e9 en t\u00eate des audiences mercredi dernier avec <a href=\"https:\/\/www.ozap.com\/actu\/audiences-quel-score-pour-ardennes-le-polar-de-france-2-avec-david-hallyday-face-au-prime-de-scenes-de-menages-sur-m6\/652738\" target=\"_blank\" rel=\"noopener\">le polar in\u00e9dit \u00ab\u00a0Ardennes\u00a0\u00bb<\/a> sur France 2, David Hallyday place M6 en troisi\u00e8me position. La cha\u00eene diffusait le documentaire in\u00e9dit \u00ab\u00a0David par Hallyday\u00a0\u00bb. De 21h12 \u00e0 22h53, le film r\u00e9alis\u00e9 par Vanessa Antelme dans lequel le fils de Johnny Hallyday se livre \u00e0 c\u0153ur ouvert a attir\u00e9 <strong>1,57 million<\/strong> de t\u00e9l\u00e9spectateurs. Cela correspond \u00e0<strong> 8,7%<\/strong> du public pr\u00e9sent devant sa t\u00e9l\u00e9vision et <strong>10,0%<\/strong> des FRDA-50. \u00c0 titre indicatif, \u00ab\u00a0C\u00e9line Dion raconte D&rsquo;eux\u00a0\u00bb, documentaire diffus\u00e9 par M6 le 3 septembre dernier, avait int\u00e9ress\u00e9 <a href=\"https:\/\/www.ozap.com\/actu\/audiences-quel-score-pour-le-documentaire-evenement-celine-dion-raconte-deux-diffuse-sur-m6\/651442\" target=\"_blank\" rel=\"noopener\">1,66 million<\/a> de t\u00e9l\u00e9spectateurs, ce qui correspondait \u00e0 10,9% du public \u00e2g\u00e9 de 4 ans et plus et 17,5% des FRDA-50.<\/p>\n<p>Sur Canal+, les fans de ballon rond ont eu droit \u00e0 une rencontre de Ligue des champions. <strong>1,51 million<\/strong> d&rsquo;abonn\u00e9s ont suivi le match opposant l&rsquo;Athletic Bilbao au PSG dans le cadre des phases de poule. Cela correspond \u00e0 <strong>8,2%<\/strong> du public \u00e2g\u00e9 de 4 ans et plus et <strong>10,6%<\/strong> des FRDA-50. Le 1er octobre dernier, la victoire des Parisiens contre le FC Barcelone avait \u00e9t\u00e9 suivie par 1,88 million de fans (10,8% du public et 14,5% des FRDA-50), pla\u00e7ant ainsi la cha\u00eene en 2e position.<\/p>\n<p>France 2 diffusait de son c\u00f4t\u00e9 le t\u00e9l\u00e9film in\u00e9dit \u00ab\u00a0Haut les c\u0153urs\u00a0\u00bb, fresque sociale dans laquelle on retrouve Alyz\u00e9e Costes, Sawsan Ab\u00e8s, mais aussi Anne Charrier et Alysson Paradis. Une fiction prim\u00e9e au dernier festival TV de Luchon, qui a captiv\u00e9 <strong>1,45 million<\/strong> de t\u00e9l\u00e9spectateurs entre 21h08 et 22h48. Cela \u00e9quivaut \u00e0 <strong>7,9%<\/strong> de l&rsquo;ensemble du public et<strong> 1,9%<\/strong> des FRDA-50. La semaine pass\u00e9e, le t\u00e9l\u00e9film policier \u00ab\u00a0Ardennes\u00a0\u00bb avait tenu en haleine 3,41 millions de t\u00e9l\u00e9spectateurs, soit 19,8% du public \u00e2g\u00e9 de 4 ans et plus et 5,7% des FRDA-50.<\/p>\n<p>                            <img decoding=\"async\" class=\"article-audience-img\" src=\"https:\/\/www.europesays.com\/fr\/wp-content\/uploads\/2025\/04\/533.jpg\" alt=\"Arte\"\/><\/p>\n<p>\n                    ELAHA<br \/>\n                    FILM\n                <\/p>\n<p>\n                    711 000 t\u00e9l\u00e9spectateurs\n                <\/p>\n<p>                            <img decoding=\"async\" class=\"article-audience-img\" src=\"https:\/\/www.europesays.com\/fr\/wp-content\/uploads\/2025\/04\/725.jpg\" alt=\"6ter\"\/><\/p>\n<p>\n                    TOMB RAIDER<br \/>\n                    FILM\n                <\/p>\n<p>\n                    586 000 t\u00e9l\u00e9spectateurs\n                <\/p>\n<p>                            <img decoding=\"async\" class=\"article-audience-img\" src=\"https:\/\/www.europesays.com\/fr\/wp-content\/uploads\/2025\/04\/336.jpg\" alt=\"W9\"\/><\/p>\n<p>\n                    ENQUETES CRIMINELLES : LE MAGAZINE DES FAITS DIVERS<br \/>\n                    MAGAZINE\n                <\/p>\n<p>\n                    612 000 t\u00e9l\u00e9spectateurs\n                <\/p>\n<p>                            <img decoding=\"async\" class=\"article-audience-img\" src=\"https:\/\/www.europesays.com\/fr\/wp-content\/uploads\/2025\/04\/726.jpg\" alt=\"RMC Story\"\/><\/p>\n<p>\n                    TARZAN (DAVID YATES)<br \/>\n                    FILM\n                <\/p>\n<p>\n                    577 000 t\u00e9l\u00e9spectateurs\n                <\/p>\n<p>                            <img decoding=\"async\" class=\"article-audience-img\" src=\"https:\/\/www.europesays.com\/fr\/wp-content\/uploads\/2025\/04\/13.jpg\" alt=\"TMC\"\/><\/p>\n<p>\n                    TAXI 5<br \/>\n                    FILM\n                <\/p>\n<p>\n                    509 000 t\u00e9l\u00e9spectateurs\n                <\/p>\n<p>                            <img decoding=\"async\" class=\"article-audience-img\" src=\"https:\/\/www.europesays.com\/fr\/wp-content\/uploads\/2025\/04\/723.jpg\" alt=\"TF1 Series Film\"\/><\/p>\n<p>\n                    LA PROPOSITION (ANNE FLETCHER)<br \/>\n                    FILM\n                <\/p>\n<p>\n                    497 000 t\u00e9l\u00e9spectateurs\n                <\/p>\n<p>                            <img decoding=\"async\" class=\"article-audience-img\" src=\"https:\/\/www.europesays.com\/fr\/wp-content\/uploads\/2025\/04\/43.jpg\" alt=\"TFX\"\/><\/p>\n<p>\n                    HANDBALL CHAMPIONNAT DU MONDE FEMININ \\ DANEMARK &#8211; FRANCE<br \/>\n                    SPORT\n                <\/p>\n<p>\n                    449 000 t\u00e9l\u00e9spectateurs\n                <\/p>\n<p>                            <img decoding=\"async\" class=\"article-audience-img\" src=\"https:\/\/www.europesays.com\/fr\/wp-content\/uploads\/2025\/04\/727.jpg\" alt=\"RMC D\u00e9couverte\"\/><\/p>\n<p>\n                    FLIC STORY \\ DELINQUANCE DU QUOTIDIEN &#8211; EPISODE 2<br \/>\n                    DOCUMENTAIRE\n                <\/p>\n<p>\n                    324 000 t\u00e9l\u00e9spectateurs\n                <\/p>\n<p>                            <img decoding=\"async\" class=\"article-audience-img\" src=\"https:\/\/www.europesays.com\/fr\/wp-content\/uploads\/2025\/10\/728.jpg\" alt=\"RMC Life\"\/><\/p>\n<p>\n                    COLD CASE \\ FAMILLE 8108<br \/>\n                    SERIE\n                <\/p>\n<p>\n                    312 000 t\u00e9l\u00e9spectateurs\n                <\/p>\n<p>                            <img decoding=\"async\" class=\"article-audience-img\" src=\"https:\/\/www.europesays.com\/fr\/wp-content\/uploads\/2025\/04\/534.jpg\" alt=\"France 5\"\/><\/p>\n<p>\n                    LA GRANDE LIBRAIRIE<br \/>\n                    MAGAZINE\n                <\/p>\n<p>\n                    287 000 t\u00e9l\u00e9spectateurs\n                <\/p>\n<p>                            <img decoding=\"async\" class=\"article-audience-img\" src=\"https:\/\/www.europesays.com\/fr\/wp-content\/uploads\/2025\/04\/532.jpg\" alt=\"Gulli\"\/><\/p>\n<p>\n                    MALCOLM \\ RUBRIQUE LUBRIQUE<br \/>\n                    SERIE\n                <\/p>\n<p>\n                    190 000 t\u00e9l\u00e9spectateurs\n                <\/p>\n<p>                            <img decoding=\"async\" class=\"article-audience-img\" src=\"https:\/\/www.europesays.com\/fr\/wp-content\/uploads\/2025\/04\/499.jpg\" alt=\"CSTAR\"\/><\/p>\n<p>\n                    COMPAGNONS<br \/>\n                    FILM\n                <\/p>\n<p>\n                    176 000 t\u00e9l\u00e9spectateurs\n                <\/p>\n<p>    M\u00e9diam\u00e9trie &#8211; M\u00e9diamat ; reproduction interdite, tous droits r\u00e9serv\u00e9s par M\u00e9diam\u00e9trie<\/p>\n<p>Dans le reste de l&rsquo;offre en prime, c&rsquo;est Arte qui tire son \u00e9pingle du jeu avec le film \u00ab\u00a0Elaha\u00a0\u00bb. R\u00e9alis\u00e9 par Milena Aboyan, ce drame a \u00e9mu <strong>711.000<\/strong> t\u00e9l\u00e9spectateurs, soit <strong>3,9% <\/strong>du public et 0,4% des FRDA-50.<\/p>\n","protected":false},"excerpt":{"rendered":"Par L\u00e9a Stassinet | Journaliste Venue du royaume d&rsquo;\u00a0\u00bbIntervilles\u00a0\u00bb (Mont-de-Marsan), L\u00e9a Stassinet a \u00e9t\u00e9 berc\u00e9e par la \u00ab\u00a0Nouvelle&hellip;\n","protected":false},"author":2,"featured_media":592700,"comment_status":"","ping_status":"","sticky":false,"template":"","format":"standard","meta":{"footnotes":""},"categories":[8],"tags":[58,59,1011,27],"class_list":{"0":"post-592699","1":"post","2":"type-post","3":"status-publish","4":"format-standard","5":"has-post-thumbnail","7":"category-divertissement","8":"tag-divertissement","9":"tag-entertainment","10":"tag-fr","11":"tag-france"},"share_on_mastodon":{"url":"https:\/\/pubeurope.com\/@fr\/115700755953381971","error":""},"_links":{"self":[{"href":"https:\/\/www.europesays.com\/fr\/wp-json\/wp\/v2\/posts\/592699","targetHints":{"allow":["GET"]}}],"collection":[{"href":"https:\/\/www.europesays.com\/fr\/wp-json\/wp\/v2\/posts"}],"about":[{"href":"https:\/\/www.europesays.com\/fr\/wp-json\/wp\/v2\/types\/post"}],"author":[{"embeddable":true,"href":"https:\/\/www.europesays.com\/fr\/wp-json\/wp\/v2\/users\/2"}],"replies":[{"embeddable":true,"href":"https:\/\/www.europesays.com\/fr\/wp-json\/wp\/v2\/comments?post=592699"}],"version-history":[{"count":0,"href":"https:\/\/www.europesays.com\/fr\/wp-json\/wp\/v2\/posts\/592699\/revisions"}],"wp:featuredmedia":[{"embeddable":true,"href":"https:\/\/www.europesays.com\/fr\/wp-json\/wp\/v2\/media\/592700"}],"wp:attachment":[{"href":"https:\/\/www.europesays.com\/fr\/wp-json\/wp\/v2\/media?parent=592699"}],"wp:term":[{"taxonomy":"category","embeddable":true,"href":"https:\/\/www.europesays.com\/fr\/wp-json\/wp\/v2\/categories?post=592699"},{"taxonomy":"post_tag","embeddable":true,"href":"https:\/\/www.europesays.com\/fr\/wp-json\/wp\/v2\/tags?post=592699"}],"curies":[{"name":"wp","href":"https:\/\/api.w.org\/{rel}","templated":true}]}}