{"id":592701,"date":"2025-12-11T11:42:14","date_gmt":"2025-12-11T11:42:14","guid":{"rendered":"https:\/\/www.europesays.com\/fr\/592701\/"},"modified":"2025-12-11T11:42:14","modified_gmt":"2025-12-11T11:42:14","slug":"envoye-special-sur-le-business-des-dinosaures-une-enquete-bien-menee-sur-une-surprenante-ruee-vers-los-telerama","status":"publish","type":"post","link":"https:\/\/www.europesays.com\/fr\/592701\/","title":{"rendered":"\u201cEnvoy\u00e9 sp\u00e9cial\u201d sur le \u201cbusiness des dinosaures\u201d : une enqu\u00eate bien men\u00e9e sur une surprenante ru\u00e9e vers l\u2019os &#8211; T\u00e9l\u00e9rama"},"content":{"rendered":"<ol>\n<li><a href=\"https:\/\/news.google.com\/rss\/articles\/CBMi6gFBVV95cUxPQVhUeC12YUdWbTdzV2VXUnh0UGNITXpBRXU5dC1hZUtXZ2Njbk93ZDNId2xFSHJzTC1hSkF6NXBjWWZpN3ZnRTFKa1h2RGlKMzFFS0ZxTjAtaHBObW55WHU1TmVsVDNrbU1GZDEwOW4tRVBYenVoQ29JQTRLY013bEllQ25Dei1FemdoQ0ttTmNjZlhSa1dsUUdvdmtOYnZzTHltREpSUDk5RmlrUkZOZ3F1eWNBeUZ4TlUwZGxLX01NUW9fQzRoU1Y3TW5HQ3ZqRkdVa291aUVaV3Y5VEphc2k3QUIyVlFfaWc?oc=5\" target=\"_blank\" rel=\"noopener\">\u201cEnvoy\u00e9 sp\u00e9cial\u201d sur le \u201cbusiness des dinosaures\u201d : une enqu\u00eate bien men\u00e9e sur une surprenante ru\u00e9e vers l\u2019os<\/a>&nbsp;&nbsp;T\u00e9l\u00e9rama<\/li>\n<li><a href=\"https:\/\/news.google.com\/rss\/articles\/CBMisgJBVV95cUxQQkZRVUI2OUU1TEtmd3R3TnE2VFNseGhEZ0hYd245a0hNSjI4MGMtQUdST215bG53SW5rZzNLVDZ2NWtuQk5iUFg4c3NrWEhzRl8xaXN4eFM0NWNNSTdNZjBYXzlCNC1LcUY2OFdIZFBDamVhcE1tTkVZeWJSbDEzQWcwT0VVZnc1eGdfUktreXpoTDZMNjUzOUxaRFFkYnJadHAwN0RWakxpektodzgyeFdQN3didVl3YktES19tMkNUWkF2NmtpblNVM2FESnpzUS1hV1pSczVYd2FJbmRpbVNPTEhhVE10bk00dFZ4VXh5SG5JWWhrQjhNOXRPS1lleG9yY3RPSlY5VEx0MnNMcmswbGFVckg0Nm4zYVpnNjd3MWV3Nm1CLUFjWGE4WjhBQXc?oc=5\" target=\"_blank\" rel=\"noopener\">\u00ab Notre voyage sur les traces des dinosaures commence en terre charentaise \u00bb : Envoy\u00e9 sp\u00e9cial enqu\u00eate sur le march\u00e9 fou des dinosaures<\/a>&nbsp;&nbsp;Charente Libre<\/li>\n<li><a href=\"https:\/\/news.google.com\/rss\/articles\/CBMisAFBVV95cUxOLTNncHM2dktRUnZFZW9DMEMtZ3F2VGU1WFpNcWRRakVtaEI1VUFjR0p0cnpONWZNb3dialNEVng3dUVYZFR2QkdhTHRsZ3VFUzRvWE9DLXd0elpDckpUOWdhWjNmVTZuaVZtYWVERlM5R3p0SWJrSEdpS3VfZXRuT1cyektxN1p1R0M2NVFpV2xFRElTSlZ0dU9iRkMtRktHT1l5U015Z1NvS1REN0U0bg?oc=5\" target=\"_blank\" rel=\"noopener\">Envoy\u00e9 Sp\u00e9cial du 11 d\u00e9cembre : quels reportages ce soir sur France 2 ? (sommaire)<\/a>&nbsp;&nbsp;Stars Actu<\/li>\n<li><a href=\"https:\/\/news.google.com\/rss\/articles\/CBMiuwFBVV95cUxNd2x1MExXSWRCRE80SERVY0U5bzc2ZEJjYlNsXzhBRVJnek9NSzlubDFqWjR4QUFKT1FqVjBlRHBfeS02ckR3M1FOYnBiZ05VMGh5Mko2YkdsVHFBM0Z2bU1qSVZYTXZhRTNLNm9QU3dhcFNyRTdZUnVvM2Y0bHhPMmJfd1J6YkRCcnRoUzByTldHbWxQb0JpYlN3T1lic2VTVjhqbXM0XzlBQWJmVVhhbkxPUGx2c2c3S3Mw?oc=5\" target=\"_blank\" rel=\"noopener\">\u00ab\u00a0Envoy\u00e9 sp\u00e9cial\u00a0\u00bb du jeudi 11 d\u00e9cembre 2025<\/a>&nbsp;&nbsp;Franceinfo<\/li>\n<li><a href=\"https:\/\/news.google.com\/rss\/articles\/CBMiuwFBVV95cUxOaWV5X2N1UU96TDd2U3VpZEhuUDVBZ3d2eHhoeml2aXAzMjNiWkFTLVBLaVBlSVIzX1NXUkt4bmR3Q1ZZWk5ONUlUSDVKN1dWd212WXB0LTBSNDVPMXN3QnZFNk5mQlZsbVdvRnowU0NXVVpGRVBKOVU2N1JxVWZTV0VKS21mZFdkOGpwZ29BVmh4T0czMEk2cGluRkNUZGpTN1FuR1Z2cF9UZEtnRklUaGRJcktodW9vdUpj?oc=5\" target=\"_blank\" rel=\"noopener\">Ru\u00e9e vers l\u2019or, dinosaures millionnaires, recensement in\u00e9dit : un Envoy\u00e9 sp\u00e9cial riche en r\u00e9v\u00e9lations<\/a>&nbsp;&nbsp;screenplus.fr<\/li>\n<\/ol>\n","protected":false},"excerpt":{"rendered":"\u201cEnvoy\u00e9 sp\u00e9cial\u201d sur le \u201cbusiness des dinosaures\u201d : une enqu\u00eate bien men\u00e9e sur une surprenante ru\u00e9e vers l\u2019os&nbsp;&nbsp;T\u00e9l\u00e9rama&hellip;\n","protected":false},"author":2,"featured_media":592702,"comment_status":"","ping_status":"","sticky":false,"template":"","format":"standard","meta":{"footnotes":""},"categories":[7],"tags":[1011,27,43,40,41,39,42,44],"class_list":{"0":"post-592701","1":"post","2":"type-post","3":"status-publish","4":"format-standard","5":"has-post-thumbnail","7":"category-sciences-et-technologies","8":"tag-fr","9":"tag-france","10":"tag-science","11":"tag-science-and-technology","12":"tag-sciences","13":"tag-sciences-et-technologies","14":"tag-technologies","15":"tag-technology"},"share_on_mastodon":{"url":"https:\/\/pubeurope.com\/@fr\/115700756940192024","error":""},"_links":{"self":[{"href":"https:\/\/www.europesays.com\/fr\/wp-json\/wp\/v2\/posts\/592701","targetHints":{"allow":["GET"]}}],"collection":[{"href":"https:\/\/www.europesays.com\/fr\/wp-json\/wp\/v2\/posts"}],"about":[{"href":"https:\/\/www.europesays.com\/fr\/wp-json\/wp\/v2\/types\/post"}],"author":[{"embeddable":true,"href":"https:\/\/www.europesays.com\/fr\/wp-json\/wp\/v2\/users\/2"}],"replies":[{"embeddable":true,"href":"https:\/\/www.europesays.com\/fr\/wp-json\/wp\/v2\/comments?post=592701"}],"version-history":[{"count":0,"href":"https:\/\/www.europesays.com\/fr\/wp-json\/wp\/v2\/posts\/592701\/revisions"}],"wp:featuredmedia":[{"embeddable":true,"href":"https:\/\/www.europesays.com\/fr\/wp-json\/wp\/v2\/media\/592702"}],"wp:attachment":[{"href":"https:\/\/www.europesays.com\/fr\/wp-json\/wp\/v2\/media?parent=592701"}],"wp:term":[{"taxonomy":"category","embeddable":true,"href":"https:\/\/www.europesays.com\/fr\/wp-json\/wp\/v2\/categories?post=592701"},{"taxonomy":"post_tag","embeddable":true,"href":"https:\/\/www.europesays.com\/fr\/wp-json\/wp\/v2\/tags?post=592701"}],"curies":[{"name":"wp","href":"https:\/\/api.w.org\/{rel}","templated":true}]}}