{"id":592705,"date":"2025-12-11T11:44:14","date_gmt":"2025-12-11T11:44:14","guid":{"rendered":"https:\/\/www.europesays.com\/fr\/592705\/"},"modified":"2025-12-11T11:44:14","modified_gmt":"2025-12-11T11:44:14","slug":"a-olso-maria-corina-machado-prix-nobel-de-la-paix-assure-quelle-ira-au-bout-de-sa-lutte-au-venezuela","status":"publish","type":"post","link":"https:\/\/www.europesays.com\/fr\/592705\/","title":{"rendered":"A Olso, Maria Corina Machado, Prix Nobel de la paix, assure qu\u2019elle ira au bout de sa lutte au Venezuela"},"content":{"rendered":"<p>                      <img loading=\"lazy\" decoding=\"async\" src=\"https:\/\/www.europesays.com\/fr\/wp-content\/uploads\/2025\/12\/766da55_ftp-1-jbsh1uhltlme-5654158-01-06.jpg\" alt=\"La Prix Nobel de la paix\u00a02025, Maria Corina Machado, et le premier ministre norv\u00e9gien, Jonas Gahr Store, s\u2019adressent \u00e0 la presse lors d\u2019une conf\u00e9rence de presse jeudi\u00a011\u00a0d\u00e9cembre\u00a02025\u00a0dans les locaux du gouvernement norv\u00e9gien, \u00e0 Oslo.\"   width=\"664\" height=\"443\"\/>    La Prix Nobel de la paix\u00a02025, Maria Corina Machado, et le premier ministre norv\u00e9gien, Jonas Gahr Store, s\u2019adressent \u00e0 la presse lors d\u2019une conf\u00e9rence de presse jeudi\u00a011\u00a0d\u00e9cembre\u00a02025\u00a0dans les locaux du gouvernement norv\u00e9gien, \u00e0 Oslo.  ODD ANDERSEN \/ AFP                          <\/p>\n<p class=\"article__paragraph  \">Il s\u2019agit de sa premi\u00e8re prise de parole en public depuis pr\u00e8s d\u2019un an. L\u2019opposante v\u00e9n\u00e9zu\u00e9lienne Maria Corina Machado, prix Nobel de la paix\u00a02025, a assur\u00e9, jeudi 11\u00a0d\u00e9cembre \u00e0 Oslo (Norv\u00e8ge), qu\u2019elle ferait tout son possible pour rentrer au Venezuela, o\u00f9 elle compte poursuivre sa lutte afin d\u2019y mettre fin \u00e0 la \u00ab\u00a0tyrannie\u00a0\u00bb.<\/p>\n<p class=\"article__paragraph  \">Mme\u00a0Machado, qui n\u2019a pu assister la veille \u00e0 la c\u00e9r\u00e9monie de remise de son prix, est arriv\u00e9e jeudi dans la nuit au Grand Hotel, o\u00f9 descendent habituellement les laur\u00e9ats, apr\u00e8s un voyage pour lequel, a-t-elle dit, \u00ab\u00a0tant de personnes ont risqu\u00e9 leur vie\u00a0\u00bb. R\u00e9compens\u00e9e du Nobel en octobre pour ses efforts en faveur d\u2019une transition d\u00e9mocratique au Venezuela, l\u2019opposante de 58\u00a0ans, qui vivait jusqu\u2019alors cach\u00e9e dans son pays, a promis de \u00ab\u00a0finir le travail\u00a0\u00bb pour \u00e9tablir la d\u00e9mocratie dans son pays.<\/p>\n<p class=\"article__paragraph  \">\u00ab\u00a0Je suis venue pour recevoir le prix au nom du peuple v\u00e9n\u00e9zu\u00e9lien et je le rapporterai au Venezuela au moment ad\u00e9quat\u00a0\u00bb, a-t-elle d\u00e9clar\u00e9 \u00e0 la presse jeudi matin en visitant le Parlement norv\u00e9gien. \u00ab\u00a0Je ne dirai pas quand ni comment cela se fera mais je ferai tout [mon] possible pour pouvoir rentrer et aussi mettre fin \u00e0 cette tyrannie tr\u00e8s bient\u00f4t\u00a0\u00bb, malgr\u00e9 les risques d\u2019\u00eatre arr\u00eat\u00e9e, a-t-elle ajout\u00e9.<\/p>\n<p class=\"article__paragraph  \">Au cours d\u2019une conf\u00e9rence de presse, Mme\u00a0Machado a aussi remerci\u00e9 \u00ab\u00a0tous ces hommes et ces femmes qui ont risqu\u00e9 leur vie pour que je puisse \u00eatre ici aujourd\u2019hui\u00a0\u00bb. \u00ab\u00a0Un jour, je pourrai vous raconter, car je ne veux certainement pas les mettre en danger maintenant\u00a0\u00bb, a-t-elle ajout\u00e9.<\/p>\n<p>                                       Lire aussi |  Article r\u00e9serv\u00e9 \u00e0 nos abonn\u00e9s  <a href=\"https:\/\/www.lemonde.fr\/international\/article\/2025\/12\/08\/l-opposition-venezuelienne-en-exil-manifeste-en-soutien-a-maria-corina-machado-prix-nobel-de-la-paix-les-jours-du-regime-sont-comptes-et-nous-sommes-prets-a-rentrer_6656495_3210.html\" class=\"js-article-read-also catcher--favoris__link\" data-premium=\"1\" id=\"article-title-3450037\" target=\"_blank\" rel=\"noopener\">L\u2019opposition v\u00e9n\u00e9zu\u00e9lienne en exil manifeste en soutien \u00e0\u00a0Maria Corina Machado, prix Nobel de la paix\u00a0: \u00ab\u00a0Les\u00a0jours du r\u00e9gime sont compt\u00e9s, et nous sommes pr\u00eats \u00e0\u00a0rentrer\u00a0\u00bb<\/a>    <\/p>\n<p>   Lire plus tard  <\/p>\n<p>                          \u00ab\u00a0Un voyage de danger extr\u00eame\u00a0\u00bb                    <\/p>\n<p class=\"article__paragraph  \">Maria Corina Machado est entr\u00e9e en clandestinit\u00e9 au Venezuela en ao\u00fbt\u00a02024, quelques jours apr\u00e8s une \u00e9lection pr\u00e9sidentielle \u00e0 laquelle elle a \u00e9t\u00e9 emp\u00each\u00e9e de se pr\u00e9senter. Elle n\u2019avait pas \u00e9t\u00e9 vue en public depuis le 9\u00a0janvier, lors d\u2019une manifestation \u00e0 Caracas.<\/p>\n<p class=\"article__paragraph  \">C\u2019est sa fille, Ana Corina, qui, mercredi, <a href=\"https:\/\/www.lemonde.fr\/international\/article\/2025\/12\/10\/maria-corina-machado-l-opposante-venezuelienne-absente-de-la-ceremonie-de-remise-du-prix-nobel-a-oslo_6656713_3210.html\" target=\"_blank\" rel=\"noopener\">a re\u00e7u le prix et a lu pour elle un discours de remerciements<\/a>. \u00ab\u00a0Pour avoir la d\u00e9mocratie, nous devons \u00eatre pr\u00eats \u00e0 nous battre pour la libert\u00e9\u00a0\u00bb, a-t-elle d\u00e9clar\u00e9 dans le discours lu \u00e0 l\u2019h\u00f4tel de ville d\u2019Oslo, en pr\u00e9sence de nombreux membres de la famille de la laur\u00e9ate, du pr\u00e9sident argentin Javier Milei et d\u2019autres chefs d\u2019Etat latino-am\u00e9ricains de droite radicale. Evoquant les arrestations, les tortures et la chasse aux opposants, elle a fustig\u00e9 \u00ab\u00a0des crimes contre l\u2019humanit\u00e9, document\u00e9s par les Nations unies\u00a0\u00bb et \u00ab\u00a0un terrorisme d\u2019Etat d\u00e9ploy\u00e9 pour \u00e9touffer la volont\u00e9 du peuple\u00a0\u00bb.<\/p>\n<p>                                       Lire aussi |  Article r\u00e9serv\u00e9 \u00e0 nos abonn\u00e9s  <a href=\"https:\/\/www.lemonde.fr\/international\/article\/2025\/10\/10\/maria-corina-machado-un-prix-nobel-de-la-paix-tres-politique-pour-une-opposante-au-president-venezuelien-nicolas-maduro_6645694_3210.html\" class=\"js-article-read-also catcher--favoris__link\" data-premium=\"1\" id=\"article-title-3441780\" target=\"_blank\" rel=\"noopener\">Maria Corina Machado, un prix Nobel de la paix tr\u00e8s politique pour une opposante au pr\u00e9sident v\u00e9n\u00e9zu\u00e9lien, Nicolas Maduro<\/a>    <\/p>\n<p>   Lire plus tard  <\/p>\n<p class=\"article__paragraph  \">Le comit\u00e9 Nobel a \u00e9voqu\u00e9 \u00ab\u00a0un voyage en situation de danger extr\u00eame\u00a0\u00bb pour justifier l\u2019absence de la laur\u00e9ate mercredi. On ignore comment Maria Corina Machado a r\u00e9ussi \u00e0 quitter le Venezuela, o\u00f9 la justice la recherche pour \u00ab\u00a0conspiration, incitation \u00e0 la haine et terrorisme\u00a0\u00bb, et comment elle compte faire pour y retourner.<\/p>\n<p class=\"article__paragraph  \">\u00ab\u00a0Elle risque d\u2019\u00eatre arr\u00eat\u00e9e si elle rentre, m\u00eame si les autorit\u00e9s ont fait preuve de plus de retenue avec elle qu\u2019avec beaucoup d\u2019autres parce qu\u2019une arrestation aurait une port\u00e9e symbolique tr\u00e8s forte\u00a0\u00bb, a expliqu\u00e9 Benedicte Bull, sp\u00e9cialiste de l\u2019Am\u00e9rique latine de l\u2019universit\u00e9 d\u2019Oslo.<\/p>\n<p>                    Proximit\u00e9 avec les id\u00e9es de Donald Trump                    <\/p>\n<p class=\"article__paragraph  \">La r\u00e9apparition de l\u2019opposante a lieu en pleine crise entre le Venezuela et les Etats-Unis, qui ont d\u00e9ploy\u00e9 depuis ao\u00fbt une imposante flottille en mer des Cara\u00efbes, officiellement pour lutter contre le narcotrafic, causant 87 morts. Le pr\u00e9sident v\u00e9n\u00e9zu\u00e9lien, Nicolas Maduro, accuse Washington de vouloir le renverser pour s\u2019emparer du p\u00e9trole de son pays.<\/p>\n<p> Le Monde M\u00e9morable  <\/p>\n<p> <a href=\"https:\/\/www.lemonde.fr\/memorable\/?rfextension=inread\" class=\"inread__link js-services-inread-link\" target=\"_blank\" rel=\"noopener\">  <\/p>\n<p>Testez votre culture g\u00e9n\u00e9rale avec la r\u00e9daction du \u00ab Monde \u00bb<\/p>\n<p>Testez votre culture g\u00e9n\u00e9rale avec la r\u00e9daction du \u00ab Monde \u00bb<\/p>\n<p>D\u00e9couvrir<\/p>\n<p> <\/a>      <\/p>\n<p> Newsletter  <\/p>\n<p> <a href=\"https:\/\/www.lemonde.fr\/newsletters\/a-la-une\/\" class=\"inread__link js-services-inread-link\" target=\"_blank\" rel=\"noopener\">  <\/p>\n<p>\u00ab A la une \u00bb<\/p>\n<p>Chaque matin, parcourez l&rsquo;essentiel de l&rsquo;actualit\u00e9 du jour avec les derniers titres du \u00ab Monde \u00bb<\/p>\n<p>S&rsquo;inscrire<\/p>\n<p> <\/a>          <\/p>\n<p> Le Monde Application  <\/p>\n<p> <a href=\"https:\/\/lamatinale.onelink.me\/gKMy\/ahw2ubr3\" class=\"inread__link js-services-inread-link\" target=\"_blank\" rel=\"noopener\">  <\/p>\n<p>La Matinale du Monde<\/p>\n<p>Chaque matin, retrouvez notre s\u00e9lection de 20 articles \u00e0 ne pas manquer <\/p>\n<p>T\u00e9l\u00e9charger l&rsquo;application<\/p>\n<p> <\/a>      <\/p>\n<p> Newsletter abonn\u00e9s  <\/p>\n<p> <a href=\"https:\/\/www.lemonde.fr\/newsletters\/international\/\" class=\"inread__link js-services-inread-link\" target=\"_blank\" rel=\"noopener\">  <\/p>\n<p>\u00ab International \u00bb<\/p>\n<p>L\u2019essentiel de l\u2019actualit\u00e9 internationale de la semaine<\/p>\n<p>S&rsquo;inscrire<\/p>\n<p> <\/a>             <\/p>\n<p class=\"article__paragraph  \">Maria Corina Machado, b\u00eate noire de M.\u00a0Maduro, est critiqu\u00e9e par certains pour la proximit\u00e9 de ses id\u00e9es avec celles du pr\u00e9sident am\u00e9ricain Donald Trump, auquel elle a d\u00e9di\u00e9 son Nobel, et soutient ce d\u00e9ploiement am\u00e9ricain.<\/p>\n<p class=\"article__paragraph  \">Les Etats-Unis, l\u2019Union europ\u00e9enne et de nombreux pays d\u2019Am\u00e9rique latine refusent de reconna\u00eetre les r\u00e9sultats de la pr\u00e9sidentielle de 2024, qui a permis au socialiste Nicolas Maduro d\u2019encha\u00eener un troisi\u00e8me mandat de six ans. L\u2019opposition accuse le pouvoir de fraude et a revendiqu\u00e9 la victoire de son candidat, Edmundo Gonzalez Urrutia, aujourd\u2019hui en exil et \u00e9galement pr\u00e9sent \u00e0 Oslo mercredi.<\/p>\n<p class=\"article__paragraph  \">Le comit\u00e9 Nobel a exhort\u00e9 le pr\u00e9sident v\u00e9n\u00e9zu\u00e9lien \u00e0 quitter le pouvoir. \u00ab\u00a0M.\u00a0Maduro, acceptez les r\u00e9sultats de l\u2019\u00e9lection et retirez-vous\u00a0\u00bb, a lanc\u00e9 son pr\u00e9sident, Jorgen Watne Frydnes, sous des applaudissements nourris.<\/p>\n<p>                                       Lire aussi |  Article r\u00e9serv\u00e9 \u00e0 nos abonn\u00e9s  <a href=\"https:\/\/www.lemonde.fr\/international\/article\/2025\/12\/02\/face-a-nicolas-maduro-donald-trump-fait-monter-la-pression-sans-passer-a-l-acte_6655674_3210.html\" class=\"js-article-read-also catcher--favoris__link\" data-premium=\"1\" id=\"article-title-3449142\" target=\"_blank\" rel=\"noopener\">Face \u00e0 Nicolas Maduro, Donald Trump fait monter la pression sans passer \u00e0 l\u2019acte<\/a>    <\/p>\n<p>   Lire plus tard  <\/p>\n<p class=\"author__detail\">  Le Monde avec AFP  <\/p>\n<p>                <a href=\"https:\/\/www.lemonde.fr\/syndication\/\" class=\"reuse__content\" title=\"R\u00e9utiliser ce contenu\" target=\"_blank\" rel=\"noopener\">R\u00e9utiliser ce contenu<\/a>      <\/p>\n","protected":false},"excerpt":{"rendered":"La Prix Nobel de la paix\u00a02025, Maria Corina Machado, et le premier ministre norv\u00e9gien, Jonas Gahr Store, s\u2019adressent&hellip;\n","protected":false},"author":2,"featured_media":592706,"comment_status":"","ping_status":"","sticky":false,"template":"","format":"standard","meta":{"footnotes":""},"categories":[5],"tags":[11,1011,27,14,12,28],"class_list":{"0":"post-592705","1":"post","2":"type-post","3":"status-publish","4":"format-standard","5":"has-post-thumbnail","7":"category-international","8":"tag-actualites","9":"tag-fr","10":"tag-france","11":"tag-international","12":"tag-news","13":"tag-world"},"share_on_mastodon":{"url":"https:\/\/pubeurope.com\/@fr\/115700766031169820","error":""},"_links":{"self":[{"href":"https:\/\/www.europesays.com\/fr\/wp-json\/wp\/v2\/posts\/592705","targetHints":{"allow":["GET"]}}],"collection":[{"href":"https:\/\/www.europesays.com\/fr\/wp-json\/wp\/v2\/posts"}],"about":[{"href":"https:\/\/www.europesays.com\/fr\/wp-json\/wp\/v2\/types\/post"}],"author":[{"embeddable":true,"href":"https:\/\/www.europesays.com\/fr\/wp-json\/wp\/v2\/users\/2"}],"replies":[{"embeddable":true,"href":"https:\/\/www.europesays.com\/fr\/wp-json\/wp\/v2\/comments?post=592705"}],"version-history":[{"count":0,"href":"https:\/\/www.europesays.com\/fr\/wp-json\/wp\/v2\/posts\/592705\/revisions"}],"wp:featuredmedia":[{"embeddable":true,"href":"https:\/\/www.europesays.com\/fr\/wp-json\/wp\/v2\/media\/592706"}],"wp:attachment":[{"href":"https:\/\/www.europesays.com\/fr\/wp-json\/wp\/v2\/media?parent=592705"}],"wp:term":[{"taxonomy":"category","embeddable":true,"href":"https:\/\/www.europesays.com\/fr\/wp-json\/wp\/v2\/categories?post=592705"},{"taxonomy":"post_tag","embeddable":true,"href":"https:\/\/www.europesays.com\/fr\/wp-json\/wp\/v2\/tags?post=592705"}],"curies":[{"name":"wp","href":"https:\/\/api.w.org\/{rel}","templated":true}]}}