{"id":592707,"date":"2025-12-11T11:45:21","date_gmt":"2025-12-11T11:45:21","guid":{"rendered":"https:\/\/www.europesays.com\/fr\/592707\/"},"modified":"2025-12-11T11:45:21","modified_gmt":"2025-12-11T11:45:21","slug":"un-avion-secrase-juste-apres-son-decollage-a-laeroport-du-havre-le-pilote-toujours-introuvable","status":"publish","type":"post","link":"https:\/\/www.europesays.com\/fr\/592707\/","title":{"rendered":"Un avion s&rsquo;\u00e9crase juste apr\u00e8s son d\u00e9collage \u00e0 l&rsquo;a\u00e9roport du Havre : le pilote toujours introuvable"},"content":{"rendered":"<p>                    Par<br \/>\n        <strong><br \/>\n            <a href=\"https:\/\/actu.fr\/auteur\/yann-rivallan\" title=\"Consulter tous les articles de Yann Rivallan\" target=\"_blank\" rel=\"noopener\">Yann Rivallan<\/a><br \/>\n                    <\/strong><\/p>\n<p>        Publi\u00e9 le<\/p>\n<p>            11 d\u00e9c. 2025 \u00e0 10h38        <\/p>\n<p>Terrible drame \u00e0 l\u2019a\u00e9roport <a href=\"https:\/\/actu.fr\/normandie\/le-havre_76351\" target=\"_blank\" rel=\"noopener\">Le\u00a0Havre<\/a>-Octeville. Dans la matin\u00e9e du jeudi 11\u00a0d\u00e9cembre 2025, <strong>un avion de tourisme s\u2019est \u00e9cras\u00e9<\/strong>, confirme une source polici\u00e8re \u00e0 76actu. L\u2019accident est intervenu, selon notre source, \u00ab\u2009au moment de la phase de d\u00e9collage\u2009\u00bb, vers 7h50.<\/p>\n<p>Le pilote de l\u2019avion toujours introuvable<\/p>\n<p class=\" wall-content\">\u00c0 l\u2019heure o\u00f9 nous \u00e9crivons ces lignes, la police judiciaire est sur place pour les premi\u00e8res constatations. Les secours sont toujours \u00e0 la recherche <strong>d\u2019\u00e9ventuelles victimes<\/strong>. Selon le service communication de la pr\u00e9fecture, il y avait \u00ab\u2009a priori une seule personne \u00e0 bord, le pilote de l\u2019avion\u2009\u00bb. Une information confirm\u00e9e par le plan de vol de l\u2019appareil.<\/p>\n<p class=\" wall-content\">D\u2019apr\u00e8s le service communication de la pr\u00e9fecture, \u00ab\u00a0c\u2019est un t\u00e9moin qui a alert\u00e9 les secours en entendant le bruit du crash. Des d\u00e9bris ont rapidement \u00e9t\u00e9 retrouv\u00e9s dans le secteur\u00a0\u00bb.<\/p>\n<p><a class=\"jo-module-caroussel__img-container\" href=\"https:\/\/static.actu.fr\/uploads\/2025\/12\/unite-sauvetage-aeroport-havre-crash.jpg\" title=\"Agrandir la photo L\u2019unit\u00e9 de sauvetage et d\u2019appui est sur place pour retrouver le pilote de l\u2019avion. (\u00a9 EA\/76actu)\" data-idx=\"1\" target=\"_blank\" rel=\"noopener\"><br \/>\n    <img decoding=\"async\" class=\"jo-module-caroussel__img\" loading=\"lazy\" src=\"https:\/\/www.europesays.com\/fr\/wp-content\/uploads\/2025\/12\/unite-sauvetage-aeroport-havre-crash-640x427.jpg\" alt=\"L\u2019unit\u00e9 de sauvetage et d\u2019appui est sur place pour retrouver le pilote de l\u2019avion. (\u00a9 EA\/76actu)\" width=\"640\" height=\"427\"\/><\/a><a class=\"jo-module-caroussel__img-container\" href=\"https:\/\/static.actu.fr\/uploads\/2025\/12\/gendarmerie-crash-avion-aeroport-havre.jpg\" title=\"Agrandir la photo La gendarmerie est \u00e9galement sur place. (\u00a9 EA\/76actu)\" data-idx=\"2\" target=\"_blank\" rel=\"noopener\"><br \/>\n    <img decoding=\"async\" class=\"jo-module-caroussel__img\" loading=\"lazy\" src=\"https:\/\/www.europesays.com\/fr\/wp-content\/uploads\/2025\/12\/gendarmerie-crash-avion-aeroport-havre-640x427.jpg\" alt=\"La gendarmerie est \u00e9galement sur place. (\u00a9 EA\/76actu)\" width=\"640\" height=\"427\"\/><\/a><\/p>\n<p class=\" wall-content\">Le petit avion s\u2019est \u00e9cras\u00e9 \u00ab\u00a0dans <strong>les jardins ouvriers<\/strong> situ\u00e9s dans le Clos des Ronces, non loin du bout de la piste de l\u2019a\u00e9roport, \u00e0 proximit\u00e9 de la d\u00e9charge Dollemard\u00a0\u00bb, pr\u00e9cisent les services de l\u2019\u00c9tat.<\/p>\n<p>Vid\u00e9os : en ce moment sur Actu<\/p>\n<p class=\" wall-content\"><strong>Plus d\u2019informations \u00e0 venir.<\/strong><\/p>\n<p class=\" wall-content\"><strong>Avec \u00c9lo\u00efse Aub\u00e9<\/strong><\/p>\n<p>Suivez l\u2019actualit\u00e9 du\u00a0Havre sur <a href=\"https:\/\/www.whatsapp.com\/channel\/0029VaFqJYE8aKvLBwVrEe0o\" target=\"_blank\" rel=\"noopener\">notre cha\u00eene WhatsApp<\/a> et sur <a href=\"https:\/\/www.tiktok.com\/@76actu.fr?lang=fr\" target=\"_blank\" rel=\"noopener\">notre compte TikTok<\/a><\/p>\n<p class=\" wall-content\">Personnalisez votre actualit\u00e9 en ajoutant vos villes et m\u00e9dias en favori avec <a href=\"https:\/\/moncompte.actu.fr\" title=\"D\u00e9couvez Mon Actu\" rel=\"nofollow noopener\" data-trk=\"{&quot;cta&quot;:{&quot;action&quot;:&quot;https:\\\/\\\/moncompte.actu.fr&quot;,&quot;category&quot;:&quot;mon compte&quot;,&quot;from&quot;:&quot;article footer&quot;,&quot;name&quot;:&quot;Mon actu&quot;,&quot;type&quot;:&quot;cta&quot;}}\" target=\"_blank\">Mon Actu<\/a>.<\/p>\n<p>                    <script async src=\"\/\/www.tiktok.com\/embed.js\"><\/script><\/p>\n","protected":false},"excerpt":{"rendered":"Par Yann Rivallan Publi\u00e9 le 11 d\u00e9c. 2025 \u00e0 10h38 Terrible drame \u00e0 l\u2019a\u00e9roport Le\u00a0Havre-Octeville. Dans la matin\u00e9e&hellip;\n","protected":false},"author":2,"featured_media":592708,"comment_status":"","ping_status":"","sticky":false,"template":"","format":"standard","meta":{"footnotes":""},"categories":[4],"tags":[11,54041,118,1011,27,12,1311,25],"class_list":{"0":"post-592707","1":"post","2":"type-post","3":"status-publish","4":"format-standard","5":"has-post-thumbnail","7":"category-france","8":"tag-actualites","9":"tag-crash-avion","10":"tag-faits-divers","11":"tag-fr","12":"tag-france","13":"tag-news","14":"tag-pompiers","15":"tag-republique-francaise"},"share_on_mastodon":{"url":"https:\/\/pubeurope.com\/@fr\/115700769485387134","error":""},"_links":{"self":[{"href":"https:\/\/www.europesays.com\/fr\/wp-json\/wp\/v2\/posts\/592707","targetHints":{"allow":["GET"]}}],"collection":[{"href":"https:\/\/www.europesays.com\/fr\/wp-json\/wp\/v2\/posts"}],"about":[{"href":"https:\/\/www.europesays.com\/fr\/wp-json\/wp\/v2\/types\/post"}],"author":[{"embeddable":true,"href":"https:\/\/www.europesays.com\/fr\/wp-json\/wp\/v2\/users\/2"}],"replies":[{"embeddable":true,"href":"https:\/\/www.europesays.com\/fr\/wp-json\/wp\/v2\/comments?post=592707"}],"version-history":[{"count":0,"href":"https:\/\/www.europesays.com\/fr\/wp-json\/wp\/v2\/posts\/592707\/revisions"}],"wp:featuredmedia":[{"embeddable":true,"href":"https:\/\/www.europesays.com\/fr\/wp-json\/wp\/v2\/media\/592708"}],"wp:attachment":[{"href":"https:\/\/www.europesays.com\/fr\/wp-json\/wp\/v2\/media?parent=592707"}],"wp:term":[{"taxonomy":"category","embeddable":true,"href":"https:\/\/www.europesays.com\/fr\/wp-json\/wp\/v2\/categories?post=592707"},{"taxonomy":"post_tag","embeddable":true,"href":"https:\/\/www.europesays.com\/fr\/wp-json\/wp\/v2\/tags?post=592707"}],"curies":[{"name":"wp","href":"https:\/\/api.w.org\/{rel}","templated":true}]}}