{"id":592711,"date":"2025-12-11T11:48:20","date_gmt":"2025-12-11T11:48:20","guid":{"rendered":"https:\/\/www.europesays.com\/fr\/592711\/"},"modified":"2025-12-11T11:48:20","modified_gmt":"2025-12-11T11:48:20","slug":"mines-saint-etienne-stephane-avril-laureat-du-prix-imt-academie-des-sciences","status":"publish","type":"post","link":"https:\/\/www.europesays.com\/fr\/592711\/","title":{"rendered":"Mines Saint-Etienne\u00a0: St\u00e9phane Avril laur\u00e9at du Prix IMT Acad\u00e9mie des sciences"},"content":{"rendered":"<p><img fetchpriority=\"high\" decoding=\"async\" width=\"1024\" height=\"576\" src=\"https:\/\/www.europesays.com\/fr\/wp-content\/uploads\/2025\/12\/image-20251210153609-2-1024x576.jpg\" alt=\"\" class=\"wp-image-81331\"  \/><\/p>\n<p>Professeur en biom\u00e9canique \u00e0 <a href=\"https:\/\/www.if-saint-etienne.fr\/breves\/mines-saint-etienne-progresse-au-classement-impact-2023\" target=\"_blank\" rel=\"noreferrer noopener\">Mines Saint-\u00c9tienne<\/a> et directeur du laboratoire Sainbiose, St\u00e9phane Avril vient de remporter le Prix IMT Acad\u00e9mie des sciences. Il s\u2019est distingu\u00e9 pour ses travaux en biom\u00e9canique, qui ouvrent la voie \u00e0 la m\u00e9decine personnalis\u00e9e. Ses recherches ont permis de cr\u00e9er les premiers jumeaux num\u00e9riques personnalis\u00e9s de l\u2019aorte, afin de mieux anticiper les ruptures d\u2019an\u00e9vrisme et de guider la chirurgie.<\/p>\n<p>20 000 euros<\/p>\n<p>Pour rappel, le Prix IMT \u2013 Acad\u00e9mie des sciences r\u00e9compense un ou une scientifique ayant permis de faire progresser des probl\u00e9matiques issues du monde industriel, au service d\u2019une \u00e9conomie durable, dans l\u2019un des domaines scientifiques et technologiques concern\u00e9s : l\u2019industrie du futur responsable, la souverainet\u00e9 num\u00e9rique et sobri\u00e9t\u00e9, l\u2019\u00e9nergie, l\u2019\u00e9conomie circulaire et la soci\u00e9t\u00e9, et enfin l\u2019ing\u00e9nierie pour la sant\u00e9 et le bien-\u00eatre. St\u00e9phane Avril remporte ainsi une dotation de 20 000 euros. \u00ab Je remercie respectueusement l\u2019Acad\u00e9mie des sciences et l\u2019Institut Mines-T\u00e9l\u00e9com pour cette distinction qui honore un ensemble de travaux. J\u2019exprime \u00e9galement ma profonde gratitude \u00e0 <a href=\"https:\/\/www.mines-stetienne.fr\/\" target=\"_blank\" rel=\"noreferrer noopener\">Mines Saint-\u00c9tienne<\/a>, \u00e9cole de l\u2019IMT, qui m\u2019a offert la libert\u00e9 et les moyens de d\u00e9velopper une d\u00e9marche scientifique de long terme, notamment \u00e0 travers la cr\u00e9ation des start-up Predisurge et KaomX \u00bb.<\/p>\n","protected":false},"excerpt":{"rendered":"Professeur en biom\u00e9canique \u00e0 Mines Saint-\u00c9tienne et directeur du laboratoire Sainbiose, St\u00e9phane Avril vient de remporter le Prix&hellip;\n","protected":false},"author":2,"featured_media":592712,"comment_status":"","ping_status":"","sticky":false,"template":"","format":"standard","meta":{"footnotes":""},"categories":[9653],"tags":[1111,11,2430,1777,674,1011,27,12,25,4001],"class_list":{"0":"post-592711","1":"post","2":"type-post","3":"status-publish","4":"format-standard","5":"has-post-thumbnail","7":"category-saint-etienne","8":"tag-actu","9":"tag-actualites","10":"tag-auvergne-rhone-alpes","11":"tag-eu","12":"tag-europe","13":"tag-fr","14":"tag-france","15":"tag-news","16":"tag-republique-francaise","17":"tag-saint-etienne"},"share_on_mastodon":{"url":"https:\/\/pubeurope.com\/@fr\/115700781614530399","error":""},"_links":{"self":[{"href":"https:\/\/www.europesays.com\/fr\/wp-json\/wp\/v2\/posts\/592711","targetHints":{"allow":["GET"]}}],"collection":[{"href":"https:\/\/www.europesays.com\/fr\/wp-json\/wp\/v2\/posts"}],"about":[{"href":"https:\/\/www.europesays.com\/fr\/wp-json\/wp\/v2\/types\/post"}],"author":[{"embeddable":true,"href":"https:\/\/www.europesays.com\/fr\/wp-json\/wp\/v2\/users\/2"}],"replies":[{"embeddable":true,"href":"https:\/\/www.europesays.com\/fr\/wp-json\/wp\/v2\/comments?post=592711"}],"version-history":[{"count":0,"href":"https:\/\/www.europesays.com\/fr\/wp-json\/wp\/v2\/posts\/592711\/revisions"}],"wp:featuredmedia":[{"embeddable":true,"href":"https:\/\/www.europesays.com\/fr\/wp-json\/wp\/v2\/media\/592712"}],"wp:attachment":[{"href":"https:\/\/www.europesays.com\/fr\/wp-json\/wp\/v2\/media?parent=592711"}],"wp:term":[{"taxonomy":"category","embeddable":true,"href":"https:\/\/www.europesays.com\/fr\/wp-json\/wp\/v2\/categories?post=592711"},{"taxonomy":"post_tag","embeddable":true,"href":"https:\/\/www.europesays.com\/fr\/wp-json\/wp\/v2\/tags?post=592711"}],"curies":[{"name":"wp","href":"https:\/\/api.w.org\/{rel}","templated":true}]}}