{"id":592714,"date":"2025-12-11T11:50:19","date_gmt":"2025-12-11T11:50:19","guid":{"rendered":"https:\/\/www.europesays.com\/fr\/592714\/"},"modified":"2025-12-11T11:50:19","modified_gmt":"2025-12-11T11:50:19","slug":"grippe-un-centre-de-vaccination-ephemere-ouvert-vendredi-a-nancy-54","status":"publish","type":"post","link":"https:\/\/www.europesays.com\/fr\/592714\/","title":{"rendered":"Grippe : un centre de vaccination \u00e9ph\u00e9m\u00e8re ouvert vendredi \u00e0 Nancy (54)"},"content":{"rendered":"<ol class=\"breadcrumb\" itemscope=\"\" itemtype=\"https:\/\/schema.org\/BreadcrumbList\">\n<li class=\"breadcrumb-item active\" itemprop=\"itemListElement\" itemscope=\"\" itemtype=\"https:\/\/schema.org\/ListItem\"><a itemprop=\"item\" title=\"Accueil - Magnum la Radio!\" href=\"https:\/\/www.magnumlaradio.com\" target=\"_blank\" rel=\"noopener\">Accueil<\/a><\/li>\n<li class=\"breadcrumb-item active\" itemprop=\"itemListElement\" itemscope=\"\" itemtype=\"https:\/\/schema.org\/ListItem\"><a itemprop=\"item\" title=\"Actualit\u00e9s r\u00e9gionales - Magnum la Radio!\" href=\"https:\/\/www.magnumlaradio.com\/infos\/\" target=\"_blank\" rel=\"noopener\">Actualit\u00e9s r\u00e9gionales<\/a><\/li>\n<li class=\"breadcrumb-item active\" itemprop=\"itemListElement\" itemscope=\"\" itemtype=\"https:\/\/schema.org\/ListItem\"><a itemprop=\"item\" title=\"Sant\u00e9 - Magnum la Radio!\" href=\"https:\/\/www.magnumlaradio.com\/infos\/sante\/\" target=\"_blank\" rel=\"noopener\">Sant\u00e9<\/a><\/li>\n<li class=\"breadcrumb-item active\" itemprop=\"itemListElement\" itemscope=\"\" itemtype=\"https:\/\/schema.org\/ListItem\">Grippe : un centre de vaccination \u00e9ph\u00e9m\u00e8re ouvert vendredi \u00e0 Nancy (54)<\/li>\n<\/ol>\n<p>Ce nouveau centre de vaccination temporaire va ouvrir pour les publics fragiles ce vendredi 12 d\u00e9cembre \u00e0 l\u2019H\u00f4tel de Ville de Nancy.<\/p>\n<p>\t<img decoding=\"async\" src=\"data:image\/jpeg;base64,\/9j\/4AAQSkZJRgABAQAAAQABAAD\/2wBDAAYEBAUEBAYFBQUGBgYHCQ4JCQgICRINDQoOFRIWFhUSFBQXGiEcFxgfGRQUHScdHyIjJSUlFhwpLCgkKyEkJST\/2wBDAQYGBgkICREJCREkGBQYJCQkJCQkJCQkJCQkJCQkJCQkJCQkJCQkJCQkJCQkJCQkJCQkJCQkJCQkJCQkJCQkJCT\/wAARCAALABADASIAAhEBAxEB\/8QAFgABAQEAAAAAAAAAAAAAAAAABgQH\/8QAJBAAAQQBAwMFAAAAAAAAAAAAAQIDBAURABIxBhMhByJBkbH\/xAAUAQEAAAAAAAAAAAAAAAAAAAAG\/8QAGhEBAQADAQEAAAAAAAAAAAAAAQMAAhESMf\/aAAwDAQACEQMRAD8AXzui6+O2uxU024yyCtKMElZHAIzxoR6oSqR2DC7MRluykNh9zt5SGUYxgp43E\/QGo6LqS3TVTGxPe2pCseePaT+6za\/t59hYzpEqS466t9e5SvnzpDCtGvN34YerCfhdDiuf\/9k=\" class=\"attachment-large size-large wp-post-image\" alt=\"grippe\"  \/>\tPixabay &#8211; ronstik \u2022 Un centre de vaccination temporaire contre la grippe ouvre ce vendredi \u00e0 Nancy<\/p>\n<p>Face \u00e0 la progression de l\u2019\u00e9pid\u00e9mie de grippe <a href=\"https:\/\/www.grandnancy.eu\/actualites\/actualite\/news\/grippe-une-nouvelle-campagne-de-vaccination-est-lancee\" target=\"_blank\" data-type=\"URL\" data-id=\"https:\/\/www.grandnancy.eu\/actualites\/actualite\/news\/grippe-une-nouvelle-campagne-de-vaccination-est-lancee\" rel=\"noreferrer noopener\">dans l\u2019agglom\u00e9ration nanc\u00e9ienne<\/a>, les acteurs de la sant\u00e9 et les collectivit\u00e9s locales renforcent leur mobilisation. <\/p>\n<p>Apr\u00e8s une premi\u00e8re campagne de sensibilisation et l\u2019ouverture de centres de vaccination gratuits, ouvert aux plus de 65 ans et personnes \u00e0 risques les 31 octobre, 1er et 2 novembre dernier, une nouvelle action d\u2019envergure est d\u00e9ploy\u00e9e cette semaine.<\/p>\n<p>Des acteurs locaux et institutionnels unis<\/p>\n<p>Le Conseil territorial de sant\u00e9 54, l\u2019Agence r\u00e9gionale de sant\u00e9 (ARS), la CPAM 54, la Communaut\u00e9 professionnelle territoriale de sant\u00e9 du Grand Nancy (CPTS), la M\u00e9tropole du Grand Nancy, <a href=\"https:\/\/www.nancy.fr\/accueil\" target=\"_blank\" data-type=\"URL\" data-id=\"https:\/\/www.nancy.fr\/accueil\" rel=\"noreferrer noopener\">la ville de Nancy<\/a>, le CHRU, le Dispositif d\u2019appui \u00e0 la coordination de Meurthe-et-Moselle, le Conseil d\u00e9partemental et la pr\u00e9fecture du d\u00e9partement joignent de nouveau leurs forces sous la banni\u00e8re de La Vague, un collectif d\u00e9di\u00e9 \u00e0 la pr\u00e9vention sanitaire.<\/p>\n<p><img decoding=\"async\" loading=\"lazy\" width=\"1024\" height=\"206\" src=\"https:\/\/www.europesays.com\/fr\/wp-content\/uploads\/2025\/12\/image-22-1024x206.png\" alt=\"\" class=\"wp-image-97947\"  \/><\/p>\n<p>Une recrudescence des cas de grippe en Meurthe-et-Moselle<\/p>\n<p>La recrudescence <a href=\"https:\/\/www.magnumlaradio.com\/infos\/sante\/grippe-la-campagne-de-vaccination-prolongee-jusquau-28-fevrier\/68172\/\" target=\"_blank\" data-type=\"URL\" data-id=\"https:\/\/www.magnumlaradio.com\/infos\/sante\/grippe-la-campagne-de-vaccination-prolongee-jusquau-28-fevrier\/68172\/\" rel=\"noreferrer noopener\">des cas de grippe<\/a> dans le d\u00e9partement a acc\u00e9l\u00e9r\u00e9 la mise en place de ce centre de vaccination temporaire, gratuit et sans rendez-vous, destin\u00e9 aux personnes de plus de 65 ans ainsi qu\u2019aux publics \u00e0 risques.<\/p>\n<p>Il sera ouvert ce vendredi 12 d\u00e9cembre, de 13 h \u00e0 17 h, \u00e0 la salle Mienville de l\u2019H\u00f4tel de Ville de Nancy.<\/p>\n<p><img decoding=\"async\" loading=\"lazy\" width=\"400\" height=\"400\" src=\"https:\/\/www.europesays.com\/fr\/wp-content\/uploads\/2025\/12\/1765453819_62_image-23.png\" alt=\"grippe\" class=\"wp-image-97949\"  \/>L\u2019affiche de la vaccination grippe<\/p>\n<p>Un objectif clair<\/p>\n<p>Objectif affich\u00e9 : offrir une r\u00e9ponse rapide \u00e0 l\u2019\u00e9volution de la situation \u00e9pid\u00e9mique et faciliter l\u2019acc\u00e8s \u00e0 la vaccination, encore consid\u00e9r\u00e9e par les autorit\u00e9s sanitaires comme la meilleure protection contre les formes s\u00e9v\u00e8res de la grippe.<\/p>\n","protected":false},"excerpt":{"rendered":"Accueil Actualit\u00e9s r\u00e9gionales Sant\u00e9 Grippe : un centre de vaccination \u00e9ph\u00e9m\u00e8re ouvert vendredi \u00e0 Nancy (54) Ce nouveau&hellip;\n","protected":false},"author":2,"featured_media":592715,"comment_status":"","ping_status":"","sticky":false,"template":"","format":"standard","meta":{"footnotes":""},"categories":[9635],"tags":[1111,11,1777,674,1011,27,775,1702,12,25],"class_list":{"0":"post-592714","1":"post","2":"type-post","3":"status-publish","4":"format-standard","5":"has-post-thumbnail","7":"category-nancy","8":"tag-actu","9":"tag-actualites","10":"tag-eu","11":"tag-europe","12":"tag-fr","13":"tag-france","14":"tag-grand-est","15":"tag-nancy","16":"tag-news","17":"tag-republique-francaise"},"share_on_mastodon":{"url":"https:\/\/pubeurope.com\/@fr\/115700790108302501","error":""},"_links":{"self":[{"href":"https:\/\/www.europesays.com\/fr\/wp-json\/wp\/v2\/posts\/592714","targetHints":{"allow":["GET"]}}],"collection":[{"href":"https:\/\/www.europesays.com\/fr\/wp-json\/wp\/v2\/posts"}],"about":[{"href":"https:\/\/www.europesays.com\/fr\/wp-json\/wp\/v2\/types\/post"}],"author":[{"embeddable":true,"href":"https:\/\/www.europesays.com\/fr\/wp-json\/wp\/v2\/users\/2"}],"replies":[{"embeddable":true,"href":"https:\/\/www.europesays.com\/fr\/wp-json\/wp\/v2\/comments?post=592714"}],"version-history":[{"count":0,"href":"https:\/\/www.europesays.com\/fr\/wp-json\/wp\/v2\/posts\/592714\/revisions"}],"wp:featuredmedia":[{"embeddable":true,"href":"https:\/\/www.europesays.com\/fr\/wp-json\/wp\/v2\/media\/592715"}],"wp:attachment":[{"href":"https:\/\/www.europesays.com\/fr\/wp-json\/wp\/v2\/media?parent=592714"}],"wp:term":[{"taxonomy":"category","embeddable":true,"href":"https:\/\/www.europesays.com\/fr\/wp-json\/wp\/v2\/categories?post=592714"},{"taxonomy":"post_tag","embeddable":true,"href":"https:\/\/www.europesays.com\/fr\/wp-json\/wp\/v2\/tags?post=592714"}],"curies":[{"name":"wp","href":"https:\/\/api.w.org\/{rel}","templated":true}]}}