{"id":592724,"date":"2025-12-11T11:55:30","date_gmt":"2025-12-11T11:55:30","guid":{"rendered":"https:\/\/www.europesays.com\/fr\/592724\/"},"modified":"2025-12-11T11:55:30","modified_gmt":"2025-12-11T11:55:30","slug":"dernier-conseil-de-la-metropole-de-montpellier-du-mandat-de-michael-delafosse","status":"publish","type":"post","link":"https:\/\/www.europesays.com\/fr\/592724\/","title":{"rendered":"Dernier conseil de la M\u00e9tropole de Montpellier du mandat de Micha\u00ebl Delafosse"},"content":{"rendered":"<p>                    Par<br \/>\n        <strong><br \/>\n            <a href=\"https:\/\/actu.fr\/auteur\/c-nithard\" title=\"Consulter tous les articles de C\u00e9dric Nithard\" target=\"_blank\" rel=\"noopener\">C\u00e9dric Nithard<\/a><br \/>\n                    <\/strong><\/p>\n<p>        Publi\u00e9 le<\/p>\n<p>            11 d\u00e9c. 2025 \u00e0 11h28        <\/p>\n<p>Ce mardi 9 d\u00e9cembre se tenait <strong>le dernier conseil<\/strong> de <strong>la M\u00e9tropole de Montpellier<\/strong> du mandat de <strong>Micha\u00ebl Delafosse<\/strong>. L\u2019occasion, au d\u00e9tour des 128 affaires \u00e0 l\u2019ordre du jour, de <strong>d\u00e9fendre le bilan<\/strong> de l\u2019action de la collectivit\u00e9 quand <strong>l\u2019opposition montpelli\u00e9raine<\/strong> a livr\u00e9 ses derni\u00e8res attaques dans l\u2019h\u00e9micycle sur fond de <strong>campagne municipale<\/strong>. Comme un r\u00e9sum\u00e9 de ces six derni\u00e8res ann\u00e9es\u2026<\/p>\n<p>Trois \u00e9cologistes \u00e0 l\u2019attaque<\/p>\n<p class=\" wall-content\">Le dernier conseil d\u2019un ex\u00e9cutif se d\u00e9roule g\u00e9n\u00e9ralement dans une ambiance t\u00e9moignant de la mani\u00e8re dont s\u2019est d\u00e9roul\u00e9 le mandat. \u00c0 ce titre, l\u2019ultime s\u00e9ance de Micha\u00ebl Delafosse \u00e0 la t\u00eate de la M\u00e9tropole de Montpellier n\u2019a pas \u00e9t\u00e9 diff\u00e9rente de la plupart des pr\u00e9c\u00e9dentes. Les \u00e9lus des 31 communes, dont les maires, ont largement fait consensus autour des politiques men\u00e9es durant six ans. Seuls les \u00e9lus issus de l\u2019opposition montpelli\u00e9raine ont marqu\u00e9 leurs diff\u00e9rences.<\/p>\n<p class=\" wall-content\">Quelques affaires traitant de la question des d\u00e9chets ont offert les derniers traditionnels \u00e9changes entre l\u2019\u00e9cologiste Fran\u00e7ois Vasquez et l\u2019insoumis Ren\u00e9 Revol. Ayant toujours pr\u00f4n\u00e9 la mutualisation avec S\u00e8te et Lunel pour \u00e9viter l\u2019option du CSR, l\u2019ancien vice-pr\u00e9sident d\u00e9nonce \u00ab\u00a0mensonges\u00a0\u00bb et \u00ab\u00a0manipulations\u00a0\u00bb en voyant son successeur annoncer une entente avec l\u2019Ile Singuli\u00e8re pour utiliser son ancienne usine durant quatre ans. Comme toujours, le maire de Grabels, pr\u00e9textant \u00e9galement \u00ab\u00a0ne pas vouloir s\u2019immiscer dans la campagne municipale\u00a0\u00bb, laisse glisser les attaques en r\u00e9pondant sur le fond et renvoyant la question du CSR \u00e0 2026 lors de l\u2019enqu\u00eate publique. \u00ab\u00a0L\u2019information des citoyens est de plus en plus \u00e9clair\u00e9e\u00a0\u00bb note-t-il quand Fran\u00e7ois Vasquez, s\u2019adressant \u00e0 Micha\u00ebl Delafosse, ass\u00e8ne : \u00ab\u00a0Vous \u00eates le maire-pr\u00e9sident qui a le plus utilis\u00e9 le mot \u00ab\u00a0respirer\u00a0\u00bb mais vous resterez comme celui qui a le plus pollu\u00e9\u00a0\u00bb. Las de ce genre de saillies, comme l\u2019ensemble de l\u2019assembl\u00e9e, Micha\u00ebl Delafosse louera simplement en r\u00e9ponse \u00ab\u00a0la rigueur\u00a0\u00bb de son actuel vice-pr\u00e9sident. Comme quoi, un socialiste peut travailler avec un insoumis\u2026<\/p>\n<p class=\" wall-content\">Sur le m\u00eame ton, C\u00e9lia Serrano, autre \u00e9cologiste montpelli\u00e9raine, tenta de monter \u00e0 la charge sur ce qu\u2019elle estime \u00eatre \u00ab\u00a0un scandale culturel et financier qu\u2019est l\u2019abandon pur et simple du Domaine d\u2019O et du Printemps des Com\u00e9dien\u00a0\u00bb en jugeant que Micha\u00ebl Delafosse \u00ab\u00a0\u00e9choue chaque jour \u00e0 assurer l\u2019avenir culturel de notre m\u00e9tropole\u00a0\u00bb. Un \u00ab\u00a0requiem\u00a0\u00bb ou \u00ab\u00a0un r\u00e9quisitoire\u00a0\u00bb, comme il qualifiera l\u2019intervention, que le pr\u00e9sident balaiera par la longue liste des \u00e9v\u00e9nements et festivals se produisant dans la m\u00e9tropole et justifiera la vigilance financi\u00e8re de la collectivit\u00e9 quant au Domaine d\u2019O. \u00ab\u00a0Les directions artistiques ont une libert\u00e9 de programmation mais elles ont aussi une obligation de respecter les budgets allou\u00e9s pour le service public de la culture\u00a0\u00bb, argumentera-t-il.<\/p>\n<p class=\" wall-content\">Enfin, si elle pr\u00e9cise qu\u2019il s\u2019agit \u00ab\u00a0de soup\u00e7ons rapport\u00e9s que seule la justice pourra \u00e9tablir\u00a0\u00bb, c\u2019est bien suffisant pour que Coralie Mantion \u00e9voque \u00ab\u00a0une potentielle affaire de corruption, de biens sociaux ou de conflits d\u2019int\u00e9r\u00eats dans l\u2019attribution de certains march\u00e9s du chantier de la ligne 5 de tramway\u00a0\u00bb et demander des \u00e9claircissements \u00e0 l\u2019ex\u00e9cutif quant \u00e0 la gestion de la TaM. \u00ab\u00a0Il y a une proc\u00e9dure engag\u00e9e en interne car il y a eu manquement et qui a fait l\u2019objet d\u2019un signalement aupr\u00e8s de l\u2019autorit\u00e9 judiciaire \u00e0 qui il appartient de se prononcer\u00a0\u00bb, r\u00e9pondra calmement Micha\u00ebl Delafosse en renouvelant sa confiance en Lo\u00efc Messner, directeur g\u00e9n\u00e9ral de la TaM. Les trois \u00e9cologistes poursuivront leurs combats dans la campagne municipale \u00e0 Montpellier aux c\u00f4t\u00e9s de Jean-Louis Roum\u00e9gas et du Printemps Montpelli\u00e9rain.<\/p>\n<p>Alenka Doulain sur tous les fronts<\/p>\n<p class=\" wall-content\">Dans le groupe MUPES, souvent absente pour raisons professionnelles, Clothilde Ollier a pris la d\u00e9fense des salari\u00e9s du fun\u00e9rarium de Grammont ou encore des agents qui ont vu le plan de lutte contre l\u2019absent\u00e9isme mis en place par la M\u00e9tropole annul\u00e9 par le tribunal administratif. \u00c0 ses c\u00f4t\u00e9s, ayant jou\u00e9 le r\u00f4le d\u2019opposante num\u00e9ro un durant tout le mandat, Alenka Doulain n\u2019a pas d\u00e9rog\u00e9 \u00e0 la r\u00e8gle en attaquant d\u2019abord sur les d\u00e9chets. \u00ab\u00a0Il aura fallu attendre six ans pour que le mot coop\u00e9ration apparaisse et que l\u2019on se tourne humblement vers nos voisins\u00a0\u00bb en pointant \u00ab\u00a0une m\u00e9tropole qui s\u2019est enlis\u00e9e dans les solutions priv\u00e9es les plus co\u00fbteuses et les moins \u00e9cologiques\u00a0\u00bb.<\/p>\n<p>Vid\u00e9os : en ce moment sur Actu<\/p>\n<p class=\" wall-content\">S\u2019adressant \u00e0 Micha\u00ebl Delafosse, elle juge que sa \u00ab\u00a0conception de la gouvernance territoriale est celle d\u2019une m\u00e9tropole qui veut tout absorber, tout contr\u00f4ler et autour duquel tout doit tourner\u00a0\u00bb et estime que \u00ab\u00a0la gouvernance apais\u00e9e que vous revendiquez \u00e9tait une gouvernance aseptis\u00e9e, vid\u00e9e de toute coop\u00e9ration r\u00e9elle\u00a0\u00bb. Plus tard, face \u00e0 ce qu\u2019elle voit comme un manque de moyens humains mis sur le dispositif du permis de louer, Alenka Doulain ass\u00e8ne : \u00ab\u00a0C\u2019est un manque d\u2019ambition qui r\u00e9v\u00e8le une affection pour les mesures de fa\u00e7ades\u00a0\u00bb, puis, sur les mobilit\u00e9s, juge que la collectivit\u00e9 \u00ab\u00a0n\u2019a pas r\u00e9ussi \u00e0 proposer des alternatives cr\u00e9dibles \u00e0 celles et ceux qui doivent prendre la voiture\u00a0\u00bb, ou encore sur la Paillade, \u00ab\u00a0un quartier soi-disant prioritaire et un mandat de perdu sur l\u2019am\u00e9nagement du Sud du quartier avec l\u2019ensemble de vos \u00e9checs qu\u2019il s\u2019agisse du projet du stade ou du transfert avort\u00e9 de la clinique\u00a0\u00bb.<\/p>\n<p>    <a href=\"https:\/\/www.google.com\/maps\/embed?pb=!1m18!1m12!1m3!1d2888.9440532468443!2d3.8858850831089633!3d43.60770648088206!2m3!1f0!2f0!3f0!3m2!1i1024!2i768!4f13.1!3m3!1m2!1s0x12b6ae41966cf161%3A0x88894c8cf7ae264b!2sMontpellier%20M%C3%A9diterran%C3%A9e%20M%C3%A9tropole!5e0!3m2!1sfr!2sfr!4v1765481347686!5m2!1sfr!2sfr\" title=\"Ouvrie le lien\" target=\"_blank\" rel=\"noopener\">Cliquez ici pour visualiser le contenu<\/a><\/p>\n<p>Votre r\u00e9gion, votre actu !<\/p>\n<p>Recevez chaque jour les infos qui comptent pour vous.<\/p>\n<p>\t<a href=\"https:\/\/actu.fr\/newsletter\" class=\"ac-btn ac-btn--corner ac-btn--medium ac-btn--blue800\" target=\"_blank\" rel=\"noopener\">S&rsquo;incrire<\/a><\/p>\n<p class=\" wall-content\">L\u2019opposante d\u00e9crit ainsi \u00ab\u00a0une m\u00e9tropole \u00e0 deux vitesses avec un centre-ville abondamment dot\u00e9 et des quartiers populaires somm\u00e9s d\u2019attendre des plans\u00a0\u00bb avant de charger plus violemment quant \u00e0 \u00ab\u00a0des marques de m\u00e9pris lorsque vous avez parl\u00e9 des jeunes en claquettes-chaussettes ou lorsque vous utilisez le terme de reconqu\u00eate pour qualifier la r\u00e9novation de Celleneuve. Le mot n\u2019est pas neutre et il charrie tout un imaginaire politique que vous pr\u00e9tendez combattre. Sauf qu\u2019\u00e0 force de courir apr\u00e8s les mots, on finit par courir apr\u00e8s les id\u00e9es\u00a0\u00bb. Le ton monte ensuite quand Alenka Doulain s\u2019offusque des \u00ab\u00a0personnes invit\u00e9es pour le 120e anniversaire de la loi la\u00efcit\u00e9 qui sont notoirement connus pour instrumentaliser la la\u00efcit\u00e9 afin de stigmatiser les musulmans de notre pays\u00a0\u00bb. Un point, en ce 9 d\u00e9cembre justement, qui provoqua la col\u00e8re froide du pr\u00e9sident de la M\u00e9tropole : \u00ab\u00a0On me reproche d\u2019avoir invit\u00e9 Henri Pena-Ruiz auteur du \u00ab\u00a0Dictionnaire amoureux de la la\u00efcit\u00e9, le grand historien Patrick Weil et l\u2019avocat de Charlie Hebdo Richard Malka. Je trouve que vos propos l\u2019endroit de ces personnes avec vos sous-entendus sont absolument inadmissibles eut \u00e9gard \u00e0 ce qu\u2019ils apportent au d\u00e9bat public\u00a0\u00bb.\u00a0<\/p>\n<p class=\" wall-content\">Des attaques sur diff\u00e9rents sujets par\u00e9s par de longs argumentaires et plusieurs soupirs de Micha\u00ebl Delafosse. \u00ab\u00a0C\u2019est tellement facile de critiquer et faire est difficile. \u00c9videmment vous voulez instrumentaliser tout \u00e7a, la campagne est \u00e0 l\u2019oeuvre\u00a0\u00bb, balaye-t-il en invitant \u00e0 \u00ab\u00a0ne pas faire de mauvais proc\u00e8s mais soutenir l\u2019action engag\u00e9e\u00a0\u00bb avant de sembler perdre espoir : \u00ab\u00a0Le niveau de mauvaise foi qui est le v\u00f4tre est absolument ahurissant. Je vous laisse avoir vos positions de campagne\u00a0\u00bb. Une campagne que Alenka Doulain et Clothilde Ollier m\u00e8neront au sein du mouvement municipaliste Cause Commune.<\/p>\n<p>Serge Guiseppin, \u00ab\u00a0une opposition intelligente\u00a0\u00bb<\/p>\n<p class=\" wall-content\">Si Serge Guiseppin a partag\u00e9 la liste de Mohed Altrad avec les deux pr\u00e9c\u00e9dentes \u00e9lues pour se retrouver \u00e0 si\u00e9ger c\u00f4te \u00e0 c\u00f4te, leurs routes politiques se sont imm\u00e9diatement s\u00e9par\u00e9es d\u00e8s les premiers conseils. Ce dernier l\u2019a d\u2019autant plus d\u00e9montr\u00e9. \u00c0 la t\u00eate de la commission des finances, poste traditionnellement confi\u00e9 \u00e0 un membre de l\u2019opposition, Serge Guiseppin a salu\u00e9 \u00ab\u00a0le travail et les d\u00e9bats tenus dans un esprit r\u00e9publicain\u00a0\u00bb. Sur \u00ab\u00a0les investissements massifs\u00a0\u00bb, il estime que \u00ab\u00a0chaque euro p\u00e8se mais nous avions besoin de rattraper des retards\u00a0\u00bb et pointe des \u00ab\u00a0r\u00e9alisations n\u00e9cessaires\u00a0\u00bb. Et s\u2019il constate comme tous \u00ab\u00a0une \u00e9volution exponentielle de l\u2019endettement laissant craindre une situation complexe\u00a0\u00bb, il reste optimiste quant \u00e0 une am\u00e9lioration. \u00ab\u00a0Certains indices sont rassurants. Nous aurions pr\u00e9f\u00e9r\u00e9 un endettement moindre mais c\u2019\u00e9tait le prix \u00e0 payer pour rattraper notre retard \u00ab\u00a0. Serge Guiseppin n\u2019a par ailleurs pas manqu\u00e9 d\u2019adresser un plaidoyer en faveur des entreprises. \u00ab\u00a0Nous avons oeuvr\u00e9 pour le transport, le logement, la culture, le sport, la pr\u00e9vention des inondations\u2026 mais n\u2019oublions jamais que le d\u00e9veloppement \u00e9conomique repr\u00e9sente 80% de nos recettes fiscales. Secteur qui manifeste peu mais attend beaucoup de la collectivit\u00e9. M\u00eame si ce n\u2019est jamais de gaiet\u00e9 de coeur de contribuer \u00e0 l\u2019imp\u00f4t mais le bien-vivre dans notre m\u00e9tropole \u00e0 un prix et ils y participent pleinement\u00a0\u00bb.<\/p>\n<p class=\" wall-content\">Autant dire que l\u2019ex\u00e9cutif a bu comme du petit lait l\u2019intervention et en premier lieu Renaud Calvat. \u00ab\u00a0Quand on pratique une opposition intelligente, c\u2019est gagnant pour l\u2019int\u00e9r\u00eat g\u00e9n\u00e9ral. Vous nous avez challeng\u00e9s sur un certain nombre de sujet et c\u2019\u00e9tait tr\u00e8s constructif\u00a0\u00bb salua le vice-pr\u00e9sident d\u00e9l\u00e9gu\u00e9 aux finances qui en profita pour \u00ab\u00a0corriger des mensonges colport\u00e9s\u00a0\u00bb quant \u00e0 l\u2019encourt de la dette. \u00ab\u00a0L\u2019encourt de dette est pass\u00e9 de 800M\u20ac \u00e0 1,3Md\u20ac et nous avons investi 2Mds\u20ac. C\u2019est dire la bonne gestion qui a \u00e9t\u00e9 la n\u00f4tre et les partenariats que nous avons tiss\u00e9 pour obtenir des cr\u00e9dits. Voil\u00e0 la r\u00e9alit\u00e9 des chiffres. J\u2019ai lu des choses tellement hallucinantes\u00a0\u00bb regretta-t-il. Tout comme l\u2019absence d\u2019\u00e9lus du groupe de Philippe Saurel qui\u00a0 \u00e9voquent r\u00e9guli\u00e8rement une possible mise sous tutelle de la collectivit\u00e9 et qui aurait pu r\u00e9pliquer. Peut-\u00eatre le feront-ils durant la campagne si l\u2019ancien maire se d\u00e9clare candidat.<\/p>\n<p>Les \u00e9cologiste et les autres communes<\/p>\n<p class=\" wall-content\">Si le terrain d\u2019affrontement restait jusque-l\u00e0 centr\u00e9 sur Montpellier, l\u2019intervention de l\u2019\u00e9cologiste Coralie Mantion qui s\u2019offusqua, au nom de \u00ab\u00a0la d\u00e9fense d\u2019un territoire vivable, respirable et r\u00e9silient\u00a0\u00bb, de la cession d\u2019un terrain situ\u00e9 \u00e0 Lattes pour y implanter une station de tramway \u00e0 proximit\u00e9 d\u2019Ode \u00e0 la Mer o\u00f9 sont pr\u00e9vus des logements dans les ann\u00e9es \u00e0 venir, le d\u00e9pla\u00e7a \u00e0 l\u2019\u00e9chelle de la M\u00e9tropole. \u00ab\u00a0Nous avons r\u00e9ussi \u00e0 passer ce dossier avec l\u2019ensemble des mesures environnementales et on cr\u00e9e une station o\u00f9 il y a d\u00e9j\u00e0 de l\u2019urbanisation donc cela va exactement dans le sens que vous demandez\u00a0\u00bb souffla d\u2019abord, presque calmement, le maire de Lattes Cyril Meunier.<\/p>\n<p class=\" wall-content\">Une intervention compl\u00e9t\u00e9 par celle d\u2019un autre conseiller de la commune Bernard Modot. Apr\u00e8s 2h30 de s\u00e9ance, celui-ci cacha \u00e0 peine son agacement. \u00ab\u00a0Je veux bien qu\u2019il y ait la campagne \u00e9lectorale \u00e0 Montpellier. Depuis le d\u00e9but de ce conseil, on a pris acte. On prend acte aussi que les \u00e9cologistes s\u2019occupent de Grabels, de Lattes, de toutes les communes\u2026 Cela commence \u00e0 faire beaucoup. Ode \u00e0 la Me ce sont des boites \u00e0 chaussures avec des parkings b\u00e9tonn\u00e9s \u00e0 perte de vue. On aimerait depuis que \u00e7a dure, qu\u2019on nous laisse un peu tranquille. On est quand m\u00eame un peu responsable \u00e0 Lattes et on aime quand m\u00eame bien la nature. Il faut arr\u00eater les campagnes \u00e9lectorales l\u00e0-dessus\u00a0\u00bb. Ce n\u2019est pas la premi\u00e8re fois du mandat que les \u00e9cologistes sont ainsi point\u00e9s par des \u00e9lus des autres communes.<\/p>\n<p>Des lauriers<\/p>\n<p class=\" wall-content\">Un dernier conseil qui fut par ailleurs l\u2019occasion d\u2019honorer plusieurs \u00e9lus. En d\u00e9but, des f\u00e9licitations ont \u00e9t\u00e9 adress\u00e9es \u00e0 Marie-Delphine Parpillon, conseill\u00e8re municipale \u00e0 la mairie de Juvignac et conseill\u00e8re m\u00e9tropolitaine pour son troisi\u00e8me titre de championne du monde v\u00e9t\u00e9rans en judo. Mais surtout, en conclusion de la s\u00e9ance, six maires (Brigitte Devoiselle (Montferrier-sur-Lez), R\u00e9gine Illaire (Cournonsec), Eliane Lloret (Sussargues), Arnaud Moynier (Beaulieu), Isabelle Touzard (Murviel-les-Montpellier), Claudine Vassas-Mejri (Castries)), qui ont d\u00e9cid\u00e9 de ne pas se repr\u00e9senter, furent saluer. \u00ab\u00a0\u00c0 chaque fois que j\u2019ai eu le privil\u00e8ge de venir dans vos communes et d\u2019\u00e9changer, on a senti la passion de vos administr\u00e9s et de faire que vos communes puissent aller de l\u2019avant\u00a0\u00bb leur a adress\u00e9 Micha\u00ebl Delafosse.<\/p>\n<p class=\" wall-content\">Parmi eux, Arnaud Moynier a dress\u00e9 des lauriers au pr\u00e9sident de la M\u00e9tropole avouant \u00ab\u00a0sa stup\u00e9faction face au calme que vous arrivez \u00e0 garder malgr\u00e9 tous les noms d\u2019oiseau que l\u2019on vous affuble\u00a0\u00bb en voyant en lui \u00ab\u00a0un signe d\u2019ouverture et d\u2019apaisement dans cette assembl\u00e9e\u00a0\u00bb et saluant sa \u00ab\u00a0profonde \u00e9coute et l\u2019int\u00e9grit\u00e9 qui se d\u00e9gage de votre personne\u00a0\u00bb ainsi que son \u00ab\u00a0honn\u00eatet\u00e9 intellectuel et moral\u00a0\u00bb. S\u2019ils sont de deux bords oppos\u00e9s qui se sont affront\u00e9s lors de l\u00e9gislatives d\u00e9roul\u00e9es dans \u00ab\u00a0un profond respect\u00a0\u00bb, le maire de Beaulieu conclut : \u00ab\u00a0Vous \u00eates un exemple pour moi. Vous n\u2019allez pas faire de moi un socialiste aujourd\u2019hui, mais, je regarde d\u2019abord l\u2019homme et l\u2019humain, et je pense que Montpellier a de la chance de vous avoir\u00a0\u00bb.<\/p>\n<p class=\" wall-content\">Un sentiment partag\u00e9 par Isabelle Touzard, qui fut \u00e0 la t\u00eate d\u2019une importante d\u00e9l\u00e9gation (Transition \u00e9cologique et solidaire, Biodiversit\u00e9, Energie, Agro\u00e9cologie et Alimentation), et qui a \u00e9galement soulign\u00e9 \u00ab\u00a0un mandat d\u2019une s\u00e9r\u00e9nit\u00e9 vraiment incroyable par rapport \u00e0 ce que j\u2019ai v\u00e9cu avant et on te le doit beaucoup\u00a0\u00bb en s\u2019adressant \u00e0 Micha\u00ebl Delafosse tout en notant \u00ab\u00a0un esprit d\u2019\u00e9quipe avec les autres vice-pr\u00e9sidents. Nous n\u2019\u00e9tions pas dans le politicien. J\u2019ai v\u00e9cu six ann\u00e9es au service de l\u2019int\u00e9r\u00eat g\u00e9n\u00e9ral et de politiques publiques au sens noble du terme. M\u00eame si nous n\u2019\u00e9tions pas d\u2019accord sur tous les dossiers, il y a toujours eu du respect\u00a0\u00bb. Depuis le d\u00e9but du mandat, 223 commissions th\u00e9matiques ont pr\u00e9par\u00e9 les 36 s\u00e9ances du conseil de m\u00e9tropole soit plus de 183 heures de d\u00e9bat au cours desquelles 93% des 3 124 d\u00e9lib\u00e9rations ont \u00e9t\u00e9 adopt\u00e9es \u00e0 l\u2019unanimit\u00e9. Un signe sans doute que la collectivit\u00e9 a su avancer au-del\u00e0 de la politique et des critiques.\u00a0<\/p>\n<p class=\" wall-content\">Personnalisez votre actualit\u00e9 en ajoutant vos villes et m\u00e9dias en favori avec <a href=\"https:\/\/moncompte.actu.fr\" title=\"D\u00e9couvez Mon Actu\" rel=\"nofollow noopener\" data-trk=\"{&quot;cta&quot;:{&quot;action&quot;:&quot;https:\\\/\\\/moncompte.actu.fr&quot;,&quot;category&quot;:&quot;mon compte&quot;,&quot;from&quot;:&quot;article footer&quot;,&quot;name&quot;:&quot;Mon actu&quot;,&quot;type&quot;:&quot;cta&quot;}}\" target=\"_blank\">Mon Actu<\/a>.<\/p>\n","protected":false},"excerpt":{"rendered":"Par C\u00e9dric Nithard Publi\u00e9 le 11 d\u00e9c. 2025 \u00e0 11h28 Ce mardi 9 d\u00e9cembre se tenait le dernier&hellip;\n","protected":false},"author":2,"featured_media":592725,"comment_status":"","ping_status":"","sticky":false,"template":"","format":"standard","meta":{"footnotes":""},"categories":[9599],"tags":[1111,11,1777,674,1011,27,2208,12,2680,316,25],"class_list":{"0":"post-592724","1":"post","2":"type-post","3":"status-publish","4":"format-standard","5":"has-post-thumbnail","7":"category-montpellier","8":"tag-actu","9":"tag-actualites","10":"tag-eu","11":"tag-europe","12":"tag-fr","13":"tag-france","14":"tag-montpellier","15":"tag-news","16":"tag-occitanie","17":"tag-politique","18":"tag-republique-francaise"},"share_on_mastodon":{"url":"https:\/\/pubeurope.com\/@fr\/115700808100628889","error":""},"_links":{"self":[{"href":"https:\/\/www.europesays.com\/fr\/wp-json\/wp\/v2\/posts\/592724","targetHints":{"allow":["GET"]}}],"collection":[{"href":"https:\/\/www.europesays.com\/fr\/wp-json\/wp\/v2\/posts"}],"about":[{"href":"https:\/\/www.europesays.com\/fr\/wp-json\/wp\/v2\/types\/post"}],"author":[{"embeddable":true,"href":"https:\/\/www.europesays.com\/fr\/wp-json\/wp\/v2\/users\/2"}],"replies":[{"embeddable":true,"href":"https:\/\/www.europesays.com\/fr\/wp-json\/wp\/v2\/comments?post=592724"}],"version-history":[{"count":0,"href":"https:\/\/www.europesays.com\/fr\/wp-json\/wp\/v2\/posts\/592724\/revisions"}],"wp:featuredmedia":[{"embeddable":true,"href":"https:\/\/www.europesays.com\/fr\/wp-json\/wp\/v2\/media\/592725"}],"wp:attachment":[{"href":"https:\/\/www.europesays.com\/fr\/wp-json\/wp\/v2\/media?parent=592724"}],"wp:term":[{"taxonomy":"category","embeddable":true,"href":"https:\/\/www.europesays.com\/fr\/wp-json\/wp\/v2\/categories?post=592724"},{"taxonomy":"post_tag","embeddable":true,"href":"https:\/\/www.europesays.com\/fr\/wp-json\/wp\/v2\/tags?post=592724"}],"curies":[{"name":"wp","href":"https:\/\/api.w.org\/{rel}","templated":true}]}}