{"id":592728,"date":"2025-12-11T11:57:15","date_gmt":"2025-12-11T11:57:15","guid":{"rendered":"https:\/\/www.europesays.com\/fr\/592728\/"},"modified":"2025-12-11T11:57:15","modified_gmt":"2025-12-11T11:57:15","slug":"rouen-il-double-les-policiers-a-toute-vitesse-et-multiplie-les-infractions-sous-leurs-yeux","status":"publish","type":"post","link":"https:\/\/www.europesays.com\/fr\/592728\/","title":{"rendered":"Rouen. Il double les policiers \u00e0 toute vitesse et multiplie les infractions sous leurs yeux"},"content":{"rendered":"<p>                    Par<br \/>\n        <strong><br \/>\n            <a href=\"https:\/\/actu.fr\/auteur\/yann-rivallan\" title=\"Consulter tous les articles de Yann Rivallan\" target=\"_blank\" rel=\"noopener\">Yann Rivallan<\/a><br \/>\n                    <\/strong><\/p>\n<p>        Publi\u00e9 le<\/p>\n<p>            11 d\u00e9c. 2025 \u00e0 11h52        <\/p>\n<p>Ils ne pouvaient pas le manquer\u2009! Vers 22h, mercredi 10\u00a0d\u00e9cembre 2025, un conducteur de 31\u00a0ans a <strong>multipli\u00e9 les infractions<\/strong> sous les yeux des policiers \u00e0 <a href=\"https:\/\/actu.fr\/normandie\/rouen_76540\" target=\"_blank\" rel=\"noopener\">Rouen<\/a>. Tout d\u00e9marre au niveau du quai de Boisguilbert. Selon une source polici\u00e8re, l\u2019automobiliste \u00ab<strong>\u2009double les [policiers]<\/strong> \u00e0 vive allure depuis la voie de gauche. Il se rabat ensuite sur la voie de droite sans utiliser [ses clignotants]\u2009\u00bb.<\/p>\n<p>Il multiplie les infractions devant les policiers<\/p>\n<p class=\" wall-content\">Les forces de l\u2019ordre suivent le chauffard \u00e0 distance. Ce dernier continue d\u2019acc\u00e9l\u00e9rer en direction de la place Saint-Paul. Arriv\u00e9 quai de Paris, il double plusieurs v\u00e9hicules en <strong>faisant des zigzags<\/strong>.<\/p>\n<p class=\" wall-content\">Selon notre source, les policiers remarquent \u00ab\u2009qu\u2019il y a deux occupants dans le v\u00e9hicule et qu\u2019ils semblent faire <strong>de nombreux gestes<\/strong> \u00e0 l\u2019int\u00e9rieur\u2009\u00bb. Un peu plus loin, le conducteur manque de percuter un terre-plein central et met un grand coup de volant pour l\u2019\u00e9viter de justesse.<\/p>\n<p class=\" wall-content\">Les gardiens de la paix allument les gyrophares et la sir\u00e8ne. Ils arr\u00eatent finalement la voiture \u00e0 un feu rouge, place Saint-Paul.<\/p>\n<p>Le conducteur et sa passag\u00e8re interpell\u00e9s<\/p>\n<p class=\" wall-content\">L\u00e0, ils contr\u00f4lent le conducteur de 31\u00a0ans. Selon nos informations, \u00ab\u2009il sent l\u2019alcool et indique s\u2019\u00eatre disput\u00e9 avec sa passag\u00e8re\u2009\u00bb. Rapidement, les policiers constatent que son <strong>permis de conduire est annul\u00e9<\/strong>. Il est interpell\u00e9 et au moment de le fouiller, ils retrouvent une petite boule de papier dans sa poche avec, dedans, ce qui s\u2019apparente \u00e0 un <strong>morceau de coca\u00efne<\/strong>.<\/p>\n<p>Vid\u00e9os : en ce moment sur Actu<\/p>\n<p class=\" wall-content\">La passag\u00e8re, \u00e2g\u00e9e \u00e9galement de 31\u00a0ans, se montre particuli\u00e8rement agressive. \u00ab\u2009Elle outrage les coll\u00e8gues\u2009\u00bb, confie notre source. Elle sera finalement interpell\u00e9e. Les policiers retrouvent d\u2019ailleurs sur elle des stup\u00e9fiants.<\/p>\n<p class=\" wall-content\">Soumis \u00e0 un d\u00e9pistage, le conducteur se r\u00e9v\u00e8le positif \u00e0 l\u2019alcool. Il pr\u00e9sente un taux de <strong>1,3\u00a0g d\u2019alcool<\/strong> dans le sang. Sa passag\u00e8re est l\u00e9g\u00e8rement en dessous avec un taux de <strong>1,28\u00a0g d\u2019alcool<\/strong> dans le sang. Ils sont tous les deux plac\u00e9s en garde \u00e0 vue.<\/p>\n<p>Votre r\u00e9gion, votre actu !<\/p>\n<p>Recevez chaque jour les infos qui comptent pour vous.<\/p>\n<p>\t<a href=\"https:\/\/actu.fr\/newsletter\" class=\"ac-btn ac-btn--corner ac-btn--medium ac-btn--blue800\" target=\"_blank\" rel=\"noopener\">S&rsquo;incrire<\/a><br \/>\nSuivez l\u2019actualit\u00e9 de Rouen sur <a href=\"https:\/\/www.whatsapp.com\/channel\/0029VaKfnf99hXF2ddApFB1D\" target=\"_blank\" rel=\"noopener\">notre cha\u00eene WhatsApp<\/a> et sur <a href=\"https:\/\/www.tiktok.com\/@76actu.fr?lang=fr\" target=\"_blank\" rel=\"noopener\">notre compte TikTok<\/a><\/p>\n<p class=\" wall-content\">Personnalisez votre actualit\u00e9 en ajoutant vos villes et m\u00e9dias en favori avec <a href=\"https:\/\/moncompte.actu.fr\" title=\"D\u00e9couvez Mon Actu\" rel=\"nofollow noopener\" data-trk=\"{&quot;cta&quot;:{&quot;action&quot;:&quot;https:\\\/\\\/moncompte.actu.fr&quot;,&quot;category&quot;:&quot;mon compte&quot;,&quot;from&quot;:&quot;article footer&quot;,&quot;name&quot;:&quot;Mon actu&quot;,&quot;type&quot;:&quot;cta&quot;}}\" target=\"_blank\">Mon Actu<\/a>.<\/p>\n<p>                    <script async src=\"\/\/www.tiktok.com\/embed.js\"><\/script><\/p>\n","protected":false},"excerpt":{"rendered":"Par Yann Rivallan Publi\u00e9 le 11 d\u00e9c. 2025 \u00e0 11h52 Ils ne pouvaient pas le manquer\u2009! Vers 22h,&hellip;\n","protected":false},"author":2,"featured_media":592729,"comment_status":"","ping_status":"","sticky":false,"template":"","format":"standard","meta":{"footnotes":""},"categories":[9587],"tags":[1111,11,5702,1052,1777,674,118,1011,27,12,5161,1072,25,9590],"class_list":{"0":"post-592728","1":"post","2":"type-post","3":"status-publish","4":"format-standard","5":"has-post-thumbnail","7":"category-rouen","8":"tag-actu","9":"tag-actualites","10":"tag-alcool","11":"tag-drogue","12":"tag-eu","13":"tag-europe","14":"tag-faits-divers","15":"tag-fr","16":"tag-france","17":"tag-news","18":"tag-normandie","19":"tag-police","20":"tag-republique-francaise","21":"tag-rouen"},"share_on_mastodon":{"url":"https:\/\/pubeurope.com\/@fr\/115700816038266404","error":""},"_links":{"self":[{"href":"https:\/\/www.europesays.com\/fr\/wp-json\/wp\/v2\/posts\/592728","targetHints":{"allow":["GET"]}}],"collection":[{"href":"https:\/\/www.europesays.com\/fr\/wp-json\/wp\/v2\/posts"}],"about":[{"href":"https:\/\/www.europesays.com\/fr\/wp-json\/wp\/v2\/types\/post"}],"author":[{"embeddable":true,"href":"https:\/\/www.europesays.com\/fr\/wp-json\/wp\/v2\/users\/2"}],"replies":[{"embeddable":true,"href":"https:\/\/www.europesays.com\/fr\/wp-json\/wp\/v2\/comments?post=592728"}],"version-history":[{"count":0,"href":"https:\/\/www.europesays.com\/fr\/wp-json\/wp\/v2\/posts\/592728\/revisions"}],"wp:featuredmedia":[{"embeddable":true,"href":"https:\/\/www.europesays.com\/fr\/wp-json\/wp\/v2\/media\/592729"}],"wp:attachment":[{"href":"https:\/\/www.europesays.com\/fr\/wp-json\/wp\/v2\/media?parent=592728"}],"wp:term":[{"taxonomy":"category","embeddable":true,"href":"https:\/\/www.europesays.com\/fr\/wp-json\/wp\/v2\/categories?post=592728"},{"taxonomy":"post_tag","embeddable":true,"href":"https:\/\/www.europesays.com\/fr\/wp-json\/wp\/v2\/tags?post=592728"}],"curies":[{"name":"wp","href":"https:\/\/api.w.org\/{rel}","templated":true}]}}