{"id":592730,"date":"2025-12-11T11:58:13","date_gmt":"2025-12-11T11:58:13","guid":{"rendered":"https:\/\/www.europesays.com\/fr\/592730\/"},"modified":"2025-12-11T11:58:13","modified_gmt":"2025-12-11T11:58:13","slug":"pres-de-grenoble-le-maire-de-cette-commune-attaque-sur-le-montant-de-ses-indemnites-il-repond","status":"publish","type":"post","link":"https:\/\/www.europesays.com\/fr\/592730\/","title":{"rendered":"Pr\u00e8s de Grenoble. Le maire de cette commune attaqu\u00e9 sur le montant de ses indemnit\u00e9s, il r\u00e9pond"},"content":{"rendered":"<p>                    Par<br \/>\n        <strong><br \/>\n            <a href=\"https:\/\/actu.fr\/auteur\/lisa-rodrigues\" title=\"Consulter tous les articles de Lisa Rodrigues\" target=\"_blank\" rel=\"noopener\">Lisa Rodrigues<\/a><br \/>\n                    <\/strong><\/p>\n<p>        Publi\u00e9 le<\/p>\n<p>            11 d\u00e9c. 2025 \u00e0 11h45        <\/p>\n<p>Tout est parti d\u2019un post sur Facebook de la liste de gauche (communistes, LFI, \u00c9cologistes) et citoyenne aux municipales de <a href=\"https:\/\/actu.fr\/auvergne-rhone-alpes\/fontaine_38169\" target=\"_blank\" rel=\"noopener\">Fontaine<\/a>, pr\u00e8s de <a href=\"https:\/\/actu.fr\/auvergne-rhone-alpes\/grenoble_38185\" target=\"_blank\" rel=\"noopener\">Grenoble<\/a>. Dans cette publication, le collectif d\u00e9nonce <strong>un manque de \u00ab\u00a0transparence\u00a0\u00bb<\/strong> de la part du maire centriste et candidat \u00e0 sa r\u00e9\u00e9lection, Franck Longo, concernant ses indemnit\u00e9s. Et ce, alors qu\u2019il a promis de \u00ab\u00a0montrer l\u2019exemple\u00a0\u00bb pendant la campagne de 2020.<br \/>Ce qui a particuli\u00e8rement fait r\u00e9agir, c\u2019est le <strong>cumul des indemnit\u00e9s du maire<\/strong>, d\u00e9voil\u00e9 par cette m\u00eame liste d\u2019opposition.<br \/>Attaqu\u00e9, Franck Longo a r\u00e9pliqu\u00e9 dans une vid\u00e9o post\u00e9e quelques jours plus tard sur ses r\u00e9seaux sociaux, fiches de paie \u00e0 l\u2019appui.\u00a0<\/p>\n<p>\u00ab\u00a0Ce n\u2019est pas ill\u00e9gal\u00a0\u00bb\u00a0<\/p>\n<p class=\" wall-content\">Selon la liste de gauche, Franck Longo percevrait un <strong>total de 8 736 \u20ac d\u2019indemnit\u00e9s brut cumul\u00e9es<\/strong> mensuelles (maire, conseiller m\u00e9tropolitain, conseiller d\u00e9partemental et participation \u00e0 des syndicats intercommunaux).\u00a0<\/p>\n<p>    <a href=\"https:\/\/www.facebook.com\/plugins\/post.php?href=https%3A%2F%2Fwww.facebook.com%2Ffontainenousrassemble2026%2Fposts%2Fpfbid0Ci6R6yCnX8WSvEyGY3TZozfgLuVriAx7jNQ5dPVLzLNntPAE7zWYQzs2ip3WtRGFl&amp;show_text=true&amp;width=350\" title=\"Ouvrie le lien\" target=\"_blank\" rel=\"noopener\">Cliquez ici pour visualiser le contenu<\/a><\/p>\n<p class=\" wall-content\">\u00ab\u00a0Ce n\u2019est pas ill\u00e9gal, bien s\u00fbr, mais cela contredit son discours de modestie\u00a0\u00bb, ass\u00e8ne la gauche fontainoise.<\/p>\n<p class=\" wall-content\">Et d\u2019ajouter que le maire n\u2019aurait pas mis \u00e0 jour sa <a href=\"https:\/\/www.hatvp.fr\/fiche-nominative\/?declarant=longo-franck-18933\" target=\"_blank\" rel=\"noopener\">d\u00e9claration \u00e0 la Haute autorit\u00e9 de la transparence de la vie publique<\/a> depuis 2020, ann\u00e9e de son \u00e9lection.<\/p>\n<p>\u00ab\u00a0Le chiffre est faux\u00a0\u00bb<\/p>\n<p class=\" wall-content\">Face \u00e0 ces accusations, Franck Longo a r\u00e9pondu, comme ses adversaires, sur les r\u00e9seaux sociaux.<\/p>\n<p>    <a href=\"https:\/\/www.facebook.com\/plugins\/video.php?height=476&amp;href=https%3A%2F%2Fwww.facebook.com%2Freel%2F1826170791355215%2F&amp;show_text=false&amp;width=350&amp;t=0\" title=\"Ouvrie le lien\" target=\"_blank\" rel=\"noopener\">Cliquez ici pour visualiser le contenu<\/a><\/p>\n<p>Votre r\u00e9gion, votre actu !<\/p>\n<p>Recevez chaque jour les infos qui comptent pour vous.<\/p>\n<p>\t<a href=\"https:\/\/actu.fr\/newsletter\" class=\"ac-btn ac-btn--corner ac-btn--medium ac-btn--blue800\" target=\"_blank\" rel=\"noopener\">S&rsquo;incrire<\/a><\/p>\n<p class=\" wall-content\">Concernant les d\u00e9clarations sur ses indemnit\u00e9s, une attaque \u00ab\u00a0personnelle\u00a0\u00bb, il l\u2019assure : \u00ab\u00a0Le chiffre de 4 125 \u20ac brut pour mes indemnit\u00e9s de maire est faux. Pourtant, il est public et accessible.\u00a0\u00bb<\/p>\n<p class=\" wall-content\">Avant de pr\u00e9senter et de d\u00e9tailler l\u2019une de ses derni\u00e8res fiches de paie, qui fait \u00e9tat d\u2019un<strong> montant brut de 3 356,24 \u20ac<\/strong>, qui tombe \u00e0 un peu plus de 1 998 \u20ac nets apr\u00e8s imp\u00f4ts.<\/p>\n<blockquote class=\"ac-article-quote wall-content\">\n<p>C&rsquo;est dommage d&rsquo;en arriver l\u00e0 et de devoir faire une vid\u00e9o pour rappeler de simples v\u00e9rit\u00e9s. Cela montre \u00e0 quel point nos adversaires n&rsquo;ont honte de rien et utiliserons tous les moyens n\u00e9cessaires pour me d\u00e9cr\u00e9dibiliser. J&rsquo;esp\u00e8re qu&rsquo;au moins la fin de campagne sera digne.<\/p>\n<p>    <strong>Franck Longo<\/strong><br \/>\n        Maire de Fontaine    <\/p><\/blockquote>\n<p>Une plainte d\u00e9pos\u00e9e<\/p>\n<p class=\" wall-content\">Du c\u00f4t\u00e9 de la mairie, qui a publi\u00e9 les trois derni\u00e8res fiches de paie de l\u2019\u00e9dile pour couper court \u00e0 la pol\u00e9mique, on \u00ab\u00a0rappelle que la diffusion volontaire de fausses informations portant atteinte \u00e0 l\u2019honneur d\u2019une personne est punie par la loi\u00a0\u00bb.<\/p>\n<p>    <a href=\"https:\/\/www.facebook.com\/plugins\/post.php?href=https%3A%2F%2Fwww.facebook.com%2Ffontaine38600%2Fposts%2Fpfbid0L2hjSwcY28Qhd2bShP3k2nZ5se9pgdpqNEhjcT1hfbuBbnvuD2NcLKPFrM6jcfuMl&amp;show_text=true&amp;width=350\" title=\"Ouvrie le lien\" target=\"_blank\" rel=\"noopener\">Cliquez ici pour visualiser le contenu<\/a><\/p>\n<p class=\" wall-content\">La municipalit\u00e9 indique \u00e9galement que le maire va <strong>porter plainte pour diffamation<\/strong>.<\/p>\n<p class=\" wall-content\">Une nouvelle que la liste de gauche semble bien accueillir. \u00ab\u00a0Nous sommes tr\u00e8s heureux de cette plainte, car elle permettra \u00e0 Franck Longo de s\u2019expliquer\u00a0\u00bb sur les diff\u00e9rents manquements que le collectif a relev\u00e9s, assurent ses membres.\u00a0<\/p>\n<p>Des indemnit\u00e9s difficiles \u00e0 estimer<\/p>\n<p class=\" wall-content\">Concernant les autres indemnit\u00e9s \u00e9voqu\u00e9es, <strong>difficile de trouver des donn\u00e9es exactes et r\u00e9centes,<\/strong> comme l\u2019a constat\u00e9 la r\u00e9daction d\u2019actu Grenoble. La gauche fontainoise avance que le maire gagne 1 089 \u20ac bruts en tant que conseiller m\u00e9tropolitain, 2 722 \u20ac bruts en tant que conseiller d\u00e9partemental et 800 \u20ac bruts pour ses mandats dans des syndicats intercommunaux.<\/p>\n<p class=\" wall-content\">La r\u00e9daction a donc \u00e9pluch\u00e9 les d\u00e9clarations \u00e0 la Haute autorit\u00e9 de la transparence de la vie publique d\u2019autres conseillers d\u00e9partementaux de la majorit\u00e9, sans poste particulier au D\u00e9partement, comme Franck Longo. D\u2019apr\u00e8s ces observations, <strong>entre 23 000 et 26 000 \u20ac nets<\/strong> leur sont vers\u00e9s chaque ann\u00e9e, soit environ 2 000 \u20ac nets par mois.\u00a0<\/p>\n<p class=\" wall-content\">Pour ce qui est de Grenoble-Alpes M\u00e9tropole, un <a href=\"https:\/\/www.grenoble.fr\/include\/viewFile.php?idtf=50471&amp;name=Indemnit%C3%A9s+re%C3%A7ues+par+les+%C3%A9lu-e-s+de+la+Ville+de+Grenoble+pour+leurs+diff%C3%A9rents+mandats+%C3%A9lectifs+%282023%29\" target=\"_blank\" rel=\"noopener\">document de 2023<\/a> de la Ville de Grenoble fait \u00e9tat d\u2019une indemnit\u00e9 d\u2019un peu plus de <strong>858 \u20ac mensuels bruts<\/strong> pour les \u00e9lus municipaux pr\u00e9sents \u00e0 la M\u00e9tropole.\u00a0<\/p>\n<p class=\" wall-content\">Personnalisez votre actualit\u00e9 en ajoutant vos villes et m\u00e9dias en favori avec <a href=\"https:\/\/moncompte.actu.fr\" title=\"D\u00e9couvez Mon Actu\" rel=\"nofollow noopener\" data-trk=\"{&quot;cta&quot;:{&quot;action&quot;:&quot;https:\\\/\\\/moncompte.actu.fr&quot;,&quot;category&quot;:&quot;mon compte&quot;,&quot;from&quot;:&quot;article footer&quot;,&quot;name&quot;:&quot;Mon actu&quot;,&quot;type&quot;:&quot;cta&quot;}}\" target=\"_blank\">Mon Actu<\/a>.<\/p>\n","protected":false},"excerpt":{"rendered":"Par Lisa Rodrigues Publi\u00e9 le 11 d\u00e9c. 2025 \u00e0 11h45 Tout est parti d\u2019un post sur Facebook de&hellip;\n","protected":false},"author":2,"featured_media":592731,"comment_status":"","ping_status":"","sticky":false,"template":"","format":"standard","meta":{"footnotes":""},"categories":[9566],"tags":[1111,11,1261,2430,4188,1777,674,1011,27,2731,19692,12,316,25],"class_list":{"0":"post-592730","1":"post","2":"type-post","3":"status-publish","4":"format-standard","5":"has-post-thumbnail","7":"category-grenoble","8":"tag-actu","9":"tag-actualites","10":"tag-argent","11":"tag-auvergne-rhone-alpes","12":"tag-elections-municipales","13":"tag-eu","14":"tag-europe","15":"tag-fr","16":"tag-france","17":"tag-grenoble","18":"tag-grenoble-alpes-metropole","19":"tag-news","20":"tag-politique","21":"tag-republique-francaise"},"share_on_mastodon":{"url":"https:\/\/pubeurope.com\/@fr\/115700819909546096","error":""},"_links":{"self":[{"href":"https:\/\/www.europesays.com\/fr\/wp-json\/wp\/v2\/posts\/592730","targetHints":{"allow":["GET"]}}],"collection":[{"href":"https:\/\/www.europesays.com\/fr\/wp-json\/wp\/v2\/posts"}],"about":[{"href":"https:\/\/www.europesays.com\/fr\/wp-json\/wp\/v2\/types\/post"}],"author":[{"embeddable":true,"href":"https:\/\/www.europesays.com\/fr\/wp-json\/wp\/v2\/users\/2"}],"replies":[{"embeddable":true,"href":"https:\/\/www.europesays.com\/fr\/wp-json\/wp\/v2\/comments?post=592730"}],"version-history":[{"count":0,"href":"https:\/\/www.europesays.com\/fr\/wp-json\/wp\/v2\/posts\/592730\/revisions"}],"wp:featuredmedia":[{"embeddable":true,"href":"https:\/\/www.europesays.com\/fr\/wp-json\/wp\/v2\/media\/592731"}],"wp:attachment":[{"href":"https:\/\/www.europesays.com\/fr\/wp-json\/wp\/v2\/media?parent=592730"}],"wp:term":[{"taxonomy":"category","embeddable":true,"href":"https:\/\/www.europesays.com\/fr\/wp-json\/wp\/v2\/categories?post=592730"},{"taxonomy":"post_tag","embeddable":true,"href":"https:\/\/www.europesays.com\/fr\/wp-json\/wp\/v2\/tags?post=592730"}],"curies":[{"name":"wp","href":"https:\/\/api.w.org\/{rel}","templated":true}]}}