{"id":592732,"date":"2025-12-11T11:59:14","date_gmt":"2025-12-11T11:59:14","guid":{"rendered":"https:\/\/www.europesays.com\/fr\/592732\/"},"modified":"2025-12-11T11:59:14","modified_gmt":"2025-12-11T11:59:14","slug":"le-collectif-maison-courbe-a-trouve-son-toit","status":"publish","type":"post","link":"https:\/\/www.europesays.com\/fr\/592732\/","title":{"rendered":"Le collectif Maison courbe a trouv\u00e9 son toit"},"content":{"rendered":"<p>On ne choisit pas sa famille, mais on peut choisir ses coll\u00e8gues. Cr\u00e9\u00e9 en 2021, le collectif Maison courbe est non seulement artiste associ\u00e9 au Th\u00e9\u00e2tre municipal de Grenoble, mais aussi en r\u00e9sidence dans le Gr\u00e9sivaudan. Portrait de cette structure qui rythmera l\u2019actualit\u00e9 culturelle du territoire durant les trois ans \u00e0 venir.<\/p>\n<p>Br\u00e9sil, Danemark, Isra\u00ebl, France\u2026 \u00c0 regarder les nationalit\u00e9s des cinq \u00ab\u00a0colocataires\u00a0\u00bb, on se croirait dans une auberge espagnole. Maison courbe est un collectif artistique grenoblois cr\u00e9\u00e9 en 2021, \u00e0 la crois\u00e9e de la danse, du cirque et des arts visuels. \u00ab\u00a0C\u2019est le format qui nous a paru le plus pertinent pour pouvoir se soutenir, partager les m\u00eames valeurs, faire ensemble, mais aussi se laisser la place de cr\u00e9er individuellement, commente la codirectrice Domitille Martin, \u00e9galement plasticienne, sc\u00e9nographe et performeuse. Cette maison commune nous permet de travailler avec les diff\u00e9rents membres du collectif et d\u2019inviter des personnes ext\u00e9rieures.\u00a0\u00bb<\/p>\n<p>Des murs et un paysage\u2026<\/p>\n<p>La structure n\u2019avait jusque-l\u00e0 de \u00ab\u00a0maison\u00a0\u00bb que le nom. Depuis le d\u00e9but de la saison, la voil\u00e0 artiste associ\u00e9e du Th\u00e9\u00e2tre municipal de Grenoble (TMG), mais aussi li\u00e9e au Gr\u00e9sivaudan par le biais d\u2019une r\u00e9sidence artistique lanc\u00e9e le 12\u00a0d\u00e9cembre. \u00ab\u00a0C\u2019est une mani\u00e8re d\u2019avoir des murs dans lesquels nous retrouver r\u00e9guli\u00e8rement, s\u2019enthousiasme Domitille Martin. Le th\u00e9\u00e2tre devient un peu notre maison et le territoire du Gr\u00e9sivaudan devient le paysage dans lequel nous allons \u00e9voluer pour les trois ann\u00e9es \u00e0 venir.\u00a0\u00bb De quoi laisser le temps de tisser des liens avec la population et de nourrir de futures cr\u00e9ations.<\/p>\n<p>\u2026 pour diffuser et cr\u00e9er<\/p>\n<p>Au TMG comme dans le Gr\u00e9sivaudan, les artistes profitent de l\u2019occasion pour diffuser leurs spectacles, dont Obak\u00e9, Racine(s), et deux nouveaux venus, Le bruit des pierres etLe paradoxe des jumeaux. \u00ab\u00a0Nous allons aussi organiser un road-trip pour aller \u00e0 la rencontre du territoire, savoir \u00e0 qui nous avons affaire et cr\u00e9er \u00e0 partir du r\u00e9el\u00a0\u00bb, compl\u00e8te la codirectrice. Sensible \u00e0 la nature, Maison courbe imaginera d\u2019abord un cycle autour du v\u00e9g\u00e9tal, avec Les rencontres sous l\u2019arbre, suivi d\u2019un cycle en lien avec le min\u00e9ral. La derni\u00e8re ann\u00e9e, le public sera convi\u00e9 \u00e0 c\u00e9l\u00e9brer le chemin parcouru, lors d\u2019\u00ab\u00a0un grand moment de retrouvailles\u00a0\u00bb. D\u2019autres temps rythmeront \u00e9galement ces trois ann\u00e9es, comme une tourn\u00e9e \u00e0 v\u00e9lo dans les cr\u00e8ches et des ateliers de m\u00e9diation. \u00ab\u00a0\u00c0 Grenoble ou dans le Gr\u00e9sivaudan, les personnes ne doivent pas h\u00e9siter \u00e0 venir aux rendez-vous et \u00e0 suivre notre cheminement, annonce l\u2019artiste. Nous avons besoin d\u2019elles pour cr\u00e9er et r\u00e9fl\u00e9chir ensemble.\u00a0\u00bb L\u2019invitation est lanc\u00e9e, il ne reste plus qu\u2019\u00e0 pousser la porte.<\/p>\n<p><strong>Le paradoxe des jumeaux\u00a0:<\/strong><br \/>&#8211; vendredi 12\u00a0d\u00e9cembre, \u00e0 20\u00a0h\u00a030, au Col\u00e9o, \u00e0 Pontcharra.<br \/>04\u00a076\u00a097\u00a090\u00a087. De 5 \u00e0 19\u00a0\u20ac. Dans le cadre du lancement<br \/>de r\u00e9sidence dans le Gr\u00e9sivaudan (\u00e0 partir de 19\u00a0h).<br \/>&#8211; vendredi 13\u00a0mars 2026, \u00e0 20\u00a0h, \u00e0 l\u2019Espace Aragon, \u00e0 Villard-Bonnot. 04\u00a076\u00a071\u00a022\u00a051. De 5 \u00e0 18\u00a0\u20ac.<br \/><strong>Le bruit des pierres\u00a0:<\/strong> vendredi 27\u00a0mars 2026, \u00e0 19 h 30, \u00e0 l\u2019Espace Paul Jargot, \u00e0 Crolles. 04\u00a076\u00a004\u00a009\u00a095. De 7 \u00e0 17\u00a0\u20ac.<\/p>\n","protected":false},"excerpt":{"rendered":"On ne choisit pas sa famille, mais on peut choisir ses coll\u00e8gues. Cr\u00e9\u00e9 en 2021, le collectif Maison&hellip;\n","protected":false},"author":2,"featured_media":592733,"comment_status":"","ping_status":"","sticky":false,"template":"","format":"standard","meta":{"footnotes":""},"categories":[9566],"tags":[1111,11,2430,1777,674,1011,27,2731,12,25],"class_list":{"0":"post-592732","1":"post","2":"type-post","3":"status-publish","4":"format-standard","5":"has-post-thumbnail","7":"category-grenoble","8":"tag-actu","9":"tag-actualites","10":"tag-auvergne-rhone-alpes","11":"tag-eu","12":"tag-europe","13":"tag-fr","14":"tag-france","15":"tag-grenoble","16":"tag-news","17":"tag-republique-francaise"},"share_on_mastodon":{"url":"https:\/\/pubeurope.com\/@fr\/115700824507172976","error":""},"_links":{"self":[{"href":"https:\/\/www.europesays.com\/fr\/wp-json\/wp\/v2\/posts\/592732","targetHints":{"allow":["GET"]}}],"collection":[{"href":"https:\/\/www.europesays.com\/fr\/wp-json\/wp\/v2\/posts"}],"about":[{"href":"https:\/\/www.europesays.com\/fr\/wp-json\/wp\/v2\/types\/post"}],"author":[{"embeddable":true,"href":"https:\/\/www.europesays.com\/fr\/wp-json\/wp\/v2\/users\/2"}],"replies":[{"embeddable":true,"href":"https:\/\/www.europesays.com\/fr\/wp-json\/wp\/v2\/comments?post=592732"}],"version-history":[{"count":0,"href":"https:\/\/www.europesays.com\/fr\/wp-json\/wp\/v2\/posts\/592732\/revisions"}],"wp:featuredmedia":[{"embeddable":true,"href":"https:\/\/www.europesays.com\/fr\/wp-json\/wp\/v2\/media\/592733"}],"wp:attachment":[{"href":"https:\/\/www.europesays.com\/fr\/wp-json\/wp\/v2\/media?parent=592732"}],"wp:term":[{"taxonomy":"category","embeddable":true,"href":"https:\/\/www.europesays.com\/fr\/wp-json\/wp\/v2\/categories?post=592732"},{"taxonomy":"post_tag","embeddable":true,"href":"https:\/\/www.europesays.com\/fr\/wp-json\/wp\/v2\/tags?post=592732"}],"curies":[{"name":"wp","href":"https:\/\/api.w.org\/{rel}","templated":true}]}}