{"id":592738,"date":"2025-12-11T12:04:28","date_gmt":"2025-12-11T12:04:28","guid":{"rendered":"https:\/\/www.europesays.com\/fr\/592738\/"},"modified":"2025-12-11T12:04:28","modified_gmt":"2025-12-11T12:04:28","slug":"dorlisheim-le-choeur-strasbourgeois-filigrane-sera-en-concert-ce-dimanche","status":"publish","type":"post","link":"https:\/\/www.europesays.com\/fr\/592738\/","title":{"rendered":"Dorlisheim. Le ch\u0153ur strasbourgeois Filigrane sera en concert ce dimanche"},"content":{"rendered":"<p>Dimanche 14\u00a0d\u00e9cembre, \u00e0 16\u00a0h, le ch\u0153ur strasbourgeois Filigrane se produira en concert, \u00e0 l\u2019\u00e9glise protestante. Il a \u00e9t\u00e9 cr\u00e9\u00e9 il y a presque 20 ans et est depuis dirig\u00e9 par Jean-Philippe Billmann, \u00e0 la fois chef de ch\u0153ur, chanteur et arrangeur.<\/p>\n<p>Filigrane proposera au public de plonger dans les vers et l\u2019univers d\u2019un des plus grands po\u00e8tes de tous les temps, William Shakespeare. Avec sa plume forte et raffin\u00e9e, cet auteur a vu ses textes mis en musique par des compositeurs du monde entier.<\/p>\n","protected":false},"excerpt":{"rendered":"Dimanche 14\u00a0d\u00e9cembre, \u00e0 16\u00a0h, le ch\u0153ur strasbourgeois Filigrane se produira en concert, \u00e0 l\u2019\u00e9glise protestante. Il a \u00e9t\u00e9&hellip;\n","protected":false},"author":2,"featured_media":592739,"comment_status":"","ping_status":"","sticky":false,"template":"","format":"standard","meta":{"footnotes":""},"categories":[2820],"tags":[1111,11,1687,42576,24625,1777,674,107,1011,27,775,873,12,25,24624,640],"class_list":{"0":"post-592738","1":"post","2":"type-post","3":"status-publish","4":"format-standard","5":"has-post-thumbnail","7":"category-strasbourg","8":"tag-actu","9":"tag-actualites","10":"tag-culture-loisirs","11":"tag-dorlisheim","12":"tag-edition-molsheim-obernai","13":"tag-eu","14":"tag-europe","15":"tag-fil-info","16":"tag-fr","17":"tag-france","18":"tag-grand-est","19":"tag-musique","20":"tag-news","21":"tag-republique-francaise","22":"tag-secteur-de-molsheim","23":"tag-strasbourg"},"share_on_mastodon":{"url":"https:\/\/pubeurope.com\/@fr\/115700843498833683","error":""},"_links":{"self":[{"href":"https:\/\/www.europesays.com\/fr\/wp-json\/wp\/v2\/posts\/592738","targetHints":{"allow":["GET"]}}],"collection":[{"href":"https:\/\/www.europesays.com\/fr\/wp-json\/wp\/v2\/posts"}],"about":[{"href":"https:\/\/www.europesays.com\/fr\/wp-json\/wp\/v2\/types\/post"}],"author":[{"embeddable":true,"href":"https:\/\/www.europesays.com\/fr\/wp-json\/wp\/v2\/users\/2"}],"replies":[{"embeddable":true,"href":"https:\/\/www.europesays.com\/fr\/wp-json\/wp\/v2\/comments?post=592738"}],"version-history":[{"count":0,"href":"https:\/\/www.europesays.com\/fr\/wp-json\/wp\/v2\/posts\/592738\/revisions"}],"wp:featuredmedia":[{"embeddable":true,"href":"https:\/\/www.europesays.com\/fr\/wp-json\/wp\/v2\/media\/592739"}],"wp:attachment":[{"href":"https:\/\/www.europesays.com\/fr\/wp-json\/wp\/v2\/media?parent=592738"}],"wp:term":[{"taxonomy":"category","embeddable":true,"href":"https:\/\/www.europesays.com\/fr\/wp-json\/wp\/v2\/categories?post=592738"},{"taxonomy":"post_tag","embeddable":true,"href":"https:\/\/www.europesays.com\/fr\/wp-json\/wp\/v2\/tags?post=592738"}],"curies":[{"name":"wp","href":"https:\/\/api.w.org\/{rel}","templated":true}]}}