{"id":592748,"date":"2025-12-11T12:09:21","date_gmt":"2025-12-11T12:09:21","guid":{"rendered":"https:\/\/www.europesays.com\/fr\/592748\/"},"modified":"2025-12-11T12:09:21","modified_gmt":"2025-12-11T12:09:21","slug":"football-ahmed-kantari-nomme-nouvel-entraineur-du-fc-nantes","status":"publish","type":"post","link":"https:\/\/www.europesays.com\/fr\/592748\/","title":{"rendered":"Football. Ahmed Kantari nomm\u00e9 nouvel entra\u00eeneur du FC Nantes"},"content":{"rendered":"<p>Apr\u00e8s la d\u00e9faite\u00a0face au leader lensois (2-1), samedi \u00e0 la Beaujoire, qui a \u00e9t\u00e9 fatale\u00a0\u00e0\u00a0Luis Castro, le FC Nantes a d\u00e9cid\u00e9 de nommer\u00a0Ahmed Kantari comme entra\u00eeneur des Canaris jeudi.<\/p>\n<p>Ahmed Kantari prend donc les r\u00eanes d&rsquo;un collectif en grande difficult\u00e9,\u00a017e de Ligue 1 et rel\u00e9gable.<\/p>\n<p>\u00ab Trouver les cl\u00e9s de la relance \u00bb<\/p>\n<p>Ancien entra\u00eeneur de Valenciennes et \u00ab adjoint d&rsquo;Antoine Kombouar\u00e9 de janvier \u00e0 mai 2025 au sein du FC Nantes, Ahmed Kantari conna\u00eet bien l&rsquo;institution et une partie du groupe professionnel \u00bb, souligne dans un communiqu\u00e9 le club, qui y voit \u00ab un atout pour rapidement trouver les cl\u00e9s de la relance \u00bb du FC Nantes, d\u00e8s vendredi soir \u00e0 l&rsquo;occasion du d\u00e9placement \u00e0 Angers en ouverture de la 16e journ\u00e9e de la Ligue 1.<\/p>\n<p>Ce contenu est bloqu\u00e9 car vous n&rsquo;avez pas accept\u00e9 les cookies et autres traceurs.<\/p>\n<p>En cliquant sur \u00ab J\u2019accepte \u00bb, les cookies et autres traceurs seront d\u00e9pos\u00e9s et vous pourrez visualiser les contenus  (<a href=\"\" class=\"consentModule_policy\" target=\"_blank\" title=\"Consulter la politique de protection des donn\u00e9es du fournisseur\">plus d&rsquo;informations<\/a>).<\/p>\n<p>En cliquant sur \u00ab J\u2019accepte tous les cookies \u00bb, vous autorisez des d\u00e9p\u00f4ts de cookies et autres traceurs pour le stockage de vos donn\u00e9es sur nos sites et applications \u00e0 des fins de personnalisation et de ciblage publicitaire.<\/p>\n<p class=\"consentModule_secondaryText\">Vous gardez la possibilit\u00e9 de retirer votre consentement \u00e0 tout moment en consultant notre <a href=\"https:\/\/www.republicain-lorrain.fr\/protection-des-donnees\" target=\"_blank\" title=\"Consulter notre politique de protection des donn\u00e9es\" rel=\"noopener\">politique de protection des donn\u00e9es<\/a>. <br \/>&#13;<br \/>\n            <a href=\"https:\/\/www.republicain-lorrain.fr\/sport\/2025\/12\/11\/javascript:Didomi.notice.show()\" class=\"consentModule_cmp\" target=\"_blank\" rel=\"noopener\">G\u00e9rer mes choix<\/a>&#13;\n        <\/p>\n<p>&#13;<br \/>\n                        J&rsquo;accepte&#13;<br \/>\n            J&rsquo;accepte tous les cookies&#13;\n        <\/p>\n","protected":false},"excerpt":{"rendered":"Apr\u00e8s la d\u00e9faite\u00a0face au leader lensois (2-1), samedi \u00e0 la Beaujoire, qui a \u00e9t\u00e9 fatale\u00a0\u00e0\u00a0Luis Castro, le FC&hellip;\n","protected":false},"author":2,"featured_media":592749,"comment_status":"","ping_status":"","sticky":false,"template":"","format":"standard","meta":{"footnotes":""},"categories":[2818],"tags":[1111,11,1777,674,107,63,1011,27,766,12,2636,25,517,1947],"class_list":{"0":"post-592748","1":"post","2":"type-post","3":"status-publish","4":"format-standard","5":"has-post-thumbnail","7":"category-nantes","8":"tag-actu","9":"tag-actualites","10":"tag-eu","11":"tag-europe","12":"tag-fil-info","13":"tag-football","14":"tag-fr","15":"tag-france","16":"tag-nantes","17":"tag-news","18":"tag-pays-de-la-loire","19":"tag-republique-francaise","20":"tag-sport","21":"tag-sport-national"},"share_on_mastodon":{"url":"https:\/\/pubeurope.com\/@fr\/115700863130911123","error":""},"_links":{"self":[{"href":"https:\/\/www.europesays.com\/fr\/wp-json\/wp\/v2\/posts\/592748","targetHints":{"allow":["GET"]}}],"collection":[{"href":"https:\/\/www.europesays.com\/fr\/wp-json\/wp\/v2\/posts"}],"about":[{"href":"https:\/\/www.europesays.com\/fr\/wp-json\/wp\/v2\/types\/post"}],"author":[{"embeddable":true,"href":"https:\/\/www.europesays.com\/fr\/wp-json\/wp\/v2\/users\/2"}],"replies":[{"embeddable":true,"href":"https:\/\/www.europesays.com\/fr\/wp-json\/wp\/v2\/comments?post=592748"}],"version-history":[{"count":0,"href":"https:\/\/www.europesays.com\/fr\/wp-json\/wp\/v2\/posts\/592748\/revisions"}],"wp:featuredmedia":[{"embeddable":true,"href":"https:\/\/www.europesays.com\/fr\/wp-json\/wp\/v2\/media\/592749"}],"wp:attachment":[{"href":"https:\/\/www.europesays.com\/fr\/wp-json\/wp\/v2\/media?parent=592748"}],"wp:term":[{"taxonomy":"category","embeddable":true,"href":"https:\/\/www.europesays.com\/fr\/wp-json\/wp\/v2\/categories?post=592748"},{"taxonomy":"post_tag","embeddable":true,"href":"https:\/\/www.europesays.com\/fr\/wp-json\/wp\/v2\/tags?post=592748"}],"curies":[{"name":"wp","href":"https:\/\/api.w.org\/{rel}","templated":true}]}}