{"id":592756,"date":"2025-12-11T12:13:15","date_gmt":"2025-12-11T12:13:15","guid":{"rendered":"https:\/\/www.europesays.com\/fr\/592756\/"},"modified":"2025-12-11T12:13:15","modified_gmt":"2025-12-11T12:13:15","slug":"autoroute-a69-la-decision-de-la-cour-administrative-de-toulouse-sera-rendue-le-30-decembre","status":"publish","type":"post","link":"https:\/\/www.europesays.com\/fr\/592756\/","title":{"rendered":"Autoroute A69\u00a0: la d\u00e9cision de la cour administrative de Toulouse sera rendue le 30\u00a0d\u00e9cembre"},"content":{"rendered":"<p>\n                                                                    l&rsquo;essentiel<br \/>\n                                                                La cour administrative d\u2019appel de Toulouse examinait ce jeudi la l\u00e9galit\u00e9 de l\u2019autorisation environnementale de l\u2019A69. Rendez-vous dans pr\u00e8s de 3 semaines.\n                            <\/p>\n<p>La cour administrative d\u2019appel de Toulouse doit rendre le 30\u00a0d\u00e9cembre son arr\u00eat sur la validit\u00e9 de l\u2019autorisation environnementale du chantier de l\u2019autoroute A69 et la poursuite des travaux, a affirm\u00e9 le pr\u00e9sident de la juridiction.<\/p>\n<p>\u00ab\u00a0Je pense que nous serons en mesure de rendre l\u2019arr\u00eat le 30\u00a0d\u00e9cembre\u00a0\u00bb, a d\u00e9clar\u00e9 Denis Chabert, pr\u00e9sident de la chambre de la cour examinant cette affaire. Pour rappel, le rapporteur public, magistrat dont le r\u00f4le est d\u2019\u00e9clairer les juridictions administratives et dont l\u2019avis est en g\u00e9n\u00e9ral suivi, a souhait\u00e9 que le chantier continue.<\/p>\n<p>Plus d\u2019informations \u00e0 suivre\u2026<\/p>\n","protected":false},"excerpt":{"rendered":"l&rsquo;essentiel La cour administrative d\u2019appel de Toulouse examinait ce jeudi la l\u00e9galit\u00e9 de l\u2019autorisation environnementale de l\u2019A69. Rendez-vous&hellip;\n","protected":false},"author":2,"featured_media":592757,"comment_status":"","ping_status":"","sticky":false,"template":"","format":"standard","meta":{"footnotes":""},"categories":[2816],"tags":[1111,11,70583,33,1777,674,1011,27,2722,12,2680,25,2312,800],"class_list":{"0":"post-592756","1":"post","2":"type-post","3":"status-publish","4":"format-standard","5":"has-post-thumbnail","7":"category-toulouse","8":"tag-actu","9":"tag-actualites","10":"tag-autoroute-a69-castres-toulouse","11":"tag-economie","12":"tag-eu","13":"tag-europe","14":"tag-fr","15":"tag-france","16":"tag-haute-garonne","17":"tag-news","18":"tag-occitanie","19":"tag-republique-francaise","20":"tag-toulouse","21":"tag-transports"},"share_on_mastodon":{"url":"https:\/\/pubeurope.com\/@fr\/115700879519247622","error":""},"_links":{"self":[{"href":"https:\/\/www.europesays.com\/fr\/wp-json\/wp\/v2\/posts\/592756","targetHints":{"allow":["GET"]}}],"collection":[{"href":"https:\/\/www.europesays.com\/fr\/wp-json\/wp\/v2\/posts"}],"about":[{"href":"https:\/\/www.europesays.com\/fr\/wp-json\/wp\/v2\/types\/post"}],"author":[{"embeddable":true,"href":"https:\/\/www.europesays.com\/fr\/wp-json\/wp\/v2\/users\/2"}],"replies":[{"embeddable":true,"href":"https:\/\/www.europesays.com\/fr\/wp-json\/wp\/v2\/comments?post=592756"}],"version-history":[{"count":0,"href":"https:\/\/www.europesays.com\/fr\/wp-json\/wp\/v2\/posts\/592756\/revisions"}],"wp:featuredmedia":[{"embeddable":true,"href":"https:\/\/www.europesays.com\/fr\/wp-json\/wp\/v2\/media\/592757"}],"wp:attachment":[{"href":"https:\/\/www.europesays.com\/fr\/wp-json\/wp\/v2\/media?parent=592756"}],"wp:term":[{"taxonomy":"category","embeddable":true,"href":"https:\/\/www.europesays.com\/fr\/wp-json\/wp\/v2\/categories?post=592756"},{"taxonomy":"post_tag","embeddable":true,"href":"https:\/\/www.europesays.com\/fr\/wp-json\/wp\/v2\/tags?post=592756"}],"curies":[{"name":"wp","href":"https:\/\/api.w.org\/{rel}","templated":true}]}}