{"id":592764,"date":"2025-12-11T12:17:15","date_gmt":"2025-12-11T12:17:15","guid":{"rendered":"https:\/\/www.europesays.com\/fr\/592764\/"},"modified":"2025-12-11T12:17:15","modified_gmt":"2025-12-11T12:17:15","slug":"yoga-rap-et-cuisine-du-monde-le-bazar-festival-fete-la-diversite-ce-samedi-a-la-comerie","status":"publish","type":"post","link":"https:\/\/www.europesays.com\/fr\/592764\/","title":{"rendered":"Yoga, rap et cuisine du monde&#8230; Le Bazar Festival f\u00eate la diversit\u00e9 ce samedi \u00e0 La C\u00f4merie"},"content":{"rendered":"<p>Ce samedi 13 d\u00e9cembre, l&rsquo;association Singa lance la 1\u00e8re \u00e9dition du Bazar Festival \u00e0 Marseille. De 14h \u00e0 minuit, profitez d&rsquo;ateliers, de concerts et d&rsquo;un march\u00e9 de cr\u00e9ateurs pour changer de regard sur la migration.<\/p>\n<p class=\"ng-star-inserted\">\u00ab\u00a0Au-del\u00e0 des fronti\u00e8res, faisons briller la diversit\u00e9.\u00a0\u00bb C\u2019est avec ce mot d\u2019ordre positif que l\u2019association <a href=\"https:\/\/www.facebook.com\/SingaMarseille\/\" target=\"_blank\" rel=\"noopener\">Singa Marseille<\/a> lance sa toute premi\u00e8re \u00e9dition du Bazar Festival. Ce samedi 13 d\u00e9cembre, le tiers-lieu La C\u00f4merie (6e arr.) va vibrer au rythme des rencontres interculturelles. Au programme : ateliers, d\u00e9gustations, d\u00e9bats et f\u00eate jusqu&rsquo;\u00e0 minuit pour mettre en lumi\u00e8re les talents des nouveaux arrivants. Invit\u00e9 de la rubrique \u00ab\u00a03 Questions \u00e0\u00a0\u00bb sur Maritima radio Arnaud Mispolet, directeur de l&rsquo;association, nous d\u00e9voile les coulisses de cet \u00e9v\u00e9nement gratuit.<\/p>\n<p>\u00a0<\/p>\n<p>Changer de regard sur la migration<\/p>\n<p class=\"ng-star-inserted\">Dans un contexte o\u00f9 le d\u00e9bat public sur l&rsquo;immigration est souvent clivant, Singa Marseille prend le contre-pied en proposant un \u00e9v\u00e9nement r\u00e9solument festif et inclusif.\u00a0\u00ab\u00a0Notre objectif est de changer de regard sur les migrations et de favoriser l&rsquo;inclusion\u00a0\u00bb, explique Arnaud Mispolet au micro de Laurent Coureau.<\/p>\n<p class=\"ng-star-inserted\">L&rsquo;association, connue pour cr\u00e9er du lien entre les Marseillais et les personnes nouvellement arriv\u00e9es (r\u00e9fugi\u00e9s, demandeurs d&rsquo;asile), veut montrer concr\u00e8tement ce qu&rsquo;une soci\u00e9t\u00e9 ouverte peut produire de meilleur : de la cr\u00e9ativit\u00e9, de l&rsquo;entrepreneuriat et de la richesse culturelle.<\/p>\n<p class=\"ng-star-inserted\">\u00a0<\/p>\n<p>Un programme \u00e9clectique de 14h \u00e0 minuit<\/p>\n<p class=\"ng-star-inserted\">Le\u00a0<strong class=\"ng-star-inserted\">Bazar Festival<\/strong>\u00a0porte bien son nom : c&rsquo;est un joyeux m\u00e9lange d&rsquo;activit\u00e9s pour tous les \u00e2ges et tous les go\u00fbts. D\u00e8s 14h, les visiteurs pourront participer \u00e0 :<\/p>\n<ul class=\"ng-star-inserted\">\n<li class=\"ng-star-inserted\">\n<p class=\"ng-star-inserted\"><strong class=\"ng-star-inserted\">Des ateliers bien-\u00eatre et artistiques :<\/strong>\u00a0Yoga anim\u00e9 par Farzona, atelier de danse inclusif avec le S.W.A.G Studio, ou encore la cr\u00e9ation d&rsquo;une fresque de la diversit\u00e9.<\/p>\n<\/li>\n<li class=\"ng-star-inserted\">\n<p class=\"ng-star-inserted\"><strong class=\"ng-star-inserted\">Un march\u00e9 de cr\u00e9ateurs :<\/strong>\u00a0L&rsquo;occasion id\u00e9ale de d\u00e9nicher des cadeaux de No\u00ebl uniques et \u00e9thiques aupr\u00e8s d&rsquo;entrepreneurs accompagn\u00e9s par Singa.<\/p>\n<\/li>\n<li class=\"ng-star-inserted\">\n<p class=\"ng-star-inserted\"><strong class=\"ng-star-inserted\">Un espace enfants :<\/strong>\u00a0Lectures, ateliers g\u00e2teaux et animations cr\u00e9atives pour les plus jeunes.<\/p>\n<\/li>\n<\/ul>\n<p class=\"ng-star-inserted\">C\u00f4t\u00e9 papilles, le festival promet un voyage culinaire avec une offre de\u00a0finger food\u00a0aux saveurs libanaises, turques et philippines.<\/p>\n<p class=\"ng-star-inserted\">\u00a0<\/p>\n<p>Un livre de cuisine qui s&rsquo;\u00e9coute<\/p>\n<p class=\"ng-star-inserted\">L&rsquo;un des temps forts de la journ\u00e9e sera la pr\u00e9sentation d&rsquo;un\u00a0<strong class=\"ng-star-inserted\">livre de cuisine<\/strong>\u00a0pas comme les autres.\u00a0\u00ab\u00a0C&rsquo;est un super beau livre avec plus de 25 recettes du monde\u00a0\u00bb, pr\u00e9cise Arnaud Mispolet. Sa particularit\u00e9 ? Il int\u00e8gre des QR codes permettant d&rsquo;\u00e9couter l&rsquo;histoire des cuisiniers et cuisini\u00e8res derri\u00e8re chaque plat. Un objet qui m\u00eale gastronomie et r\u00e9cits de vie, parfait pour un cadeau de fin d&rsquo;ann\u00e9e porteur de sens.<\/p>\n<p class=\"ng-star-inserted\">\u00a0<\/p>\n<p>D\u00e9bats et f\u00eate avec Beno\u00eet Hamon<\/p>\n<p class=\"ng-star-inserted\">Le festival sera aussi un lieu de r\u00e9flexion avec une table ronde intitul\u00e9e\u00a0\u201cMigrations et inclusion \u00e0 Marseille : paroles de concern\u00e9\u00b7es\u201d, en pr\u00e9sence de\u00a0<strong class=\"ng-star-inserted\">Beno\u00eet Hamon<\/strong>, directeur g\u00e9n\u00e9ral de SINGA Global.<\/p>\n<p class=\"ng-star-inserted\">Enfin, place \u00e0 la f\u00eate en soir\u00e9e ! La programmation artistique prendra le relais avec des performances de rap et un DJ set pour danser et c\u00e9l\u00e9brer le \u00ab\u00a0vivre-ensemble\u00a0\u00bb jusqu&rsquo;au bout de la nuit.<\/p>\n<p class=\"ng-star-inserted\">\u00a0<\/p>\n<p class=\"ng-star-inserted\"><strong class=\"ng-star-inserted\">Informations pratiques :<\/strong><\/p>\n<ul class=\"ng-star-inserted\">\n<li class=\"ng-star-inserted\">\n<p class=\"ng-star-inserted\"><strong class=\"ng-star-inserted\">Date :<\/strong> samedi 13 d\u00e9cembre 2025.<\/p>\n<\/li>\n<li class=\"ng-star-inserted\">\n<p class=\"ng-star-inserted\"><strong class=\"ng-star-inserted\">Horaires :<\/strong> de 14h00 \u00e0 00h00.<\/p>\n<\/li>\n<li class=\"ng-star-inserted\">\n<p class=\"ng-star-inserted\"><strong class=\"ng-star-inserted\">Lieu :<\/strong>\u00a0La C\u00f4merie, 176 Rue Breteuil, 13006 Marseille.<\/p>\n<\/li>\n<li class=\"ng-star-inserted\">\n<p class=\"ng-star-inserted\"><strong class=\"ng-star-inserted\">Tarif :<\/strong>\u00a0Entr\u00e9e libre et gratuite (r\u00e9servation conseill\u00e9e <a href=\"https:\/\/www.helloasso.com\/associations\/singa-marseille\/evenements\/bazar-festival\" target=\"_blank\" rel=\"noopener\">sur le site HelloAsso \/ Singa Marseille<\/a>).<\/p>\n<\/li>\n<\/ul>\n","protected":false},"excerpt":{"rendered":"Ce samedi 13 d\u00e9cembre, l&rsquo;association Singa lance la 1\u00e8re \u00e9dition du Bazar Festival \u00e0 Marseille. De 14h \u00e0&hellip;\n","protected":false},"author":2,"featured_media":592765,"comment_status":"","ping_status":"","sticky":false,"template":"","format":"standard","meta":{"footnotes":""},"categories":[2814],"tags":[1111,11,70584,1777,674,849,1011,27,884,12,882,25],"class_list":{"0":"post-592764","1":"post","2":"type-post","3":"status-publish","4":"format-standard","5":"has-post-thumbnail","7":"category-marseille","8":"tag-actu","9":"tag-actualites","10":"tag-bazar-festival","11":"tag-eu","12":"tag-europe","13":"tag-festival","14":"tag-fr","15":"tag-france","16":"tag-marseille","17":"tag-news","18":"tag-provence-alpes-cote-dazur","19":"tag-republique-francaise"},"share_on_mastodon":{"url":"https:\/\/pubeurope.com\/@fr\/115700894714918218","error":""},"_links":{"self":[{"href":"https:\/\/www.europesays.com\/fr\/wp-json\/wp\/v2\/posts\/592764","targetHints":{"allow":["GET"]}}],"collection":[{"href":"https:\/\/www.europesays.com\/fr\/wp-json\/wp\/v2\/posts"}],"about":[{"href":"https:\/\/www.europesays.com\/fr\/wp-json\/wp\/v2\/types\/post"}],"author":[{"embeddable":true,"href":"https:\/\/www.europesays.com\/fr\/wp-json\/wp\/v2\/users\/2"}],"replies":[{"embeddable":true,"href":"https:\/\/www.europesays.com\/fr\/wp-json\/wp\/v2\/comments?post=592764"}],"version-history":[{"count":0,"href":"https:\/\/www.europesays.com\/fr\/wp-json\/wp\/v2\/posts\/592764\/revisions"}],"wp:featuredmedia":[{"embeddable":true,"href":"https:\/\/www.europesays.com\/fr\/wp-json\/wp\/v2\/media\/592765"}],"wp:attachment":[{"href":"https:\/\/www.europesays.com\/fr\/wp-json\/wp\/v2\/media?parent=592764"}],"wp:term":[{"taxonomy":"category","embeddable":true,"href":"https:\/\/www.europesays.com\/fr\/wp-json\/wp\/v2\/categories?post=592764"},{"taxonomy":"post_tag","embeddable":true,"href":"https:\/\/www.europesays.com\/fr\/wp-json\/wp\/v2\/tags?post=592764"}],"curies":[{"name":"wp","href":"https:\/\/api.w.org\/{rel}","templated":true}]}}