{"id":592766,"date":"2025-12-11T12:18:15","date_gmt":"2025-12-11T12:18:15","guid":{"rendered":"https:\/\/www.europesays.com\/fr\/592766\/"},"modified":"2025-12-11T12:18:15","modified_gmt":"2025-12-11T12:18:15","slug":"video-il-sassoupit-son-car-finit-dans-lenceinte-de-ce-village-de-marques-pres-de-lyon","status":"publish","type":"post","link":"https:\/\/www.europesays.com\/fr\/592766\/","title":{"rendered":"[VID\u00c9O] Il s&rsquo;assoupit, son car finit dans l&rsquo;enceinte de ce village de marques pr\u00e8s de Lyon"},"content":{"rendered":"<p>Un car a termin\u00e9 sa course contre l&rsquo;enceinte du village de marques \u00e0 Villefontaine, pr\u00e8s de Lyon, mercredi 10 d\u00e9cembre. Le conducteur se serait assoupi avant l&rsquo;accident.<\/p>\n<p>Aucun passager n&rsquo;\u00e9tait heureusement \u00e0 l&rsquo;int\u00e9rieur. Un <b>car<\/b> s&rsquo;est encastr\u00e9, mercredi soir vers 18h30, dans l&rsquo;enceinte du <b>village de marques<\/b> \u00e0 <b>Villefontaine<\/b>, \u00e0 l&rsquo;est de <b>Lyon<\/b>.\u00a0<\/p>\n<p>D&rsquo;apr\u00e8s <a class=\"url\" href=\"https:\/\/c.ledauphine.com\/faits-divers-justice\/2025\/12\/10\/un-car-quitte-la-route-et-s-encastre-dans-l-enceinte-du-village-de-marques-a-villefontaine\" target=\"_blank\" rel=\"noopener\">le Dauphin\u00e9 Lib\u00e9r\u00e9<\/a>, le chauffeur a perdu le contr\u00f4le de son v\u00e9hicule apr\u00e8s s&rsquo;\u00eatre <b>endormi<\/b>, affaibli par son traitement contre la grippe.<\/p>\n<p>Aucun autre v\u00e9hicule touch\u00e9<\/p>\n<p>Par chance, son car n&rsquo;a heurt\u00e9 aucun autre v\u00e9hicule dans sa course le menant \u00e0 l&rsquo;enceinte du site.\u00a0Il n&rsquo;y a pas eu de bless\u00e9.<\/p>\n<p>Une <b>grue<\/b> a \u00e9t\u00e9 d\u00e9ploy\u00e9e pour extraire le car accident\u00e9.\u00a0<\/p>\n<p><img loading=\"lazy\" decoding=\"async\" src=\"https:\/\/www.europesays.com\/fr\/wp-content\/uploads\/2025\/12\/1765455495_709_img\" width=\"350\" height=\"200\" border=\"0\" title=\"Un motard est mort dans un accident \u00c3\u00a0 Saint-Priest, au sud-est de Lyon\"\/><\/p>\n<p>\u25baFaits divers<\/p>\n<p style=\"font-size: 22px;\"><b>Pr\u00e8s de Lyon : un motard tu\u00e9 dans un accident<\/b><\/p>\n<p>Ce mercredi 10 d\u00e9cembre, un motard est mort dans&#8230;<\/p>\n<p><\/p>\n","protected":false},"excerpt":{"rendered":"Un car a termin\u00e9 sa course contre l&rsquo;enceinte du village de marques \u00e0 Villefontaine, pr\u00e8s de Lyon, mercredi&hellip;\n","protected":false},"author":2,"featured_media":592767,"comment_status":"","ping_status":"","sticky":false,"template":"","format":"standard","meta":{"footnotes":""},"categories":[1889],"tags":[119,1111,11,2430,19564,1777,674,1011,27,15583,2428,12,25,70585,49770],"class_list":{"0":"post-592766","1":"post","2":"type-post","3":"status-publish","4":"format-standard","5":"has-post-thumbnail","7":"category-lyon","8":"tag-accident","9":"tag-actu","10":"tag-actualites","11":"tag-auvergne-rhone-alpes","12":"tag-car","13":"tag-eu","14":"tag-europe","15":"tag-fr","16":"tag-france","17":"tag-isre","18":"tag-lyon","19":"tag-news","20":"tag-republique-francaise","21":"tag-village-de-marques","22":"tag-villefontaine"},"share_on_mastodon":{"url":"https:\/\/pubeurope.com\/@fr\/115700900193351953","error":""},"_links":{"self":[{"href":"https:\/\/www.europesays.com\/fr\/wp-json\/wp\/v2\/posts\/592766","targetHints":{"allow":["GET"]}}],"collection":[{"href":"https:\/\/www.europesays.com\/fr\/wp-json\/wp\/v2\/posts"}],"about":[{"href":"https:\/\/www.europesays.com\/fr\/wp-json\/wp\/v2\/types\/post"}],"author":[{"embeddable":true,"href":"https:\/\/www.europesays.com\/fr\/wp-json\/wp\/v2\/users\/2"}],"replies":[{"embeddable":true,"href":"https:\/\/www.europesays.com\/fr\/wp-json\/wp\/v2\/comments?post=592766"}],"version-history":[{"count":0,"href":"https:\/\/www.europesays.com\/fr\/wp-json\/wp\/v2\/posts\/592766\/revisions"}],"wp:featuredmedia":[{"embeddable":true,"href":"https:\/\/www.europesays.com\/fr\/wp-json\/wp\/v2\/media\/592767"}],"wp:attachment":[{"href":"https:\/\/www.europesays.com\/fr\/wp-json\/wp\/v2\/media?parent=592766"}],"wp:term":[{"taxonomy":"category","embeddable":true,"href":"https:\/\/www.europesays.com\/fr\/wp-json\/wp\/v2\/categories?post=592766"},{"taxonomy":"post_tag","embeddable":true,"href":"https:\/\/www.europesays.com\/fr\/wp-json\/wp\/v2\/tags?post=592766"}],"curies":[{"name":"wp","href":"https:\/\/api.w.org\/{rel}","templated":true}]}}