{"id":592770,"date":"2025-12-11T12:21:14","date_gmt":"2025-12-11T12:21:14","guid":{"rendered":"https:\/\/www.europesays.com\/fr\/592770\/"},"modified":"2025-12-11T12:21:14","modified_gmt":"2025-12-11T12:21:14","slug":"fouille-xxl-dans-une-prison-cohue-et-insultes-autour-de-nicolas-sarkozy-linfo-en-ile-de-france","status":"publish","type":"post","link":"https:\/\/www.europesays.com\/fr\/592770\/","title":{"rendered":"Fouille XXL dans une prison, cohue et insultes autour de Nicolas Sarkozy&#8230; l&rsquo;info en Ile-de-France"},"content":{"rendered":"<p>                    Par<br \/>\n        <strong><br \/>\n            <a href=\"https:\/\/actu.fr\/auteur\/jerome-lemonnier\" title=\"Consulter tous les articles de J\u00e9r\u00f4me Lemonnier\" target=\"_blank\" rel=\"noopener\">J\u00e9r\u00f4me Lemonnier<\/a><br \/>\n                    <\/strong><\/p>\n<p>        Publi\u00e9 le<\/p>\n<p>            11 d\u00e9c. 2025 \u00e0 12h10        <\/p>\n<p>Un mois tout juste apr\u00e8s\u00a0<a href=\"https:\/\/actu.fr\/politique\/nicolas-sarkozy-peut-deja-sortir-de-prison-ce-lundi-sa-demande-de-mise-en-liberte-acceptee_63416840.html\" target=\"_blank\" rel=\"noopener\">sa sortie de prison<\/a>,\u00a0<a href=\"https:\/\/actu.fr\/tag\/nicolas-sarkozy\" target=\"_blank\" rel=\"noopener\">Nicolas Sarkozy<\/a>\u00a0s\u2019est rendu \u00e0 la librairie Lamartine, dans le 16e arrondissement de\u00a0<a href=\"https:\/\/actu.fr\/paris\/\" target=\"_blank\" rel=\"noopener\">Paris<\/a>, ce mercredi 10\u00a0d\u00e9cembre 2025, jour de la sortie de son\u00a0<a href=\"https:\/\/actu.fr\/ile-de-france\/paris_75056\/apres-la-prison-de-la-sante-nicolas-sarkozy-entame-une-tournee-dans-cette-librairie-de-paris_63540782.html\" target=\"_blank\" rel=\"noopener\">Journal d\u2019un prisonnier\u00a0<\/a>(Fayard).\u00a0<\/p>\n<p class=\" wall-content\">L\u2019ex-royaume de Gargantua devra ravaler ses app\u00e9tits de reconversion. Pour un temps au moins. Trente quatre ans que Mirapolis, l\u2019ancien parc d\u2019attractions domicili\u00e9 \u00e0 <a href=\"https:\/\/actu.fr\/ile-de-france\/courdimanche_95183\" target=\"_blank\" rel=\"noopener\">Courdimanche<\/a> (Val-d\u2019Oise), a ferm\u00e9 ses portes sur fond de fiasco financier. Une longue parenth\u00e8se dont on croyait la fin imminente. Sauf que la reconversion annonc\u00e9e du\u00a0<b>premier parc \u00e0 th\u00e8mes \u00e0 la fran\u00e7aise<\/b>\u00a0en complexe h\u00f4telier \u00e0 vocation touristique et de loisirs se heurte encore et toujours \u00e0 un \u00e9cueil jusqu\u2019ici insoluble : la pr\u00e9sence sur le site de<b>\u00a0gens du voyage<\/b>.<\/p>\n<p class=\" wall-content\">Une op\u00e9ration de grande ampleur. Dans la nuit 10\u00a0d\u00e9cembre 2025,\u00a0<strong>une fouille XXL<\/strong>\u00a0a \u00e9t\u00e9 men\u00e9e au sein du\u00a0<a href=\"https:\/\/actu.fr\/ile-de-france\/fleury-merogis_91235\/essonne-un-detenu-de-fleury-merogis-agresse-un-agent-penitentiaire-et-lui-sectionne-deux-phalanges_63533945.html\" target=\"_blank\" rel=\"noopener\">centre p\u00e9nitentiaire de Fleury-M\u00e9rogis<\/a>. Cette derni\u00e8re intervient dans le cadre de la strat\u00e9gie nationale engag\u00e9e par\u00a0<a href=\"https:\/\/actu.fr\/ile-de-france\/nanterre_92050\/video-fouille-xxl-a-la-prison-de-nanterre-voici-ce-que-les-forces-de-l-ordre-ont-trouve-dans-les-cellules_63491703.html\" target=\"_blank\" rel=\"noopener\">le Minist\u00e8re de la Justice<\/a>\u00a0pour renforcer la s\u00e9curit\u00e9 en d\u00e9tention.<\/p>\n<p class=\" wall-content\">C\u2019est une \u0153uvre d\u2019art un peu particuli\u00e8re, qui est expos\u00e9e jusqu\u2019au mois de janvier, dans le hall de la mairie\u00a0<a href=\"https:\/\/actu.fr\/ile-de-france\/fontainebleau_77186\" target=\"_blank\" rel=\"noopener\">de Fontainebleau\u00a0<\/a>(<b>Seine-et-Marne<\/b>). Le chocolatier\u00a0<a href=\"https:\/\/actu.fr\/ile-de-france\/fontainebleau_77186\/fontainebleau-frederic-cassel-roi-gateau_21551180.html\" target=\"_blank\" rel=\"noopener\">Fr\u00e9d\u00e9ric Cassel<\/a>\u00a0a install\u00e9 une monumentale\u00a0<b>r\u00e9plique de la cath\u00e9drale\u00a0<\/b><a href=\"https:\/\/actu.fr\/tag\/cathedrale-notre-dame-de-paris\" target=\"_blank\" rel=\"noopener\">Notre-Dame de Paris<\/a>, r\u00e9alis\u00e9e tout en chocolat. \u00ab\u00a0\u00c0 l\u2019origine, elle avait \u00e9t\u00e9 con\u00e7ue pour la r\u00e9ouverture de la cath\u00e9drale, l\u2019an dernier, explique Fr\u00e9d\u00e9ric Cassel. Elle \u00e9tait expos\u00e9e \u00e0 l\u2019a\u00e9roport Charles-de-Gaulle, mais je n\u2019arrive pas \u00e0 me r\u00e9soudre \u00e0 la casser et je voulais en faire profiter les Bellifontains !\u2019<\/p>\n<p class=\" wall-content\">Il ne reste plus rien, pas un portique, pas une \u00e9tag\u00e8re, pas m\u00eame un papier par terre. Tout est d\u2019un blanc presque immacul\u00e9, l\u00e0 o\u00f9 des v\u00eatements d\u2019un certain chic et d\u2019autres accessoires draguaient encore la client\u00e8le il y a moins de deux semaines. Seules l\u2019enseigne surmontant l\u2019entr\u00e9e et la bo\u00eete \u00e0 lettres rappellent qu\u2019une boutique sp\u00e9cialis\u00e9e dans la mode et le<b>\u00a0pr\u00eat-\u00e0-porter f\u00e9minin<\/b>\u00a0existait ici, rue Henri-Rivi\u00e8re, \u00e0\u00a0<a href=\"https:\/\/actu.fr\/ile-de-france\/mantes-la-jolie_78361\" target=\"_blank\" rel=\"noopener\">Mantes-la-Jolie<\/a>\u00a0(Yvelines), jusqu\u2019au dernier jour de novembre\u00a02025.<\/p>\n<p>Les infos \u00e0 retenir ce jeudi 11 d\u00e9cembre 2025<\/p>\n<p class=\"expresso-item wall-content\"><strong>Paris. <\/strong><a title=\"Lire l&#039;article\" href=\"https:\/\/actu.fr\/ile-de-france\/paris_75056\/entre-cohue-et-insultes-la-premiere-seance-de-dedicaces-de-nicolas-sarkozy-a-paris-cree-l-evenement_63560143.html\" target=\"_blank\" rel=\"noopener\"><strong>Entre cohue et insultes, la premi\u00e8re s\u00e9ance de d\u00e9dicaces de Nicolas Sarkozy cr\u00e9e l\u2019\u00e9v\u00e9nement<\/strong><\/a><br \/>Pour la s\u00e9ance de d\u00e9dicaces de \u00ab\u00a0Journal d\u2019un prisonnier\u00a0\u00bb, l\u2019ex-chef de l\u2019Etat tout juste sorti de prison a d\u00e9plac\u00e9 les foules et d\u00e9clench\u00e9 des perturbations dans son fief du 16e.<\/p>\n<p class=\"expresso-item wall-content\"><strong>Val-d\u2019Oise. <\/strong><a title=\"Lire l&#039;article\" href=\"https:\/\/actu.fr\/ile-de-france\/cergy_95127\/val-doise-la-tres-attendue-reconversion-de-cet-ancien-parc-dattractions-empechee-par-les-gens-du-voyage_63552693.html\" target=\"_blank\" rel=\"noopener\"><strong>La tr\u00e8s attendue reconversion de cet ancien parc d\u2019attractions emp\u00each\u00e9e par les gens du voyage<\/strong><\/a><br \/>L\u2019am\u00e9nagement d\u2019un vaste complexe h\u00f4telier \u00e0 vocation touristique et de loisirs sur le site de Mirapolis se heurte \u00e0 un \u00e9cueil jusqu\u2019ici insoluble : la pr\u00e9sence de gens du voyage.\u00a0<\/p>\n<p class=\"expresso-item wall-content\"><strong>Essonne. <\/strong><a title=\"Lire l&#039;article\" href=\"https:\/\/actu.fr\/ile-de-france\/fleury-merogis_91235\/fouille-xxl-a-la-prison-de-fleury-merogis-en-essonne-170-agents-mobilises-des-armes-artisanales-retrouvees_63562027.html\" target=\"_blank\" rel=\"noopener\"><strong>Fouille XXL \u00e0 la prison de Fleury-M\u00e9rogis : 170 agents mobilis\u00e9s, des armes artisanales retrouv\u00e9es<\/strong><\/a><br \/>Dans la nuit du 10 d\u00e9cembre 2025, une op\u00e9ration de fouille XXL a \u00e9t\u00e9 men\u00e9e au sein de la prison de Fleury-M\u00e9rogis. Pr\u00e8s de 170 agents ont \u00e9t\u00e9 mobilis\u00e9s.<\/p>\n<p class=\"expresso-item wall-content\"><strong>Seine-et-Marne. <\/strong><a title=\"Lire l&#039;article\" href=\"https:\/\/actu.fr\/ile-de-france\/fontainebleau_77186\/seine-et-marne-3000-heures-de-travail-300-kg-de-chocolat-une-replique-insolite-dun-monument-celebre_63544539.html\" target=\"_blank\" rel=\"noopener\"><strong>3000 heures de travail, 300 kg de chocolat\u2026 une r\u00e9plique insolite d\u2019un monument c\u00e9l\u00e8bre<\/strong><\/a><br \/>Jusqu\u2019au mois de janvier 2026, les habitants de Fontainebleau et les curieux peuvent admirer une r\u00e9plique en chocolat de la cath\u00e9drale Notre-Dame, dans le hall de la mairie.\u00a0<\/p>\n<p class=\"expresso-item wall-content\"><strong>Yvelines. <\/strong><a title=\"Lire l&#039;article\" href=\"https:\/\/actu.fr\/ile-de-france\/mantes-la-jolie_78361\/la-soiree-black-friday-preparait-une-fermeture-surprise-un-commerce-des-yvelines-vide-du-jour-au-lendemain_63560142.html\" target=\"_blank\" rel=\"noopener\"><strong>La soir\u00e9e Black Friday pr\u00e9parait une fermeture surprise : un commerce vid\u00e9 du jour au lendemain<\/strong><\/a><br \/>Un magasin de pr\u00eat-\u00e0-porter f\u00e9minin du centre-ville de Mantes-la-Jolie (Yvelines) a subitement ferm\u00e9 au lendemain d\u2019une op\u00e9ration Black Friday, fin novembre\u00a02025. Surprenant\u2026<\/p>\n<p>Suivez-nous pour en savoir plus<\/p>\n<p class=\" wall-content wall-content wall-content\"><strong>Paris<\/strong>\u2009: retrouvez\u00a0actu\u00a0Paris\u00a0sur\u00a0<a href=\"https:\/\/www.facebook.com\/actufr.paris\/\" target=\"_blank\" rel=\"noopener\">Facebook<\/a>\u00a0et\u00a0<a href=\"https:\/\/twitter.com\/actufrparis\" target=\"_blank\" rel=\"noopener\">Twitter<\/a>\u2009;<br \/><strong>Seine-et-Marne<\/strong>\u2009: retrouvez\u00a0La R\u00e9publique de Seine-et-Marne\u00a0(sud) sur\u00a0<a href=\"https:\/\/www.facebook.com\/RepubliqueSeineMarne\/\" target=\"_blank\" rel=\"noopener\">Facebook<\/a>\u00a0et\u00a0<a href=\"https:\/\/twitter.com\/LaRep77\" target=\"_blank\" rel=\"noopener\">Twitter<\/a>\u2009;\u00a0La Marne\u00a0(nord) sur\u00a0<a href=\"https:\/\/www.facebook.com\/journallarmarne\/?__tn__=%2Cd%2CP-R&amp;eid=ARDLZc91LaHbXzDwChLLLQJVMBLx_ABJremTC2-RG0CYvg0f4f8CLvbV5G1Lli4g_6QoXDcKkU1_LX1W\" target=\"_blank\" rel=\"noopener\">Facebook<\/a>\u00a0et\u00a0<a href=\"https:\/\/twitter.com\/JournalLaMarne\" target=\"_blank\" rel=\"noopener\">Twitter<\/a>\u2009; et\u00a0Le Pays Briard\u00a0sur\u00a0<a href=\"https:\/\/www.facebook.com\/LePaysBriard\/?ref=bookmarks\" target=\"_blank\" rel=\"noopener\">Facebook<\/a>\u00a0et\u00a0<a href=\"https:\/\/twitter.com\/LePaysBriard\" target=\"_blank\" rel=\"noopener\">Twitter<\/a>\u2009;<br \/><strong>Yvelines\u2009:<\/strong>\u00a0retrouvez\u00a078actu\u00a0sur\u00a0<a href=\"https:\/\/www.facebook.com\/78actu\/\" target=\"_blank\" rel=\"noopener\">Facebook<\/a>\u00a0et\u00a0<a href=\"https:\/\/x.com\/78actu\">Twitter<\/a>\u2009;<br \/><strong>Essonne\u2009:<\/strong>\u00a0retrouvez\u00a0actu Essonne\u00a0sur\u00a0<a href=\"https:\/\/www.facebook.com\/actuessonne\/?ref=br_rs\" target=\"_blank\" rel=\"noopener\">Facebook<\/a>\u00a0et\u00a0<a href=\"https:\/\/twitter.com\/ActuEssonne\" target=\"_blank\" rel=\"noopener\">Twitter<\/a>\u2009;<br \/><strong>Hauts-de-Seine\u2009:<\/strong>\u00a0retrouvez\u00a0actu\u00a0Hauts-de-Seine\u00a0sur\u00a0<a href=\"https:\/\/www.facebook.com\/actufr.hautsdeseine\/\" target=\"_blank\" rel=\"noopener\">Facebook<\/a>\u00a0et\u00a0<a href=\"https:\/\/twitter.com\/actufr92\" target=\"_blank\" rel=\"noopener\">Twitter<\/a>\u2009;<br \/><strong>Seine-Saint-Denis\u2009:<\/strong>\u00a0retrouvez actu Seine-Saint-Denis sur\u00a0<a href=\"https:\/\/www.facebook.com\/actufr.seinesaintdenis\/\" target=\"_blank\" rel=\"noopener\">Facebook<\/a>\u00a0et\u00a0<a href=\"https:\/\/x.com\/Actufr93\">Twitter<\/a>\u2009;<br \/><strong>Val-de-Marne\u2009:<\/strong>\u00a0retrouvez actu Val-de-Marne sur\u00a0<a href=\"https:\/\/www.facebook.com\/actu94.valdemarne\/\" target=\"_blank\" rel=\"noopener\">Facebook<\/a>\u00a0et\u00a0<a href=\"https:\/\/x.com\/actufr94\">Twitter<\/a>\u2009;<br \/><strong>Val-d\u2019Oise\u2009:<\/strong>\u00a0retrouvez La Gazette du Val-d\u2019Oise sur\u00a0<a href=\"https:\/\/x.com\/actufr94\">Twitter<\/a><\/p>\n<p class=\" wall-content\">Personnalisez votre actualit\u00e9 en ajoutant vos villes et m\u00e9dias en favori avec <a href=\"https:\/\/moncompte.actu.fr\" title=\"D\u00e9couvez Mon Actu\" rel=\"nofollow noopener\" data-trk=\"{&quot;cta&quot;:{&quot;action&quot;:&quot;https:\\\/\\\/moncompte.actu.fr&quot;,&quot;category&quot;:&quot;mon compte&quot;,&quot;from&quot;:&quot;article footer&quot;,&quot;name&quot;:&quot;Mon actu&quot;,&quot;type&quot;:&quot;cta&quot;}}\" target=\"_blank\">Mon Actu<\/a>.<\/p>\n<p>                    <script async src=\"https:\/\/platform.twitter.com\/widgets.js\" charset=\"utf-8\"><\/script><\/p>\n","protected":false},"excerpt":{"rendered":"Par J\u00e9r\u00f4me Lemonnier Publi\u00e9 le 11 d\u00e9c. 2025 \u00e0 12h10 Un mois tout juste apr\u00e8s\u00a0sa sortie de prison,\u00a0Nicolas&hellip;\n","protected":false},"author":2,"featured_media":592771,"comment_status":"","ping_status":"","sticky":false,"template":"","format":"standard","meta":{"footnotes":""},"categories":[1592],"tags":[1111,11,215,1777,674,1011,27,3381,662,12,3091,626,25,104],"class_list":{"0":"post-592770","1":"post","2":"type-post","3":"status-publish","4":"format-standard","5":"has-post-thumbnail","7":"category-ile-de-france","8":"tag-actu","9":"tag-actualites","10":"tag-commerce","11":"tag-eu","12":"tag-europe","13":"tag-fr","14":"tag-france","15":"tag-gendarmerie","16":"tag-ile-de-france","17":"tag-news","18":"tag-nicolas-sarkozy","19":"tag-paris","20":"tag-republique-francaise","21":"tag-societe"},"share_on_mastodon":{"url":"","error":""},"_links":{"self":[{"href":"https:\/\/www.europesays.com\/fr\/wp-json\/wp\/v2\/posts\/592770","targetHints":{"allow":["GET"]}}],"collection":[{"href":"https:\/\/www.europesays.com\/fr\/wp-json\/wp\/v2\/posts"}],"about":[{"href":"https:\/\/www.europesays.com\/fr\/wp-json\/wp\/v2\/types\/post"}],"author":[{"embeddable":true,"href":"https:\/\/www.europesays.com\/fr\/wp-json\/wp\/v2\/users\/2"}],"replies":[{"embeddable":true,"href":"https:\/\/www.europesays.com\/fr\/wp-json\/wp\/v2\/comments?post=592770"}],"version-history":[{"count":0,"href":"https:\/\/www.europesays.com\/fr\/wp-json\/wp\/v2\/posts\/592770\/revisions"}],"wp:featuredmedia":[{"embeddable":true,"href":"https:\/\/www.europesays.com\/fr\/wp-json\/wp\/v2\/media\/592771"}],"wp:attachment":[{"href":"https:\/\/www.europesays.com\/fr\/wp-json\/wp\/v2\/media?parent=592770"}],"wp:term":[{"taxonomy":"category","embeddable":true,"href":"https:\/\/www.europesays.com\/fr\/wp-json\/wp\/v2\/categories?post=592770"},{"taxonomy":"post_tag","embeddable":true,"href":"https:\/\/www.europesays.com\/fr\/wp-json\/wp\/v2\/tags?post=592770"}],"curies":[{"name":"wp","href":"https:\/\/api.w.org\/{rel}","templated":true}]}}