{"id":592774,"date":"2025-12-11T12:23:14","date_gmt":"2025-12-11T12:23:14","guid":{"rendered":"https:\/\/www.europesays.com\/fr\/592774\/"},"modified":"2025-12-11T12:23:14","modified_gmt":"2025-12-11T12:23:14","slug":"avec-live-chez-heureux-les-curieux-les-creatifs-rencontrent-leur-public-a-paris","status":"publish","type":"post","link":"https:\/\/www.europesays.com\/fr\/592774\/","title":{"rendered":"Avec Live chez Heureux les curieux, les cr\u00e9atifs rencontrent leur public \u00e0 Paris"},"content":{"rendered":"<p>\n                                    <b>Publi\u00e9 le<\/b><br \/>\n                                    <\/p>\n<p>                                        11 d\u00e9cembre 2025<\/p>\n<p class=\"article-content col-md-8 offset-md-1\">\n                                Donner plus de place aux sens. Le pop-up Live, qui se tient jusqu&rsquo;au 14 d\u00e9cembre dans le lieu Heureux les Curieux au 23, rue du Pont aux Choux dans le Marais parisien, propose la mise en exergue du travail de six marques cr\u00e9atives fran\u00e7aises en les baignant dans une atmosph\u00e8re o\u00f9 le son prend une place particuli\u00e8re.<\/p>\n<p><img decoding=\"async\" class=\"news-image\" style=\"width:100%;max-width:569px;\" src=\"https:\/\/www.europesays.com\/fr\/wp-content\/uploads\/2025\/12\/5752.jpg\" alt=\"La mise en place de Live\" loading=\"lazy\"\/>La mise en place de Live &#8211; DR<\/p>\n<p>Ainsi, en arrivant dans l&rsquo;espace, les visiteurs peuvent choisir leur propre bande-son en piochant dans la collection de vinyles pr\u00e9sent\u00e9e par Music Work. La d\u00e9ambulation les emm\u00e8ne \u00e0 la rencontre des propositions cr\u00e9atives pr\u00eat-\u00e0-porter de Verlan et AYT Studio, des bijoux de Lah et Vesler, de l&rsquo;offre athleisure premium d&rsquo;Ernest Leoty et des parfums Obvious. La rencontre avec les cr\u00e9ateurs est aussi au c\u0153ur du projet, que ce soit en physique ou via l&rsquo;\u00e9coute de pr\u00e9sentation de l&rsquo;univers de chaque marque.<\/p>\n<p>\u00ab\u00a0Nous avons imagin\u00e9 ce lieu comme un espace o\u00f9 chaque marque pourra rassembler sa communaut\u00e9 et lui faire partager une exp\u00e9rience. Mais c&rsquo;est surtout un lieu ouvert \u00e0 tous, au c\u0153ur du Marais, o\u00f9 les visiteurs peuvent venir d\u00e9couvrir les cr\u00e9ations, prendre un caf\u00e9 et s&rsquo;installer confortablement pour \u00e9couter ces podcasts que nous avons r\u00e9alis\u00e9s avec chacun pour qu&rsquo;il explique son processus cr\u00e9atif\u00a0\u00bb, avance Marie Genty de l&rsquo;agence En mode projet, qui a coordonn\u00e9 cette installation.<\/p>\n<p class=\"col-md-8 offset-md-1 article-content--texte\">L\u2019ambition est de privil\u00e9gier l\u2019exp\u00e9rience et de prendre du recul face aux rythmes digitaux. Le pop-up, qui s\u2019appuie sur diff\u00e9rents talents pour sa mise en place et son animation \u2014 Le Barteleur pour les cocktails, Les \u00c9ditions Phaidon pour la proposition litt\u00e9raire, Marion Aguridas et BIM! Studio pour l\u2019univers graphique, ou encore Brandlight pour l\u2019installation d\u2019un bain sonore \u2014 proposera \u00e9galement plusieurs rendez-vous : une Live Party le jeudi 11 et un accueil le dimanche matin \u00e0 10 h autour d\u2019un caf\u00e9 et, justement, de l\u2019exp\u00e9rience d\u2019un bain sonore.\n                            <\/p>\n<p>\n                                Tous droits de reproduction et de repr\u00e9sentation r\u00e9serv\u00e9s.<br \/>\u00a9 2025 FashionNetwork.com\n                            <\/p>\n","protected":false},"excerpt":{"rendered":"Publi\u00e9 le 11 d\u00e9cembre 2025 Donner plus de place aux sens. Le pop-up Live, qui se tient jusqu&rsquo;au&hellip;\n","protected":false},"author":2,"featured_media":592775,"comment_status":"","ping_status":"","sticky":false,"template":"","format":"standard","meta":{"footnotes":""},"categories":[1888],"tags":[1111,1928,11,1927,2424,537,2423,1777,674,1011,27,2425,985,12,1926,2298,626,1925,2426,2427,25,2421,2422],"class_list":{"0":"post-592774","1":"post","2":"type-post","3":"status-publish","4":"format-standard","5":"has-post-thumbnail","7":"category-paris","8":"tag-actu","9":"tag-actu-paris","10":"tag-actualites","11":"tag-actualites-paris","12":"tag-beaute","13":"tag-contact","14":"tag-cosmetiques","15":"tag-eu","16":"tag-europe","17":"tag-fr","18":"tag-france","19":"tag-luxe","20":"tag-mode","21":"tag-news","22":"tag-news-paris","23":"tag-parfum","24":"tag-paris","25":"tag-paris-news","26":"tag-professionnel","27":"tag-professionnels","28":"tag-republique-francaise","29":"tag-reseau","30":"tag-textile"},"share_on_mastodon":{"url":"https:\/\/pubeurope.com\/@fr\/115700919021829538","error":""},"_links":{"self":[{"href":"https:\/\/www.europesays.com\/fr\/wp-json\/wp\/v2\/posts\/592774","targetHints":{"allow":["GET"]}}],"collection":[{"href":"https:\/\/www.europesays.com\/fr\/wp-json\/wp\/v2\/posts"}],"about":[{"href":"https:\/\/www.europesays.com\/fr\/wp-json\/wp\/v2\/types\/post"}],"author":[{"embeddable":true,"href":"https:\/\/www.europesays.com\/fr\/wp-json\/wp\/v2\/users\/2"}],"replies":[{"embeddable":true,"href":"https:\/\/www.europesays.com\/fr\/wp-json\/wp\/v2\/comments?post=592774"}],"version-history":[{"count":0,"href":"https:\/\/www.europesays.com\/fr\/wp-json\/wp\/v2\/posts\/592774\/revisions"}],"wp:featuredmedia":[{"embeddable":true,"href":"https:\/\/www.europesays.com\/fr\/wp-json\/wp\/v2\/media\/592775"}],"wp:attachment":[{"href":"https:\/\/www.europesays.com\/fr\/wp-json\/wp\/v2\/media?parent=592774"}],"wp:term":[{"taxonomy":"category","embeddable":true,"href":"https:\/\/www.europesays.com\/fr\/wp-json\/wp\/v2\/categories?post=592774"},{"taxonomy":"post_tag","embeddable":true,"href":"https:\/\/www.europesays.com\/fr\/wp-json\/wp\/v2\/tags?post=592774"}],"curies":[{"name":"wp","href":"https:\/\/api.w.org\/{rel}","templated":true}]}}