{"id":592786,"date":"2025-12-11T12:30:18","date_gmt":"2025-12-11T12:30:18","guid":{"rendered":"https:\/\/www.europesays.com\/fr\/592786\/"},"modified":"2025-12-11T12:30:18","modified_gmt":"2025-12-11T12:30:18","slug":"apres-la-stagnation-de-2025-un-rebond-moins-fort-que-prevu-en-2026","status":"publish","type":"post","link":"https:\/\/www.europesays.com\/fr\/592786\/","title":{"rendered":"apr\u00e8s la stagnation de 2025, un rebond moins fort que pr\u00e9vu en 2026"},"content":{"rendered":"<p>L\u2019\u00e9conomie allemande devrait cro\u00eetre encore moins que pr\u00e9vu en 2026, toujours affect\u00e9e par la <a href=\"https:\/\/www.latribune.fr\/article\/economie\/141150681665814\/inflation-quand-la-realite-contredit-les-propos-de-trump\" target=\"_blank\" rel=\"nofollow noopener\">politique commerciale am\u00e9ricaine<\/a>, et cela malgr\u00e9 les r\u00e9formes du nouveau gouvernement, apr\u00e8s deux ann\u00e9es de r\u00e9cession et une quasi-stagnation pr\u00e9vue en 2025, d\u2019apr\u00e8s les nouvelles pr\u00e9visions des experts du pays.<\/p>\n<p>Pour 2025, les instituts de recherche \u00e9conomique de Munich (Ifo) et d\u2019Essen (RWI) ne pr\u00e9voient qu\u2019une croissance de 0,1\u00a0%, contre 0,2\u00a0% dans leurs pr\u00e9visions d\u2019automne. Avec l\u2019IfW Kiel, ils ont \u00e9galement r\u00e9vis\u00e9 \u00e0 la baisse le rebond esp\u00e9r\u00e9 pour l\u2019an prochain\u00a0: entre 0,8 et 1\u00a0% contre 1,1 \u00e0 1,3\u00a0% anticip\u00e9 pr\u00e9c\u00e9demment. \u00ab\u00a0L\u2019Allemagne est plus durement touch\u00e9e par les mutations structurelles, car le secteur manufacturier, qui est le plus affect\u00e9, rev\u00eat une importance macro\u00e9conomique majeure et les changements d\u00e9mographiques y sont plus marqu\u00e9s\u00a0\u00bb, explique l\u2019Ifo dans un communiqu\u00e9.<\/p>\n","protected":false},"excerpt":{"rendered":"L\u2019\u00e9conomie allemande devrait cro\u00eetre encore moins que pr\u00e9vu en 2026, toujours affect\u00e9e par la politique commerciale am\u00e9ricaine, et&hellip;\n","protected":false},"author":2,"featured_media":592787,"comment_status":"","ping_status":"","sticky":false,"template":"","format":"standard","meta":{"footnotes":""},"categories":[1587],"tags":[17,5734,11,672,36901,1804,913,1805,1803,33,1777,674,7482,1801,12,9622,65320,1802,70586],"class_list":{"0":"post-592786","1":"post","2":"type-post","3":"status-publish","4":"format-standard","5":"has-post-thumbnail","7":"category-allemagne","8":"tag-17","9":"tag-5734","10":"tag-actualites","11":"tag-allemagne","12":"tag-allemande","13":"tag-bundesrepublik-deutschland","14":"tag-croissance","15":"tag-de","16":"tag-deutschland","17":"tag-economie","18":"tag-eu","19":"tag-europe","20":"tag-fort","21":"tag-germany","22":"tag-news","23":"tag-prevu","24":"tag-rebond","25":"tag-republique-federale-dallemagne","26":"tag-stagnation"},"share_on_mastodon":{"url":"https:\/\/pubeurope.com\/@fr\/115700945724636208","error":""},"_links":{"self":[{"href":"https:\/\/www.europesays.com\/fr\/wp-json\/wp\/v2\/posts\/592786","targetHints":{"allow":["GET"]}}],"collection":[{"href":"https:\/\/www.europesays.com\/fr\/wp-json\/wp\/v2\/posts"}],"about":[{"href":"https:\/\/www.europesays.com\/fr\/wp-json\/wp\/v2\/types\/post"}],"author":[{"embeddable":true,"href":"https:\/\/www.europesays.com\/fr\/wp-json\/wp\/v2\/users\/2"}],"replies":[{"embeddable":true,"href":"https:\/\/www.europesays.com\/fr\/wp-json\/wp\/v2\/comments?post=592786"}],"version-history":[{"count":0,"href":"https:\/\/www.europesays.com\/fr\/wp-json\/wp\/v2\/posts\/592786\/revisions"}],"wp:featuredmedia":[{"embeddable":true,"href":"https:\/\/www.europesays.com\/fr\/wp-json\/wp\/v2\/media\/592787"}],"wp:attachment":[{"href":"https:\/\/www.europesays.com\/fr\/wp-json\/wp\/v2\/media?parent=592786"}],"wp:term":[{"taxonomy":"category","embeddable":true,"href":"https:\/\/www.europesays.com\/fr\/wp-json\/wp\/v2\/categories?post=592786"},{"taxonomy":"post_tag","embeddable":true,"href":"https:\/\/www.europesays.com\/fr\/wp-json\/wp\/v2\/tags?post=592786"}],"curies":[{"name":"wp","href":"https:\/\/api.w.org\/{rel}","templated":true}]}}