{"id":592788,"date":"2025-12-11T12:31:17","date_gmt":"2025-12-11T12:31:17","guid":{"rendered":"https:\/\/www.europesays.com\/fr\/592788\/"},"modified":"2025-12-11T12:31:17","modified_gmt":"2025-12-11T12:31:17","slug":"leurope-va-t-elle-saisir-les-avoirs-russes-geles-pour-financer-leffort-de-guerre","status":"publish","type":"post","link":"https:\/\/www.europesays.com\/fr\/592788\/","title":{"rendered":"l&rsquo;Europe va-t-elle saisir les avoirs russes gel\u00e9s pour financer l&rsquo;effort de guerre ?"},"content":{"rendered":"<p class=\"article-p mdl\">Les Europ\u00e9ens seraient pr\u00eats \u00e0 d\u00e9clarer l&rsquo;\u00e9tat d&rsquo;urgence pour bloquer, sans limitation de temps, les 210\u00a0milliards d&rsquo;euros d&rsquo;avoirs russes, et \u00e0 consentir un pr\u00eat \u00e0 l&rsquo;Ukraine, a r\u00e9v\u00e9l\u00e9 le Financial Times. Il aurait l&rsquo;avantage de financer l&rsquo;effort de guerre de l&rsquo;Ukraine et donc de donner \u00e0 Kiev davantage de poids dans les n\u00e9gociations de paix, selon une id\u00e9e du chancelier allemand Friedrich Merz.\u00a0<\/p>\n<p class=\"article-p mdl\">Il n&rsquo;y a gu\u00e8re d&rsquo;autres solutions pour aider l&rsquo;Ukraine. Les \u00c9tats ne veulent pas s&rsquo;endetter plus pour cette cause. La Banque centrale europ\u00e9enne, sollicit\u00e9e, a refus\u00e9 de garantir le pr\u00eat. Ces avoirs financiers sont de l&rsquo;argent plac\u00e9 par le pouvoir russe dans des institutions financi\u00e8res europ\u00e9ennes, avant la guerre.<\/p>\n<p class=\"article-p mdl\">En Belgique, 185 milliards sont dans les comptes de la soci\u00e9t\u00e9 financi\u00e8re Euroclear. Les banques fran\u00e7aises auraient en d\u00e9p\u00f4t quant \u00e0 elles une dizaine de milliards.\u00a0<\/p>\n<p>            Contourner la r\u00e8gle de l&rsquo;unanimit\u00e9<\/p>\n<p class=\"article-p mdl\">Il faut une proc\u00e9dure d&rsquo;\u00e9tat d&rsquo;urgence, car toute sanction p\u00e9renne contre la Russie serait bloqu\u00e9e par le Premier ministre hongrois, Viktor Orban, alli\u00e9 de Vladimir Poutine en Europe. La proc\u00e9dure permet ainsi de contourner la r\u00e8gle de l&rsquo;unanimit\u00e9. L&rsquo;Europe s&rsquo;appr\u00eate donc \u00e0 passer outre ce qui est plus qu&rsquo;une tradition.<strong> Le Vieux Continent n&rsquo;a jamais saisi les avoirs financiers d&rsquo;un gouvernement, <\/strong>f\u00fbt-il en guerre contre nous.\u00a0<\/p>\n<p class=\"article-p mdl\">M\u00eame pendant les guerres mondiales, les avoirs ennemis, bloqu\u00e9s durant le conflit, ont souvent \u00e9t\u00e9 utilis\u00e9s lors des trait\u00e9s de paix, pour financer les r\u00e9parations, avec l&rsquo;accord du pays vaincu. La saisie des avoirs russes violerait ce principe, car il n&rsquo;y a ni trait\u00e9 de paix, ni vaincu.\u00a0<\/p>\n<p>            La Belgique et les \u00c9tats-Unis sont r\u00e9ticents<\/p>\n<p class=\"article-p mdl\">Ainsi,<strong> la Belgique, principal pays concern\u00e9, est tr\u00e8s r\u00e9ticente, <\/strong>parce que le pr\u00eat \u00e0 Kiev ne sera jamais rembours\u00e9. Le gouvernement belge a donc peur d&rsquo;\u00eatre attaqu\u00e9 par la Russie, apr\u00e8s le conflit, et de devoir se ruiner pour rembourser. Moscou en a d&rsquo;ailleurs rajout\u00e9, en promettant \u00e0 la Belgique cinquante ans de conflit juridique.<\/p>\n<p class=\"article-p mdl\">Washington est \u00e9galement contre l\u2019initiative, car Donald Trump veut r\u00e9cup\u00e9rer cet argent pour l\u2019investir dans un fonds de reconstruction de l\u2019Ukraine, dont l\u2019Am\u00e9rique aurait r\u00e9cup\u00e9r\u00e9 les b\u00e9n\u00e9fices. L&rsquo;Europe ouvre une nouvelle ligne de front, en somme.<\/p>\n<p class=\"article-p mdl\">Avec<strong> le risque suppl\u00e9mentaire d&rsquo;atteindre la cr\u00e9dibilit\u00e9 des places financi\u00e8res europ\u00e9ennes.<\/strong> Parce que, s\u2019il y a un tel pr\u00e9c\u00e9dent, l\u2019argent du Golfe ou d\u2019Asie viendra-t-il toujours s\u2019investir chez nous ? La d\u00e9cision ultime sera prise lors du sommet europ\u00e9en, la semaine prochaine.<\/p>\n<p>    La r\u00e9daction vous recommande<\/p>\n<p class=\"s-newsletter__title\">\n                L\u2019actualit\u00e9 par la r\u00e9daction de RTL dans votre bo\u00eete mail.\n            <\/p>\n<p class=\"s-newsletter__subtitle\">\n                Gr\u00e2ce \u00e0 votre compte RTL abonnez-vous \u00e0 la newsletter RTL info pour suivre toute l&rsquo;actualit\u00e9 au quotidien\n            <\/p>\n<p>\n                                    Lire la suite\n                                <\/p>\n","protected":false},"excerpt":{"rendered":"Les Europ\u00e9ens seraient pr\u00eats \u00e0 d\u00e9clarer l&rsquo;\u00e9tat d&rsquo;urgence pour bloquer, sans limitation de temps, les 210\u00a0milliards d&rsquo;euros d&rsquo;avoirs&hellip;\n","protected":false},"author":2,"featured_media":592789,"comment_status":"","ping_status":"","sticky":false,"template":"","format":"standard","meta":{"footnotes":""},"categories":[1586],"tags":[11,4282,1777,674,3483,107,1011,27,131,12,362,25,132],"class_list":{"0":"post-592788","1":"post","2":"type-post","3":"status-publish","4":"format-standard","5":"has-post-thumbnail","7":"category-europe","8":"tag-actualites","9":"tag-banques","10":"tag-eu","11":"tag-europe","12":"tag-extrait","13":"tag-fil-info","14":"tag-fr","15":"tag-france","16":"tag-guerre-en-ukraine","17":"tag-news","18":"tag-replay","19":"tag-republique-francaise","20":"tag-russie"},"share_on_mastodon":{"url":"https:\/\/pubeurope.com\/@fr\/115700949688845650","error":""},"_links":{"self":[{"href":"https:\/\/www.europesays.com\/fr\/wp-json\/wp\/v2\/posts\/592788","targetHints":{"allow":["GET"]}}],"collection":[{"href":"https:\/\/www.europesays.com\/fr\/wp-json\/wp\/v2\/posts"}],"about":[{"href":"https:\/\/www.europesays.com\/fr\/wp-json\/wp\/v2\/types\/post"}],"author":[{"embeddable":true,"href":"https:\/\/www.europesays.com\/fr\/wp-json\/wp\/v2\/users\/2"}],"replies":[{"embeddable":true,"href":"https:\/\/www.europesays.com\/fr\/wp-json\/wp\/v2\/comments?post=592788"}],"version-history":[{"count":0,"href":"https:\/\/www.europesays.com\/fr\/wp-json\/wp\/v2\/posts\/592788\/revisions"}],"wp:featuredmedia":[{"embeddable":true,"href":"https:\/\/www.europesays.com\/fr\/wp-json\/wp\/v2\/media\/592789"}],"wp:attachment":[{"href":"https:\/\/www.europesays.com\/fr\/wp-json\/wp\/v2\/media?parent=592788"}],"wp:term":[{"taxonomy":"category","embeddable":true,"href":"https:\/\/www.europesays.com\/fr\/wp-json\/wp\/v2\/categories?post=592788"},{"taxonomy":"post_tag","embeddable":true,"href":"https:\/\/www.europesays.com\/fr\/wp-json\/wp\/v2\/tags?post=592788"}],"curies":[{"name":"wp","href":"https:\/\/api.w.org\/{rel}","templated":true}]}}