{"id":59279,"date":"2025-04-28T13:00:13","date_gmt":"2025-04-28T13:00:13","guid":{"rendered":"https:\/\/www.europesays.com\/fr\/59279\/"},"modified":"2025-04-28T13:00:13","modified_gmt":"2025-04-28T13:00:13","slug":"je-vais-au-bikini-voir-le-village-des-geiq","status":"publish","type":"post","link":"https:\/\/www.europesays.com\/fr\/59279\/","title":{"rendered":"Je vais au Bikini voir&#8230; le Village des Geiq !"},"content":{"rendered":"<p>Le Village des Geiq se tiendra demain 29\u00a0avril dans la salle de concert du Bikini \u00e0 Ramonville-Saint-Agne, pr\u00e8s de Toulouse. \u00ab\u00a0Cet \u00e9v\u00e9nement vise \u00e0 faire d\u00e9couvrir les m\u00e9tiers port\u00e9s par les Geiq de Haute-Garonne et \u00e0 promouvoir l\u2019alternance comme outil facilitant l\u2019acc\u00e8s \u00e0 l\u2019emploi gr\u00e2ce \u00e0 l\u2019obtention d\u2019une qualification reconnue et adapt\u00e9e aux besoins des employeurs\u00a0\u00bb, indique le Comit\u00e9 R\u00e9gional des Geiq d\u2019Occitanie.<\/p>\n<p>Les visiteurs pourront se projeter sur diff\u00e9rents m\u00e9tiers, gr\u00e2ce \u00e0 des casques virtuels, un simulateur de conduite, une autolaveuse, un bus, un poids lourd&#8230; Ils pourront \u00e9galement \u00e9changer sur les diff\u00e9rents espaces avec des alternants, des anciens salari\u00e9s, des employeurs adh\u00e9rents et les \u00e9quipes Geiq.<\/p>\n<p><strong>De 10h \u00e0 16h30, Parc Technologique du Canal, Rue Th\u00e9odore Monod, 31520 Ramonville-Saint-Agne.<\/strong><\/p>\n","protected":false},"excerpt":{"rendered":"Le Village des Geiq se tiendra demain 29\u00a0avril dans la salle de concert du Bikini \u00e0 Ramonville-Saint-Agne, pr\u00e8s&hellip;\n","protected":false},"author":2,"featured_media":24040,"comment_status":"","ping_status":"","sticky":false,"template":"","format":"standard","meta":{"footnotes":""},"categories":[2816],"tags":[1111,11,5344,341,1777,674,1119,1011,27,12,2680,25,2312],"class_list":{"0":"post-59279","1":"post","2":"type-post","3":"status-publish","4":"format-standard","5":"has-post-thumbnail","7":"category-toulouse","8":"tag-actu","9":"tag-actualites","10":"tag-alternance","11":"tag-emploi","12":"tag-eu","13":"tag-europe","14":"tag-formation","15":"tag-fr","16":"tag-france","17":"tag-news","18":"tag-occitanie","19":"tag-republique-francaise","20":"tag-toulouse"},"share_on_mastodon":{"url":"https:\/\/pubeurope.com\/@fr\/114415719309796273","error":""},"_links":{"self":[{"href":"https:\/\/www.europesays.com\/fr\/wp-json\/wp\/v2\/posts\/59279","targetHints":{"allow":["GET"]}}],"collection":[{"href":"https:\/\/www.europesays.com\/fr\/wp-json\/wp\/v2\/posts"}],"about":[{"href":"https:\/\/www.europesays.com\/fr\/wp-json\/wp\/v2\/types\/post"}],"author":[{"embeddable":true,"href":"https:\/\/www.europesays.com\/fr\/wp-json\/wp\/v2\/users\/2"}],"replies":[{"embeddable":true,"href":"https:\/\/www.europesays.com\/fr\/wp-json\/wp\/v2\/comments?post=59279"}],"version-history":[{"count":0,"href":"https:\/\/www.europesays.com\/fr\/wp-json\/wp\/v2\/posts\/59279\/revisions"}],"wp:featuredmedia":[{"embeddable":true,"href":"https:\/\/www.europesays.com\/fr\/wp-json\/wp\/v2\/media\/24040"}],"wp:attachment":[{"href":"https:\/\/www.europesays.com\/fr\/wp-json\/wp\/v2\/media?parent=59279"}],"wp:term":[{"taxonomy":"category","embeddable":true,"href":"https:\/\/www.europesays.com\/fr\/wp-json\/wp\/v2\/categories?post=59279"},{"taxonomy":"post_tag","embeddable":true,"href":"https:\/\/www.europesays.com\/fr\/wp-json\/wp\/v2\/tags?post=59279"}],"curies":[{"name":"wp","href":"https:\/\/api.w.org\/{rel}","templated":true}]}}