{"id":592790,"date":"2025-12-11T12:32:16","date_gmt":"2025-12-11T12:32:16","guid":{"rendered":"https:\/\/www.europesays.com\/fr\/592790\/"},"modified":"2025-12-11T12:32:16","modified_gmt":"2025-12-11T12:32:16","slug":"il-etait-tres-timide-sylvie-vartan-revele-ne-pas-avoir-eu-le-coup-de-foudre-pour-johnny-hallyday-lors-de-leur-rencontre","status":"publish","type":"post","link":"https:\/\/www.europesays.com\/fr\/592790\/","title":{"rendered":"\u00ab\u00a0Il \u00e9tait tr\u00e8s timide\u00a0\u00bb : Sylvie Vartan r\u00e9v\u00e8le ne pas avoir eu \u00ab\u00a0le coup de foudre\u00a0\u00bb pour Johnny Hallyday lors de leur rencontre"},"content":{"rendered":"<p class=\"mb-4 text-lg md:leading-8 break-words\">Il avait toutes les filles \u00e0 ses pieds, sauf elle. Dans les ann\u00e9es 1960, la bande de Salut les copains r\u00e9unit les artistes les plus embl\u00e9matiques des y\u00e9y\u00e9s de la sc\u00e8ne musicale fran\u00e7aise. Parmi eux, Johnny Hallyday et Sylvie Vartan, qui commencent \u00e0 se fr\u00e9quenter peu de temps apr\u00e8s leur rencontre, avant de se marier en 1965 lors de la permission du chanteur, qui effectue alors son service militaire. De leur union na\u00eet, le 14 mai 1966, un fils, David. N\u00e9anmoins, si leur histoire est aujourd\u2019hui encore consid\u00e9r\u00e9e comme mythique, <a href=\"https:\/\/fr.style.yahoo.com\/d%C3%A9livrance-david-hallyday-revient-filtre-142913393.html\" data-ylk=\"slk:malgr\u00e9 un divorce en 1980;elm:context_link;itc:0;sec:content-canvas;outcm:mb_qualified_link;_E:mb_qualified_link;ct:story;\" class=\"link  yahoo-link\" target=\"_blank\" rel=\"noopener\">malgr\u00e9 un divorce en 1980<\/a>, <strong>Sylvie Vartan le reconna\u00eet volontiers : son idylle avec Johnny Hallyday n\u2019\u00e9tait <\/strong><strong>\u00ab\u00a0pas du tout\u00a0\u00bb<\/strong><strong> n\u00e9e d\u2019un coup de foudre<\/strong>.<\/p>\n<p class=\"mb-4 text-lg md:leading-8 break-words\">\u00ab\u00a0<strong>Tout le monde en parlait comme un blouson noir, un rebelle\u2026<\/strong>\u00ab\u00a0, s\u2019est-elle ainsi souvenue dans le documentaire Hallyday par David, diffus\u00e9 ce mercredi 10 d\u00e9cembre sur M6. C\u2019est lorsqu\u2019ils sont \u00ab\u00a0all\u00e9s d\u00eener ensemble\u00a0\u00bb pour la premi\u00e8re fois que la chanteuse a trouv\u00e9 que le rockeur \u00ab\u00a0n&rsquo;avait rien d&rsquo;un rebelle ni d&rsquo;un blouson noir\u00a0\u00bb. \u00ab\u00a0<strong>Il \u00e9tait tr\u00e8s timide surtout, et tr\u00e8s beau<\/strong>\u00ab\u00a0, a-t-elle ajout\u00e9, avant d\u2019expliquer que c\u2019est alors qu\u2019ils \u00e9taient en tourn\u00e9e que leur histoire d\u2019amour a commenc\u00e9. \u00ab\u00a0<strong>Quand nous nous sommes connus nous \u00e9tions tout feu tout flamme, nous \u00e9tions tellement semblables<\/strong> que nous \u00e9tions faits pour passer notre vie ensemble. <strong>Nous \u00e9tions tellement fous d&rsquo;amour, rien n&rsquo;existait<\/strong>\u00ab\u00a0, a-t-elle ainsi ajout\u00e9.<\/p>\n<p>David Hallyday a ressenti une \u00ab\u00a0d\u00e9livrance\u00a0\u00bb au divorce de ses parents<\/p>\n<p class=\"mb-4 text-lg md:leading-8 break-words\">Mais bien souvent, comme le dit la chanson, \u00ab\u00a0les histoires d\u2019amour finissent mal\u00a0\u00bb. Et celle de Johnny Hallyday et de Sylvie Vartan n\u2019a pas \u00e9t\u00e9 \u00e9pargn\u00e9e par un divorce qui a \u00e9t\u00e9 prononc\u00e9 en 1980, apr\u00e8s une <a href=\"https:\/\/fr.style.yahoo.com\/laeticia-johnny-hallyday-infid%C3%A8les-veuve-200545597.html\" data-ylk=\"slk:\u00e9ni\u00e8me infid\u00e9lit\u00e9 de la part du rockeur;elm:context_link;itc:0;sec:content-canvas;outcm:mb_qualified_link;_E:mb_qualified_link;ct:story;\" class=\"link  yahoo-link\" target=\"_blank\" rel=\"noopener\">\u00e9ni\u00e8me infid\u00e9lit\u00e9 de la part du rockeur<\/a>. C\u2019est en 1972 que tout bascule lorsque celui-ci fr\u00e9quente Nanette Workman, l\u2019une de ses choristes, qui l\u2019initie notamment \u00e0 la drogue. Malgr\u00e9 leur rupture, et une tentative fructueuse pour reconqu\u00e9rir son \u00e9pouse, <strong>\u00ab\u00a0cette blessure, trop profonde pour \u00eatre cicatris\u00e9e\u00a0\u00bb<\/strong><strong>, a \u00e9t\u00e9 la v\u00e9ritable raison de leur divorce<\/strong> en 1980, comme le confiait Johnny Hallyday en 1996, dans son autobiographie Destroy. \u00ab\u00a0On avait d\u00e9j\u00e0 beaucoup essay\u00e9 d&rsquo;ajuster nos vies, nos id\u00e9es, notre fa\u00e7on de voir les choses, <strong>\u00e7a n&rsquo;a pas march\u00e9, et donc il valait mieux qu&rsquo;on se s\u00e9pare<\/strong>\u00ab\u00a0, a admis Sylvie Vartan dans le documentaire Hallyday par David. Son fils, lui, a <a href=\"https:\/\/fr.style.yahoo.com\/d%C3%A9livrance-david-hallyday-revient-filtre-142913393.html\" data-ylk=\"slk:vu le divorce de ses parents;elm:context_link;itc:0;sec:content-canvas;outcm:mb_qualified_link;_E:mb_qualified_link;ct:story;\" class=\"link  yahoo-link\" target=\"_blank\" rel=\"noopener\">vu le divorce de ses parents<\/a> comme \u00ab\u00a0<strong>une esp\u00e8ce de d\u00e9livrance<\/strong>\u00ab\u00a0, et le temps d\u2019un nouveau d\u00e9part aux \u00c9tats-Unis avec sa m\u00e8re.<\/p>\n<p>Source :<\/p>\n<ul class=\"mb-4\">\n<li class=\"ml-4 list-disc\">\n<p class=\"mb-4 text-lg md:leading-8 break-words\">Hallyday par David, sur M6, diffus\u00e9 le 10\/12\/2025 et disponible sur M6+<\/p>\n<\/li>\n<li class=\"ml-4 list-disc\">\n<p class=\"mb-4 text-lg md:leading-8 break-words\">Johnny Hallyday et Sylvie Vartan : le couple mythique de la chanson fran\u00e7aise, Nostalgie, le 25\/01\/2018<\/p>\n<\/li>\n<\/ul>\n<p class=\"mb-4 text-lg md:leading-8 break-words\"><a href=\"https:\/\/www.femmeactuelle.fr\/actu\/news-actu\/il-etait-tres-timide-sylvie-vartan-revele-ne-pas-avoir-eu-le-coup-de-foudre-pour-johnny-hallyday-lors-de-leur-rencontre-2202117\" rel=\"nofollow noopener\" target=\"_blank\" data-ylk=\"slk:Lire l&#039;article sur le site de Femme Actuelle;elm:context_link;itc:0;sec:content-canvas\" class=\"link \">Lire l&rsquo;article sur le site de Femme Actuelle<\/a><\/p>\n","protected":false},"excerpt":{"rendered":"Il avait toutes les filles \u00e0 ses pieds, sauf elle. Dans les ann\u00e9es 1960, la bande de Salut&hellip;\n","protected":false},"author":2,"featured_media":592791,"comment_status":"","ping_status":"","sticky":false,"template":"","format":"standard","meta":{"footnotes":""},"categories":[1586],"tags":[11,1192,1300,1777,674,1779,1011,27,1304,12,25,70587,7409,1778,364],"class_list":{"0":"post-592790","1":"post","2":"type-post","3":"status-publish","4":"format-standard","5":"has-post-thumbnail","7":"category-europe","8":"tag-actualites","9":"tag-coup-de-foudre","10":"tag-david-hallyday","11":"tag-eu","12":"tag-europe","13":"tag-european-union","14":"tag-fr","15":"tag-france","16":"tag-johnny-hallyday","17":"tag-news","18":"tag-republique-francaise","19":"tag-salut-les-copains","20":"tag-sylvie-vartan","21":"tag-ue","22":"tag-union-europeenne"},"share_on_mastodon":{"url":"https:\/\/pubeurope.com\/@fr\/115700953590988903","error":""},"_links":{"self":[{"href":"https:\/\/www.europesays.com\/fr\/wp-json\/wp\/v2\/posts\/592790","targetHints":{"allow":["GET"]}}],"collection":[{"href":"https:\/\/www.europesays.com\/fr\/wp-json\/wp\/v2\/posts"}],"about":[{"href":"https:\/\/www.europesays.com\/fr\/wp-json\/wp\/v2\/types\/post"}],"author":[{"embeddable":true,"href":"https:\/\/www.europesays.com\/fr\/wp-json\/wp\/v2\/users\/2"}],"replies":[{"embeddable":true,"href":"https:\/\/www.europesays.com\/fr\/wp-json\/wp\/v2\/comments?post=592790"}],"version-history":[{"count":0,"href":"https:\/\/www.europesays.com\/fr\/wp-json\/wp\/v2\/posts\/592790\/revisions"}],"wp:featuredmedia":[{"embeddable":true,"href":"https:\/\/www.europesays.com\/fr\/wp-json\/wp\/v2\/media\/592791"}],"wp:attachment":[{"href":"https:\/\/www.europesays.com\/fr\/wp-json\/wp\/v2\/media?parent=592790"}],"wp:term":[{"taxonomy":"category","embeddable":true,"href":"https:\/\/www.europesays.com\/fr\/wp-json\/wp\/v2\/categories?post=592790"},{"taxonomy":"post_tag","embeddable":true,"href":"https:\/\/www.europesays.com\/fr\/wp-json\/wp\/v2\/tags?post=592790"}],"curies":[{"name":"wp","href":"https:\/\/api.w.org\/{rel}","templated":true}]}}