{"id":592808,"date":"2025-12-11T12:45:15","date_gmt":"2025-12-11T12:45:15","guid":{"rendered":"https:\/\/www.europesays.com\/fr\/592808\/"},"modified":"2025-12-11T12:45:15","modified_gmt":"2025-12-11T12:45:15","slug":"cest-tres-perturbant-la-mere-de-cyprien-sort-de-ses-gonds-et-defend-son-fils-suite-aux-attaques-et-rumeurs-sur-le-champion","status":"publish","type":"post","link":"https:\/\/www.europesays.com\/fr\/592808\/","title":{"rendered":"\u00ab\u00a0C&rsquo;est tr\u00e8s perturbant&#8230;\u00a0\u00bb : la m\u00e8re de Cyprien sort de ses gonds et d\u00e9fend son fils, suite aux attaques et rumeurs sur le champion"},"content":{"rendered":"<p>Dans Les 12 coups de midi, la maman du<br \/>\nchampion Cyprien a pris la parole face aux critiques re\u00e7ues par son<br \/>\nfils. Entre fiert\u00e9, sentiment d\u2019injustice et retomb\u00e9es m\u00e9diatiques,<br \/>\nretour sur ses confidences.<\/p>\n<p>La m\u00e8re de Cyprien r\u00e9pond aux critiques et \u00e9voque la<br \/>\nm\u00e9diatisation li\u00e9e aux 12 coups de midi<br \/>\nLa maman de Cyprien d\u00e9fend son fils face aux<br \/>\ncritiques<\/p>\n<p>Mercredi 10 d\u00e9cembre, alors que Les 12 Coups de midi<br \/>\ncontinuait d\u2019attirer les t\u00e9l\u00e9spectateurs, Claudie, la m\u00e8re de<br \/>\nCyprien, \u00e9tait pr\u00e9sente dans le public pour soutenir son fils.<br \/>\nFid\u00e8le \u00e0 ses habitudes depuis le d\u00e9but de la semaine, elle a \u00e9t\u00e9<br \/>\ninterrog\u00e9e sur les r\u00e9actions parfois n\u00e9gatives que son fils suscite<br \/>\naupr\u00e8s de certains t\u00e9l\u00e9spectateurs depuis qu\u2019il brille dans le jeu<br \/>\nquotidien de TF1.<\/p>\n<p>Tr\u00e8s proche de sa m\u00e8re, <a href=\"https:\/\/www.pleinevie.fr\/loisirs\/tele-radio\/un-desavantage-pour-cyprien-ces-changements-majeurs-des-regles-des-12-coups-de-midi-vont-tout-chambouler-le-champion-est-il-pousse-vers-la-sortie-180865.html\" target=\"_blank\" rel=\"noopener\"><br \/>\nl\u2019actuel Ma\u00eetre de midi<\/a> n\u2019h\u00e9site pas \u00e0 partager ses succ\u00e8s avec<br \/>\nelle. Il lui a m\u00eame confi\u00e9 qu\u2019il pourrait lui offrir \u00ab\u00a0la<br \/>\npremi\u00e8re voiture qu\u2019il a remport\u00e9e dans le jeu\u00a0\u00bb. <a href=\"https:\/\/www.pleinevie.fr\/loisirs\/tele-radio\/les-12-coups-de-midi-lelimination-de-cyprien-prevue-pour-bientot-voici-la-date-annoncee-179476.html\" target=\"_blank\" rel=\"noopener\"><br \/>\nFace aux critiques et rumeurs<\/a>, <strong>Claudie a pris la parole<br \/>\navec franchise<\/strong>. Interrog\u00e9e par Jean-Luc Reichmann, le<br \/>\npr\u00e9sentateur, ce dernier lui a lanc\u00e9 : \u00ab\u00a095 % des gens aiment<br \/>\nCyprien. Mais il y a toujours des broutilles qui tra\u00eenent. Comment<br \/>\nle vivez-vous ?\u00a0\u00bb. D\u2019une voix assur\u00e9e, elle a r\u00e9pondu : \u00ab\u00a0En<br \/>\ntant que maman et \u00eatre humain, il y a des choses qui ont r\u00e9veill\u00e9<br \/>\nen moi le sentiment d\u2019injustice\u00a0\u00bb, rapporte <a href=\"https:\/\/www.programme-tv.net\/news\/tv\/393835-un-sentiment-d-injustice-la-mere-de-cyprien-les-12-coups-de-midi-reagit-aux-critiques-recues-par-son-fils\/\" target=\"_blank\" rel=\"noopener\"><br \/>\nT\u00e9l\u00e9-Loisirs<\/a>.<\/p>\n<p>Entre fiert\u00e9, carri\u00e8re artistique<br \/>\net vie sous l\u2019\u0153il des t\u00e9l\u00e9spectateurs<\/p>\n<p>Claudie ne manque pas de souligner que, malgr\u00e9 les critiques, de<br \/>\nnombreux soutiens affluent. Selon elle, les commentaires n\u00e9gatifs<br \/>\nont une port\u00e9e limit\u00e9e car elle reste tr\u00e8s occup\u00e9e par ses<br \/>\n\u00ab\u00a0activit\u00e9s musicales\u00a0\u00bb, un emploi du temps qui diminue son<br \/>\nattention port\u00e9e aux r\u00e9actions ext\u00e9rieures. De son c\u00f4t\u00e9, Cyprien,<br \/>\n\u00e2g\u00e9 de 22 ans, a confi\u00e9 qu\u2019il est \u00e9galement concentr\u00e9 sur ses<br \/>\nprojets et ses engagements, relativisant les aspects moins<br \/>\nagr\u00e9ables de sa m\u00e9diatisation.<\/p>\n<p><a href=\"https:\/\/www.pleinevie.fr\/loisirs\/tele-radio\/cest-une-star-le-saviez-vous-cyprien-maitre-de-midi-est-le-fils-dune-celebre-comedienne-reconnue-par-ses-pairs-178938.html\" target=\"_blank\" rel=\"noopener\"><br \/>\nCom\u00e9dienne de th\u00e9\u00e2tre<\/a> depuis de nombreuses ann\u00e9es, Claudie a<br \/>\nm\u00eame \u00e9t\u00e9 form\u00e9e \u00e0 la Com\u00e9die-Fran\u00e7aise. Elle compare ainsi la<br \/>\nreconnaissance qu\u2019elle a parfois connue par le pass\u00e9 \u00e0 celle<br \/>\ng\u00e9n\u00e9r\u00e9e actuellement autour de son fils : \u00ab\u00a0En tant qu&rsquo;artiste,<br \/>\nil m&rsquo;est arriv\u00e9 d&rsquo;\u00eatre reconnue dans la vie, mais \u00e7a n&rsquo;a rien \u00e0<br \/>\nvoir. Ce ne sont pas du tout les m\u00eames dimensions que Les 12<br \/>\nCoups de midi. Tout cela est tr\u00e8s perturbant, c&rsquo;est un<br \/>\napprentissage\u00a0\u00bb. Elle relativise toutefois <strong>cette<br \/>\nexposition m\u00e9diatique<\/strong> en exprimant sa gratitude pour les<br \/>\nnombreuses choses positives qui entourent aujourd\u2019hui la vie de son<br \/>\nfils, notamment depuis son ascension dans le jeu d\u00e9but\u00e9e le 19<br \/>\nseptembre 2025.<\/p>\n","protected":false},"excerpt":{"rendered":"Dans Les 12 coups de midi, la maman du champion Cyprien a pris la parole face aux critiques&hellip;\n","protected":false},"author":2,"featured_media":564566,"comment_status":"","ping_status":"","sticky":false,"template":"","format":"standard","meta":{"footnotes":""},"categories":[1359],"tags":[10281,58,59,1011,27,466,973],"class_list":{"0":"post-592808","1":"post","2":"type-post","3":"status-publish","4":"format-standard","5":"has-post-thumbnail","7":"category-people","8":"tag-buzz-nonli","9":"tag-divertissement","10":"tag-entertainment","11":"tag-fr","12":"tag-france","13":"tag-les-12-coups-de-midi","14":"tag-people"},"share_on_mastodon":{"url":"https:\/\/pubeurope.com\/@fr\/115701004803689702","error":""},"_links":{"self":[{"href":"https:\/\/www.europesays.com\/fr\/wp-json\/wp\/v2\/posts\/592808","targetHints":{"allow":["GET"]}}],"collection":[{"href":"https:\/\/www.europesays.com\/fr\/wp-json\/wp\/v2\/posts"}],"about":[{"href":"https:\/\/www.europesays.com\/fr\/wp-json\/wp\/v2\/types\/post"}],"author":[{"embeddable":true,"href":"https:\/\/www.europesays.com\/fr\/wp-json\/wp\/v2\/users\/2"}],"replies":[{"embeddable":true,"href":"https:\/\/www.europesays.com\/fr\/wp-json\/wp\/v2\/comments?post=592808"}],"version-history":[{"count":0,"href":"https:\/\/www.europesays.com\/fr\/wp-json\/wp\/v2\/posts\/592808\/revisions"}],"wp:featuredmedia":[{"embeddable":true,"href":"https:\/\/www.europesays.com\/fr\/wp-json\/wp\/v2\/media\/564566"}],"wp:attachment":[{"href":"https:\/\/www.europesays.com\/fr\/wp-json\/wp\/v2\/media?parent=592808"}],"wp:term":[{"taxonomy":"category","embeddable":true,"href":"https:\/\/www.europesays.com\/fr\/wp-json\/wp\/v2\/categories?post=592808"},{"taxonomy":"post_tag","embeddable":true,"href":"https:\/\/www.europesays.com\/fr\/wp-json\/wp\/v2\/tags?post=592808"}],"curies":[{"name":"wp","href":"https:\/\/api.w.org\/{rel}","templated":true}]}}