{"id":592809,"date":"2025-12-11T12:46:16","date_gmt":"2025-12-11T12:46:16","guid":{"rendered":"https:\/\/www.europesays.com\/fr\/592809\/"},"modified":"2025-12-11T12:46:16","modified_gmt":"2025-12-11T12:46:16","slug":"belphegor-un-tournage-au-louvre-aussi-magique-que-complique","status":"publish","type":"post","link":"https:\/\/www.europesays.com\/fr\/592809\/","title":{"rendered":"\u00ab\u00a0Belph\u00e9gor\u00a0\u00bb, un tournage au Louvre aussi \u00ab\u00a0magique\u00a0\u00bb que \u00ab\u00a0compliqu\u00e9\u00a0\u00bb"},"content":{"rendered":"<p>Soixante ans apr\u00e8s l\u2019adaptation culte de Claude Barma avec Juliette Gr\u00e9co, Yves R\u00e9nier et Fran\u00e7ois Chaumette, <a href=\"https:\/\/www.20minutes.fr\/arts-stars\/television\/4169855-20250827-culte-belphegor-montmartre-series-telefilms-francais-decouvrir-rentree\" class=\"c-link c-link--is-underlined\" target=\"_blank\" rel=\"noopener\">Belph\u00e9gor<\/a> revient hanter les couloirs du Louvre\u00a0! Adaptation libre du roman-feuilleton du m\u00eame nom d\u2019Arthur Bern\u00e8de en\u00a01927, Belph\u00e9gor sera disponible ce jeudi sur <a href=\"https:\/\/www.20minutes.fr\/dossier\/hbo\" class=\"c-link c-link--is-underlined\" target=\"_blank\" rel=\"noopener\">HBO<\/a> Max, avant une diffusion sur <a href=\"https:\/\/www.20minutes.fr\/dossier\/m6\" class=\"c-link c-link--is-underlined\" target=\"_blank\" rel=\"noopener\">M6<\/a> en\u00a02026.<\/p>\n<p>De nombreuses sc\u00e8nes de ce thriller psychologique, sign\u00e9 Nils Antoine Sambuc, Thomas Mansuy et Mathieu Leblanc, ont \u00e9t\u00e9 tourn\u00e9es au Louvre. Dans quelles conditions peut-on tourner dans le plus grand mus\u00e9e du monde\u00a0?<\/p>\n<p>Le d\u00e9partement des Antiquit\u00e9s orientales \u00e0 l\u2019honneur<\/p>\n<p>L\u2019adaptation sign\u00e9e par Nils Antoine Sambuc et Thomas Mansuy, met en sc\u00e8ne Hafsa Moreau (Shirine Boutella), une brillante restauratrice d\u2019art, r\u00e9cemment engag\u00e9e au Louvre. Lors d\u2019un vernissage, elle d\u00e9couvre un masque m\u00e9sopotamien repr\u00e9sentant le dieu de l\u2019orage \u00ab\u00a0Baal Ph\u00e9gor\u00a0\u00bb, mieux connu sous le nom de \u00ab\u00a0Belph\u00e9gor\u00a0\u00bb.<\/p>\n<p>\u00ab\u00a0Le Louvre \u00e9tait ravi qu\u2019on s\u2019int\u00e9resse au d\u00e9partement des antiquit\u00e9s orientales plut\u00f4t qu\u2019\u00e0 l\u2019Egypte ou \u00e0 d\u2019autres d\u00e9partements tr\u00e8s connus du grand public. Ils nous ont ouvert grand les portes. Belph\u00e9gor nous ram\u00e8ne \u00e0 la M\u00e9sopotamie, et \u00e0 l\u2019Irak\u00a0\u00bb, raconte Aude Albano, directrice de l\u2019activit\u00e9 s\u00e9ries et productrice chez Path\u00e9 lors d\u2019une rencontre avec la presse au <a href=\"https:\/\/www.20minutes.fr\/diaporama\/diaporama-4173521-series-francophones-plus-attendues-rentree\" class=\"c-link c-link--is-underlined\" target=\"_blank\" rel=\"noopener\">Festival de la Fiction de La\u00a0Rochell<\/a>e en septembre. \u00c9trangement attir\u00e9e par ce masque, Hafsa se retrouve impliqu\u00e9e dans une s\u00e9rie de disparitions inexplicables au mus\u00e9e, dont elle ne garde aucun souvenir.<\/p>\n<p>La mise en sc\u00e8ne d\u2019un cambriolage au Louvre<\/p>\n<p>Devenant la principale suspecte dans cette affaire, Hafsa devra \u00e9chapper \u00e0 ceux qui la traquent, mais aussi contre ses propres fant\u00f4mes pour comprendre le lien puissant qui la relie \u00e0 Belph\u00e9gor. \u00ab\u00a0On ne peut pas mettre en sc\u00e8ne un cambriolage au Louvre en montrant qu\u2019on passe par une fen\u00eatre\u00a0\u00bb, expliquait \u00e0 La\u00a0Rochelle, Mathieu Leblanc, un des cosc\u00e9naristes.<\/p>\n<\/p>\n<p>H\u00e9las, depuis cette rencontre, la r\u00e9alit\u00e9 a surpass\u00e9 la fiction. Les braqueurs du spectaculaire <a href=\"https:\/\/www.20minutes.fr\/societe\/4190784-20251210-cambriolage-louvre-malfrats-pu-etre-arretes-30-secondes-pres-selon-enquete-administrative\" class=\"c-link c-link--is-underlined\" target=\"_blank\" rel=\"noopener\">cambriolage au Louvre<\/a> survenu le 19\u00a0octobre 2025 se sont introduits dans le mus\u00e9e en brisant le carreau d\u2019une fen\u00eatre \u00e0 l\u2019aide d\u2019une disqueuse sans fil.<\/p>\n<p>Un \u00ab\u00a0r\u00eave de sc\u00e9nariste\u00a0\u00bb, un cauchemar de r\u00e9alisateur<\/p>\n<p>Dans cette version, la qu\u00eate du pr\u00e9cieux masque de Belph\u00e9gor entra\u00eene Hafsa et le personnel du Louvre dans le milieu interlope des riches amateurs d\u2019art et des trafiquants pr\u00eats \u00e0 tout pour s\u2019attribuer des tr\u00e9sors mill\u00e9naires. \u00ab\u00a0Cette th\u00e9matique de la restitution, et son versant plus dur du trafic d\u2019antiquit\u00e9s, ne concerne \u00e9videmment pas le Louvre dans la vraie vie. Cependant, c\u2019est un vrai probl\u00e8me qui rapporte des milliards et finance la mafia et les terroristes. Sans trop d\u00e9voiler, on a r\u00e9ussi \u00e0 mettre des \u00e9l\u00e9ments de ce r\u00e9el dans une s\u00e9rie tr\u00e8s fictionnelle\u00a0\u00bb, explique Nils Antoine Sambuc.<\/p>\n<p>Et de poursuivre \u00ab\u00a0le Louvre, c\u2019est un r\u00eave de sc\u00e9nariste, c\u2019est un peu un petit cauchemar pour la production et la mise en sc\u00e8ne\u00a0\u00bb, racontait Nils Antoine Sambuc, cocr\u00e9ateur de la s\u00e9rie avec Thomas Mansuy.<\/p>\n<p>Un tournage au Louvre \u00ab\u00a0excitant\u00a0\u00bb mais \u00ab\u00a0compliqu\u00e9\u00a0\u00bb<\/p>\n<p>\u00ab\u00a0Tourner au Louvre, il faut le pr\u00e9voir et dire pr\u00e9cis\u00e9ment ce qu\u2019on va faire \u00bb, explique J\u00e9r\u00e9my Mainguy, le r\u00e9alisateur. <\/p>\n<blockquote class=\"mx-m@xs mx-xxl@md color-ultramarine c-citation\">\n<p class=\"font-weight-regular@xs text-italic font-source-serif-pro text-l@xs c-citation__content\">\u00ab\u00a0Il y a eu un grand \u00e9change avec le Louvre qui a dur\u00e9 plusieurs semaines pour savoir ce qu\u2019on pouvait faire. Profiter de ce d\u00e9cor unique, sans d\u00e9naturer quoi que ce soit. Tourner au Louvre, c\u2019est excitant, mais \u00e7a co\u00fbte assez cher et c\u2019est compliqu\u00e9, parce que ce n\u2019est pas souvent disponible. Le mus\u00e9e est tr\u00e8s souvent ouvert. Il faut tourner dans les cr\u00e9neaux de fermeture au public, la nuit et le jour de fermeture en semaine, qui est r\u00e9serv\u00e9 longtemps en avance\u00a0.\u00a0\u00bb<\/p>\n<\/blockquote>\n<p>\u00c9videmment, quand on tourne au milieu d\u2019\u0153uvres qui valent des millions, on ne peut pas faire n\u2019importe quoi. \u00ab\u00a0Quand on est une \u00e9quipe de tournage seule avec des moyens techniques, des perches, des cam\u00e9ras, des grues, ce n\u2019est pas le m\u00eame enjeu. L\u00e0, l\u2019accident de perche sur Le Radeau de la M\u00e9duse, faut pas que \u00e7a arrive, souligne le r\u00e9alisateur.\u00a0On peut tourner partout, mais il y a de vrais probl\u00e8mes techniques d\u2019\u00e9clairage, qui font qu\u2019on a s\u00e9lectionn\u00e9 des endroits o\u00f9 l\u2019on pouvait tourner.\u00a0\u00bb<\/p>\n<p>Des acteurs \u00ab\u00a0hyperprivil\u00e9gi\u00e9s\u00a0\u00bb<\/p>\n<p>Du c\u00f4t\u00e9 des acteurs, place \u00e0 l\u2019\u00e9merveillement. \u00ab\u00a0C\u2019\u00e9tait magique. On avait r\u00e9cup\u00e9r\u00e9 des passes la veille pour pouvoir rentrer, tout \u00e9tait tr\u00e8s s\u00e9curis\u00e9. J\u2019\u00e9tais comme une gamine. On n\u2019avait pas le droit d\u2019aller o\u00f9 l\u2019on voulait, mais de voir la salle des antiquit\u00e9s orientales vide, c\u2019\u00e9tait magique\u00a0!\u00a0\u00bb, se r\u00e9jouit Aure Attika, qui campe la directrice du d\u00e9partement des Antiquit\u00e9s orientales.<\/p>\n<p>\u00ab\u00a0Le silence du Louvre m\u2019a impressionn\u00e9. On se sent hyper privil\u00e9gi\u00e9s\u00a0\u00bb, confie Shirine Boutella. Et d\u2019expliquer\u00a0: \u00ab\u00a0On n\u2019a pas pu s\u2019approcher de la Joconde parce qu\u2019il y a tout un syst\u00e8me d\u2019alarme autour d\u2019elle.\u00a0\u00bb<\/p>\n<p><a href=\"https:\/\/www.20minutes.fr\/arts-stars\/serie\/\" class=\"c-link c-btn c-btn--primary\" target=\"_blank\" rel=\"noopener\">Notre rubrique S\u00e9ries<\/a><\/p>\n<p>Vincent Elbaz, qui campe un ancien flic qui travaille \u00e0 la s\u00e9curit\u00e9 du Louvre dans la fiction de HBO et M6, se r\u00e9jouit d\u2019avoir eu, Les Noces de Cana, haut de plus de 6 m\u00e8tres et long de pr\u00e8s de 10 m\u00e8tres, soit plus de 70 m\u00b2, le plus grand tableau du Louvre, pour lui seul. \u00ab\u00a0C\u2019\u00e9tait pas mal\u00a0\u00bb, avoue-t-il. Shirine Boutella a hant\u00e9 les couloirs du Louvre en long et en large. \u00ab\u00a0Le r\u00e9alisateur m\u2019a fait faire des kilom\u00e8tres\u00a0\u00bb, s\u2019amuse-t-elle.<\/p>\n","protected":false},"excerpt":{"rendered":"Soixante ans apr\u00e8s l\u2019adaptation culte de Claude Barma avec Juliette Gr\u00e9co, Yves R\u00e9nier et Fran\u00e7ois Chaumette, Belph\u00e9gor revient&hellip;\n","protected":false},"author":2,"featured_media":592810,"comment_status":"","ping_status":"","sticky":false,"template":"","format":"standard","meta":{"footnotes":""},"categories":[1358],"tags":[1348,1384,1385,1174,1386,58,59,1011,27,5547,11274,494,521],"class_list":{"0":"post-592809","1":"post","2":"type-post","3":"status-publish","4":"format-standard","5":"has-post-thumbnail","7":"category-arts-et-design","8":"tag-arts","9":"tag-arts-and-design","10":"tag-arts-et-design","11":"tag-cambriolage","12":"tag-design","13":"tag-divertissement","14":"tag-entertainment","15":"tag-fr","16":"tag-france","17":"tag-hbo","18":"tag-louvre","19":"tag-m6","20":"tag-serie"},"share_on_mastodon":{"url":"https:\/\/pubeurope.com\/@fr\/115701008502602061","error":""},"_links":{"self":[{"href":"https:\/\/www.europesays.com\/fr\/wp-json\/wp\/v2\/posts\/592809","targetHints":{"allow":["GET"]}}],"collection":[{"href":"https:\/\/www.europesays.com\/fr\/wp-json\/wp\/v2\/posts"}],"about":[{"href":"https:\/\/www.europesays.com\/fr\/wp-json\/wp\/v2\/types\/post"}],"author":[{"embeddable":true,"href":"https:\/\/www.europesays.com\/fr\/wp-json\/wp\/v2\/users\/2"}],"replies":[{"embeddable":true,"href":"https:\/\/www.europesays.com\/fr\/wp-json\/wp\/v2\/comments?post=592809"}],"version-history":[{"count":0,"href":"https:\/\/www.europesays.com\/fr\/wp-json\/wp\/v2\/posts\/592809\/revisions"}],"wp:featuredmedia":[{"embeddable":true,"href":"https:\/\/www.europesays.com\/fr\/wp-json\/wp\/v2\/media\/592810"}],"wp:attachment":[{"href":"https:\/\/www.europesays.com\/fr\/wp-json\/wp\/v2\/media?parent=592809"}],"wp:term":[{"taxonomy":"category","embeddable":true,"href":"https:\/\/www.europesays.com\/fr\/wp-json\/wp\/v2\/categories?post=592809"},{"taxonomy":"post_tag","embeddable":true,"href":"https:\/\/www.europesays.com\/fr\/wp-json\/wp\/v2\/tags?post=592809"}],"curies":[{"name":"wp","href":"https:\/\/api.w.org\/{rel}","templated":true}]}}