{"id":592815,"date":"2025-12-11T12:50:16","date_gmt":"2025-12-11T12:50:16","guid":{"rendered":"https:\/\/www.europesays.com\/fr\/592815\/"},"modified":"2025-12-11T12:50:16","modified_gmt":"2025-12-11T12:50:16","slug":"28-ans-plus-tard-devient-officiellement-une-trilogie-avec-le-retour-quon-attend-tous","status":"publish","type":"post","link":"https:\/\/www.europesays.com\/fr\/592815\/","title":{"rendered":"28 ans plus tard devient officiellement une trilogie, avec le retour qu&rsquo;on attend tous"},"content":{"rendered":"<p><strong>La perspective d\u2019un troisi\u00e8me <a href=\"https:\/\/www.ecranlarge.com\/films\/1483101-28-years-later\" data-type=\"films\" data-id=\"796053\" target=\"_blank\" rel=\"noopener\">28 ans plus tard<\/a> \u00e9tait tr\u00e8s incertaine, mais Sony a r\u00e9alis\u00e9 notre v\u0153u avant m\u00eame la sortie du <a href=\"https:\/\/www.ecranlarge.com\/films\/28-years-later-part-2-the-bone-temple\" data-type=\"films\" data-id=\"1253001\" target=\"_blank\" rel=\"noopener\">Temple des morts<\/a>.<\/strong><\/p>\n<p><strong>28 ans plus tard<\/strong> \u00e9tait d\u00e9j\u00e0 un sacr\u00e9 pari. Sorti plus de 15 ans apr\u00e8s <strong>28 Semaines plus tard<\/strong>, il avait un budget largement sup\u00e9rieur \u00e0 celui de ses pr\u00e9d\u00e9cesseurs avec 60 millions de dollars. Blind\u00e9 d\u2019exp\u00e9rimentations de la part de son r\u00e9alisateur <a href=\"https:\/\/www.ecranlarge.com\/personnalite\/652014-danny-boyle\" data-type=\"people\" data-id=\"17863\" target=\"_blank\" rel=\"noopener\">Danny Boyle<\/a> et de son sc\u00e9nariste <a href=\"https:\/\/www.ecranlarge.com\/personnalite\/651332-alex-garland\" data-type=\"people\" data-id=\"23354\" target=\"_blank\" rel=\"noopener\">Alex Garland<\/a>, il devait m\u00eame lancer une trilogie, dont le deuxi\u00e8me opus a \u00e9t\u00e9 tourn\u00e9 dans la foul\u00e9e par NiaDaCosta (le remake de <strong>Candyman<\/strong>). Intitul\u00e9 <strong>Le Temple des morts<\/strong>, <strong>il sortira le 14 janvier 2026 en France<\/strong>.<\/p>\n<p>                    <img decoding=\"async\" alt=\"\" class=\"wp-image-518375\" style=\"object-fit:cover;width:25px;height:25px\" src=\"https:\/\/www.ecranlarge.com\/content\/uploads\/2023\/09\/arrow-right-circle.svg\"\/><\/p>\n<p>Le troisi\u00e8me volet, quant \u00e0 lui, \u00e9tait encore incertain. Avec un peu plus de 150 millions de dollars au box-office, <strong>28 ans plus tard<\/strong> a eu un succ\u00e8s mod\u00e9r\u00e9 et ses auteurs ont toujours dit qu\u2019ils n\u2019\u00e9taient pas certains de pouvoir aller au bout de leur programme.<strong> Jusqu\u2019\u00e0 aujourd\u2019hui<\/strong>.<\/p>\n<p>28 ans plus tard, deux films plus tard<\/p>\n<p>Selon une information exclusive de Deadline, <strong>Sony (qui d\u00e9tient les droits de distribution) aurait bel et bien valid\u00e9 un troisi\u00e8me film sans titre<\/strong>. Alex Garland, qui a \u00e9crit les deux pr\u00e9c\u00e9dents volets ainsi que le film original, se chargera encore du sc\u00e9nario. L\u2019annonce survint quelques heures \u00e0 peine apr\u00e8s les premiers retours sur <strong>Le Temple des morts<\/strong>, tous tr\u00e8s positifs. Bonne nouvelle : le studio a donc suffisamment confiance dans le film de Nia DaCosta pour conclure la trilogie.<\/p>\n<p>                    <img decoding=\"async\" alt=\"\" class=\"wp-image-518375\" style=\"object-fit:cover;width:25px;height:25px\" src=\"https:\/\/www.ecranlarge.com\/content\/uploads\/2023\/09\/arrow-right-circle.svg\"\/><\/p>\n<p>Dernier d\u00e9tail, et pas des moindres : <strong><a href=\"https:\/\/www.ecranlarge.com\/personnalite\/651899-cillian-murphy\" data-type=\"people\" data-id=\"304109\" target=\"_blank\" rel=\"noopener\">Cillian Murphy<\/a> serait en discussion pour int\u00e9grer officiellement le casting<\/strong>. L\u2019acteur r\u00e9v\u00e9l\u00e9 avec le premier volet de la saga, d\u00e9sormais d\u00e9tenteur d\u2019un Oscar pour <strong>Oppenheimer<\/strong>, a depuis longtemps \u00e9t\u00e9 annonc\u00e9 dans les suites. Dans The Observer, il avait confirm\u00e9 qu\u2019il n\u2019avait qu\u2019un petit r\u00f4le dans <strong>Le Temple des morts<\/strong>, principalement pour amorcer la troisi\u00e8me suite, dans laquelle sa participation devrait \u00eatre bien plus cons\u00e9quente.<\/p>\n<p><a href=\"https:\/\/www.ecranlarge.com\/content\/uploads\/2023\/07\/28-jours-plus-tard-troisieme-film-1483105.jpg\" target=\"_blank\" rel=\"noopener\"><img loading=\"lazy\" decoding=\"async\" alt=\"28 jours plus tard : troisi\u00e8me film\" class=\"wp-image-285340\" src=\"https:\/\/www.europesays.com\/fr\/wp-content\/uploads\/2025\/12\/28-jours-plus-tard-troisieme-film-1483105-630x295.jpg\" width=\"630\" height=\"295\"  \/><\/a>Cillian Murphy dans 28 jours plus tard<\/p>\n<p>Concernant la r\u00e9alisation, Boyle avait d\u00e9j\u00e0 dit qu\u2019il esp\u00e9rait revenir, mais rien n\u2019a \u00e9t\u00e9 confirm\u00e9 pour le moment. Le cin\u00e9aste anglais se consacre actuellement \u00e0 <strong>Ink<\/strong>, d\u00e9di\u00e9 \u00e0 l\u2019ascension du magnat des m\u00e9dias Rupert Murdoch. Un autre type d\u2019horreur\u2026 On ne sait pas non plus si Jack O\u2019Connell, incarnant l\u2019antagoniste du deuxi\u00e8me opus, sera de la partie. <\/p>\n","protected":false},"excerpt":{"rendered":"La perspective d\u2019un troisi\u00e8me 28 ans plus tard \u00e9tait tr\u00e8s incertaine, mais Sony a r\u00e9alis\u00e9 notre v\u0153u avant&hellip;\n","protected":false},"author":2,"featured_media":592816,"comment_status":"","ping_status":"","sticky":false,"template":"","format":"standard","meta":{"footnotes":""},"categories":[1354],"tags":[58,59,1346,1011,27,1360],"class_list":{"0":"post-592815","1":"post","2":"type-post","3":"status-publish","4":"format-standard","5":"has-post-thumbnail","7":"category-films","8":"tag-divertissement","9":"tag-entertainment","10":"tag-films","11":"tag-fr","12":"tag-france","13":"tag-movies"},"share_on_mastodon":{"url":"https:\/\/pubeurope.com\/@fr\/115701025317499588","error":""},"_links":{"self":[{"href":"https:\/\/www.europesays.com\/fr\/wp-json\/wp\/v2\/posts\/592815","targetHints":{"allow":["GET"]}}],"collection":[{"href":"https:\/\/www.europesays.com\/fr\/wp-json\/wp\/v2\/posts"}],"about":[{"href":"https:\/\/www.europesays.com\/fr\/wp-json\/wp\/v2\/types\/post"}],"author":[{"embeddable":true,"href":"https:\/\/www.europesays.com\/fr\/wp-json\/wp\/v2\/users\/2"}],"replies":[{"embeddable":true,"href":"https:\/\/www.europesays.com\/fr\/wp-json\/wp\/v2\/comments?post=592815"}],"version-history":[{"count":0,"href":"https:\/\/www.europesays.com\/fr\/wp-json\/wp\/v2\/posts\/592815\/revisions"}],"wp:featuredmedia":[{"embeddable":true,"href":"https:\/\/www.europesays.com\/fr\/wp-json\/wp\/v2\/media\/592816"}],"wp:attachment":[{"href":"https:\/\/www.europesays.com\/fr\/wp-json\/wp\/v2\/media?parent=592815"}],"wp:term":[{"taxonomy":"category","embeddable":true,"href":"https:\/\/www.europesays.com\/fr\/wp-json\/wp\/v2\/categories?post=592815"},{"taxonomy":"post_tag","embeddable":true,"href":"https:\/\/www.europesays.com\/fr\/wp-json\/wp\/v2\/tags?post=592815"}],"curies":[{"name":"wp","href":"https:\/\/api.w.org\/{rel}","templated":true}]}}