{"id":592821,"date":"2025-12-11T12:53:13","date_gmt":"2025-12-11T12:53:13","guid":{"rendered":"https:\/\/www.europesays.com\/fr\/592821\/"},"modified":"2025-12-11T12:53:13","modified_gmt":"2025-12-11T12:53:13","slug":"veronika-loubry-son-compagnon-est-mort-apres-deux-ans-et-neuf-mois-dun-combat","status":"publish","type":"post","link":"https:\/\/www.europesays.com\/fr\/592821\/","title":{"rendered":"V\u00e9ronika Loubry : son compagnon est mort \u00ab\u00a0apr\u00e8s deux ans et neuf mois d&rsquo;un combat&#8230;\u00a0\u00bb"},"content":{"rendered":"<p>Apr\u00e8s plus de deux ans de lutte contre un cancer du pancr\u00e9as,<br \/>\nl\u2019homme d\u2019affaires et producteur <strong>G\u00e9rard Kadoche est d\u00e9c\u00e9d\u00e9<br \/>\n\u00e0 l\u2019\u00e2ge de 61 ans<\/strong>.<\/p>\n<p>Partageant sa vie avec V\u00e9ronika Loubry, m\u00e8re de <a href=\"https:\/\/www.closermag.fr\/people\/veronika-loubry-ce-rare-et-adorable-cliche-avec-ses-deux-enfants-thylane-et-ayrt-1161331\" target=\"_blank\" rel=\"noopener\"><br \/>\nThylane et Ayrton<\/a> issus de son histoire avec l\u2019ancien<br \/>\nfootballeur Patrick Blondeau, il laisse derri\u00e8re lui une famille<br \/>\nboulevers\u00e9e. V\u00e9ronika Loubry a annonc\u00e9 la nouvelle ce jeudi 11<br \/>\nd\u00e9cembre 2025 sur Instagram.<\/p>\n<blockquote class=\"instagram-media\" style=\"background: #ffffff;border: 0;margin: 1px;width: 100%;padding: 0;max-width: 500px;\" data-instgrm-permalink=\"https:\/\/www.instagram.com\/reel\/DSHvVARCNGT\/\" data-instgrm-version=\"14\"\/><p>\nG\u00e9rard Kadoche s\u2019\u00e9teint apr\u00e8s un<br \/>\nlong combat<\/p>\n<p data-start=\"52\" data-end=\"1183\">Elle commence son message par :<br \/>\n\u00ab\u00a0L\u2019amour de ma vie s\u2019en est all\u00e9, <strong>apr\u00e8s deux ans et 9<br \/>\nmois d\u2019un combat<\/strong> que personne ne devrait affronter. Il est<br \/>\nparti cette nuit laissant derri\u00e8re lui un silence immense, mais<br \/>\naussi la trace ind\u00e9l\u00e9bile de son courage. Pendant <a href=\"https:\/\/www.closermag.fr\/people\/veronika-loubry-son-tendre-message-pour-son-compagnon-atteint-dun-cancer-au-stade-4-3427093\" target=\"_blank\" rel=\"noopener\"><br \/>\nson combat mon guerrier a tout donn\u00e9<\/a> : sa force, sa dignit\u00e9,<br \/>\nson humour m\u00eame quand la douleur gagnait du terrain\u00a0\u00bb.<\/p>\n<p data-start=\"52\" data-end=\"1183\">Elle poursuit : \u00ab\u00a0Il a tenu,<br \/>\nencore et encore, par amour, par instinct, par volont\u00e9. Moi je le<br \/>\ncroyais invincible mon guerrier, il a d\u00e9cid\u00e9 de baisser les armes<br \/>\net ma vie ne sera plus jamais la m\u00eame. Chaque jour, <strong>malgr\u00e9<br \/>\nla fatigue, malgr\u00e9 la douleur, malgr\u00e9 les 56 chimios<\/strong>, il<br \/>\ntrouvait encore le moyen de sourire, de me rassurer, de me<br \/>\nconseiller et de m\u2019aimer comme au premier jour\u00a0\u00bb.<\/p>\n<p>V\u00e9ronika Loubry : un soutien ind\u00e9fectible jusqu\u2019au bout<\/p>\n<p data-start=\"1230\" data-end=\"2212\" data-is-last-node=\"\" data-is-only-node=\"\">V\u00e9ronika Loubry a accompagn\u00e9 <a href=\"https:\/\/www.closermag.fr\/people\/la-maladie-est-encore-la-veronika-loubry-publie-un-message-alarmant-sur-letat-de-sante-de-son-mari-3569706\" target=\"_blank\" rel=\"noopener\"><br \/>\nG\u00e9rard Kadoche<\/a> jusqu\u2019au dernier souffle, comme l\u2019avaient<br \/>\nt\u00e9moign\u00e9 ses proches et ses enfants. Sa fille a\u00een\u00e9e \u00e9crivait d\u00e9j\u00e0<br \/>\nen ao\u00fbt : \u00ab\u00a0Il n\u2019est pas seul. Il y a cette femme, V\u00e9ronika<br \/>\nLoubry, ma belle-m\u00e8re. Sa force. Son calme. Son ancre. Elle a \u00e9t\u00e9<br \/>\nl\u00e0 \u00e0 chaque \u00e9tape. Le soutenant. L\u2019aimant. Elle a fait plus que ce<br \/>\nque l\u2019on peut imaginer. Elle lui a sauv\u00e9 la vie. Je lui suis<br \/>\nprofond\u00e9ment, infiniment <strong>reconnaissant<\/strong>\u00ab\u00a0.<\/p>\n<p data-start=\"1230\" data-end=\"2212\" data-is-last-node=\"\" data-is-only-node=\"\">V\u00e9ronika avait \u00e9galement partag\u00e9 sur Instagram<br \/>\nle quotidien \u00e9prouvant du producteur : \u00ab\u00a0Chimio num\u00e9ro 42. Cela<br \/>\nfait maintenant deux ans et demi que tu vis au rythme de la<br \/>\nchimioth\u00e9rapie. <strong>Deux ans et demi de combats, de rendez-vous<br \/>\nm\u00e9dicaux, d\u2019espoirs et parfois de grosses d\u00e9ceptions<\/strong>. Ce<br \/>\nfameux ascenseur \u00e9motionnel. Nous connaissons trop bien l\u2019odeur de<br \/>\nl\u2019h\u00f4pital, les lumi\u00e8res blanches de cette salle de<br \/>\ntraitement\u00a0\u00bb.<\/p>\n<p><script async src=\"\/\/www.instagram.com\/embed.js\"><\/script><\/p>\n","protected":false},"excerpt":{"rendered":"Apr\u00e8s plus de deux ans de lutte contre un cancer du pancr\u00e9as, l\u2019homme d\u2019affaires et producteur G\u00e9rard Kadoche&hellip;\n","protected":false},"author":2,"featured_media":592822,"comment_status":"","ping_status":"","sticky":false,"template":"","format":"standard","meta":{"footnotes":""},"categories":[8],"tags":[8936,58,59,1011,27,70426],"class_list":{"0":"post-592821","1":"post","2":"type-post","3":"status-publish","4":"format-standard","5":"has-post-thumbnail","7":"category-divertissement","8":"tag-breaking-news","9":"tag-divertissement","10":"tag-entertainment","11":"tag-fr","12":"tag-france","13":"tag-marfeel_news"},"share_on_mastodon":{"url":"https:\/\/pubeurope.com\/@fr\/115701036310379648","error":""},"_links":{"self":[{"href":"https:\/\/www.europesays.com\/fr\/wp-json\/wp\/v2\/posts\/592821","targetHints":{"allow":["GET"]}}],"collection":[{"href":"https:\/\/www.europesays.com\/fr\/wp-json\/wp\/v2\/posts"}],"about":[{"href":"https:\/\/www.europesays.com\/fr\/wp-json\/wp\/v2\/types\/post"}],"author":[{"embeddable":true,"href":"https:\/\/www.europesays.com\/fr\/wp-json\/wp\/v2\/users\/2"}],"replies":[{"embeddable":true,"href":"https:\/\/www.europesays.com\/fr\/wp-json\/wp\/v2\/comments?post=592821"}],"version-history":[{"count":0,"href":"https:\/\/www.europesays.com\/fr\/wp-json\/wp\/v2\/posts\/592821\/revisions"}],"wp:featuredmedia":[{"embeddable":true,"href":"https:\/\/www.europesays.com\/fr\/wp-json\/wp\/v2\/media\/592822"}],"wp:attachment":[{"href":"https:\/\/www.europesays.com\/fr\/wp-json\/wp\/v2\/media?parent=592821"}],"wp:term":[{"taxonomy":"category","embeddable":true,"href":"https:\/\/www.europesays.com\/fr\/wp-json\/wp\/v2\/categories?post=592821"},{"taxonomy":"post_tag","embeddable":true,"href":"https:\/\/www.europesays.com\/fr\/wp-json\/wp\/v2\/tags?post=592821"}],"curies":[{"name":"wp","href":"https:\/\/api.w.org\/{rel}","templated":true}]}}