{"id":592831,"date":"2025-12-11T13:01:24","date_gmt":"2025-12-11T13:01:24","guid":{"rendered":"https:\/\/www.europesays.com\/fr\/592831\/"},"modified":"2025-12-11T13:01:24","modified_gmt":"2025-12-11T13:01:24","slug":"en-direct-loire-apres-la-condamnation-de-gael-perdriau-suivez-en-direct-lelection-du-nouveau-maire-de-saint-etienne","status":"publish","type":"post","link":"https:\/\/www.europesays.com\/fr\/592831\/","title":{"rendered":"En direct Loire. Apr\u00e8s la condamnation de Ga\u00ebl Perdriau, suivez en direct l&rsquo;\u00e9lection du nouveau maire de Saint-\u00c9tienne"},"content":{"rendered":"<p>Saint-\u00c9tienne va conna\u00eetre son nouveau maire ce jeudi apr\u00e8s-midi. Onze jours apr\u00e8s la condamnation de <a href=\"https:\/\/www.leprogres.fr\/p\/gael-perdriau\" target=\"_blank\" rel=\"noopener\">Ga\u00ebl Perdriau<\/a> \u00e0 cinq ans de prison, dont un avec sursis, et cinq ans d&rsquo;in\u00e9ligibilit\u00e9 dans l&rsquo;affaire du chantage \u00e0 la sextape, les \u00e9lus du conseil municipal se r\u00e9unissent \u00e0 partir de 14 h 30 pour d\u00e9signer son successeur.\u00a0<\/p>\n<p>L&rsquo;\u00e9lection sera moins mouvement\u00e9e que pr\u00e9vu : la majorit\u00e9 s&rsquo;est accord\u00e9e sur le premier adjoint <a href=\"https:\/\/www.leprogres.fr\/p\/jean-pierre-berger\" target=\"_blank\" rel=\"noopener\">Jean-Pierre Berger<\/a> pour \u00eatre son candidat, alors qu&rsquo;elle avait initialement vot\u00e9, \u00e0 deux voix pr\u00e8s et avec le soutien du fra\u00eechement condamn\u00e9 Ga\u00ebl Perdriau, pour l&rsquo;adjoint \u00e0 la culture <a href=\"https:\/\/www.leprogres.fr\/p\/marc-chassaubene\" target=\"_blank\" rel=\"noopener\">Marc Chassaub\u00e9n\u00e9<\/a>.<\/p>\n<p>Pour \u00e9viter une guerre ouverte dans la majorit\u00e9, ce dernier s&rsquo;est finalement effac\u00e9 en d\u00e9but de semaine au profit de Jean-Pierre Berger, qui fait donc office de favori pour r\u00e9cup\u00e9rer le fauteuil de maire, m\u00eame si Nicole Peycelon, du groupe Saint-\u00c9tienne avant tout, est \u00e9galement candidate.<\/p>\n","protected":false},"excerpt":{"rendered":"Saint-\u00c9tienne va conna\u00eetre son nouveau maire ce jeudi apr\u00e8s-midi. Onze jours apr\u00e8s la condamnation de Ga\u00ebl Perdriau \u00e0&hellip;\n","protected":false},"author":2,"featured_media":592832,"comment_status":"","ping_status":"","sticky":false,"template":"","format":"standard","meta":{"footnotes":""},"categories":[9653],"tags":[1111,11,42797,2430,1984,7539,4188,1777,674,107,1011,27,3367,12,316,25,4001,7538],"class_list":{"0":"post-592831","1":"post","2":"type-post","3":"status-publish","4":"format-standard","5":"has-post-thumbnail","7":"category-saint-etienne","8":"tag-actu","9":"tag-actualites","10":"tag-affaire-perdriau","11":"tag-auvergne-rhone-alpes","12":"tag-conseil-municipal","13":"tag-edition-loire-sud","14":"tag-elections-municipales","15":"tag-eu","16":"tag-europe","17":"tag-fil-info","18":"tag-fr","19":"tag-france","20":"tag-loire","21":"tag-news","22":"tag-politique","23":"tag-republique-francaise","24":"tag-saint-etienne","25":"tag-saint-etienne-ville"},"share_on_mastodon":{"url":"https:\/\/pubeurope.com\/@fr\/115701067518685832","error":""},"_links":{"self":[{"href":"https:\/\/www.europesays.com\/fr\/wp-json\/wp\/v2\/posts\/592831","targetHints":{"allow":["GET"]}}],"collection":[{"href":"https:\/\/www.europesays.com\/fr\/wp-json\/wp\/v2\/posts"}],"about":[{"href":"https:\/\/www.europesays.com\/fr\/wp-json\/wp\/v2\/types\/post"}],"author":[{"embeddable":true,"href":"https:\/\/www.europesays.com\/fr\/wp-json\/wp\/v2\/users\/2"}],"replies":[{"embeddable":true,"href":"https:\/\/www.europesays.com\/fr\/wp-json\/wp\/v2\/comments?post=592831"}],"version-history":[{"count":0,"href":"https:\/\/www.europesays.com\/fr\/wp-json\/wp\/v2\/posts\/592831\/revisions"}],"wp:featuredmedia":[{"embeddable":true,"href":"https:\/\/www.europesays.com\/fr\/wp-json\/wp\/v2\/media\/592832"}],"wp:attachment":[{"href":"https:\/\/www.europesays.com\/fr\/wp-json\/wp\/v2\/media?parent=592831"}],"wp:term":[{"taxonomy":"category","embeddable":true,"href":"https:\/\/www.europesays.com\/fr\/wp-json\/wp\/v2\/categories?post=592831"},{"taxonomy":"post_tag","embeddable":true,"href":"https:\/\/www.europesays.com\/fr\/wp-json\/wp\/v2\/tags?post=592831"}],"curies":[{"name":"wp","href":"https:\/\/api.w.org\/{rel}","templated":true}]}}