{"id":592835,"date":"2025-12-11T13:06:06","date_gmt":"2025-12-11T13:06:06","guid":{"rendered":"https:\/\/www.europesays.com\/fr\/592835\/"},"modified":"2025-12-11T13:06:06","modified_gmt":"2025-12-11T13:06:06","slug":"mathieu-klein-ferme-la-porte-a-une-alliance-avec-ce-parti","status":"publish","type":"post","link":"https:\/\/www.europesays.com\/fr\/592835\/","title":{"rendered":"Mathieu Klein ferme la porte \u00e0 une alliance avec ce parti"},"content":{"rendered":"<p>                    Par<br \/>\n        <strong><br \/>\n            <a href=\"https:\/\/actu.fr\/auteur\/pierre-emile-bouchy-actu-fr\" title=\"Consulter tous les articles de Paul-Emile Bouchy\" target=\"_blank\" rel=\"noopener\">Paul-Emile Bouchy<\/a><br \/>\n                    <\/strong><\/p>\n<p>        Publi\u00e9 le<\/p>\n<p>            11 d\u00e9c. 2025 \u00e0 13h42        <\/p>\n<p>\u00c0 moins de 100\u00a0jours des <a href=\"https:\/\/actu.fr\/lorraine\/politique\/elections-municipales\" target=\"_blank\" rel=\"noopener\">\u00e9lections municipales<\/a>, le <strong>maire de Nancy Mathieu Klein<\/strong> <strong>ne s\u2019est toujours pas officiellement d\u00e9clar\u00e9 candidat<\/strong>. N\u00e9anmoins, il n\u2019h\u00e9site pas \u00e0 \u00e9voquer le sujet lorsqu\u2019on le questionne.<\/p>\n<p class=\" wall-content\">Lors d\u2019un petit-d\u00e9jeuner avec la presse mercredi matin, le maire sortant a r\u00e9pondu aux questions sur l\u2019union de la gauche et sur une \u00e9ventuelle alliance avec <a href=\"https:\/\/actu.fr\/tag\/la-france-insoumise-lfi\" target=\"_blank\" rel=\"noopener\">La France Insoumise (LFI)<\/a>.<\/p>\n<p>Mathieu Klein oppos\u00e9 \u00e0 une alliance avec les Insoumis<\/p>\n<p class=\" wall-content\">Quand on l\u2019interroge sur une possible alliance au second tour des municipales avec <a href=\"https:\/\/actu.fr\/grand-est\/nancy_54395\/municipales-2026-a-nancy-sarah-farghaly-candidate-lfi-devoile-les-premieres-lignes-de-son-programme_63431071.html\" target=\"_blank\" rel=\"noopener\">la liste LFI men\u00e9e par Sarah Farghaly<\/a>, Mathieu Klein r\u00e9pond sans d\u00e9tour.<\/p>\n<p class=\" wall-content\">\u00ab\u2009Moi, je suis toujours dans la m\u00eame id\u00e9e. Il y a une majorit\u00e9 municipale aujourd\u2019hui qui a un p\u00e9rim\u00e8tre politique que vous connaissez. <strong>Pour moi, ce p\u00e9rim\u00e8tre doit rester le m\u00eame. Personnellement, je ne souhaite pas d\u2019alliance avec LFI<\/strong>\u2009\u00bb, d\u00e9clare l\u2019\u00e9lu socialiste.<\/p>\n<p>Pas encore candidat mais d\u00e9j\u00e0 l\u2019union de la gauche autour de lui<\/p>\n<p class=\" wall-content\">La semaine derni\u00e8re, <a href=\"https:\/\/actu.fr\/grand-est\/nancy_54395\/municipales-2026-a-nancy-les-ecologistes-et-la-gauche-s-unissent-pour-soutenir-mathieu-klein_63531090.html\" target=\"_blank\" rel=\"noopener\">plusieurs mouvements de gauche ont annonc\u00e9 s\u2019unir pour soutenir Mathieu Klein<\/a>. Cette union est compos\u00e9e du <strong>Parti socialiste<\/strong>,<strong> des Ecologistes, du Parti communiste fran\u00e7ais<\/strong> et du <strong>collectif citoyen Pour Nancy Mobilis\u00e9.e.s<\/strong>.<\/p>\n<p class=\" wall-content\">Une nouvelle qui satisfait le maire de Nancy\u2009: \u00ab\u2009On est dans une majorit\u00e9 qui a travaill\u00e9 de fa\u00e7on coh\u00e9rente, coll\u00e9giale, sans accroc tout au long du mandat. Ce qui n\u2019est pas forc\u00e9ment gagn\u00e9 d\u2019avance puisqu\u2019il y a eu<a href=\"https:\/\/actu.fr\/grand-est\/nancy_54395\/municipales-2020-a-nancy-mathieu-klein-et-laurent-watrin-font-alliance-voici-pourquoi_33913550.html\" target=\"_blank\" rel=\"noopener\"> une fusion de listes en 2020<\/a>. Je leur ai d\u00e9j\u00e0 dit depuis longtemps que <strong>je ne voyais pas de raison pour que les uns et les autres se divisent apr\u00e8s avoir travaill\u00e9 ensemble<\/strong>.\u2009\u00bb<\/p>\n<p class=\" wall-content\">Personnalisez votre actualit\u00e9 en ajoutant vos villes et m\u00e9dias en favori avec <a href=\"https:\/\/moncompte.actu.fr\" title=\"D\u00e9couvez Mon Actu\" rel=\"nofollow noopener\" data-trk=\"{&quot;cta&quot;:{&quot;action&quot;:&quot;https:\\\/\\\/moncompte.actu.fr&quot;,&quot;category&quot;:&quot;mon compte&quot;,&quot;from&quot;:&quot;article footer&quot;,&quot;name&quot;:&quot;Mon actu&quot;,&quot;type&quot;:&quot;cta&quot;}}\" target=\"_blank\">Mon Actu<\/a>.<\/p>\n","protected":false},"excerpt":{"rendered":"Par Paul-Emile Bouchy Publi\u00e9 le 11 d\u00e9c. 2025 \u00e0 13h42 \u00c0 moins de 100\u00a0jours des \u00e9lections municipales, le&hellip;\n","protected":false},"author":2,"featured_media":592836,"comment_status":"","ping_status":"","sticky":false,"template":"","format":"standard","meta":{"footnotes":""},"categories":[9635],"tags":[1111,11,4188,1777,674,1011,27,775,1023,14606,3434,1702,12,316,25],"class_list":{"0":"post-592835","1":"post","2":"type-post","3":"status-publish","4":"format-standard","5":"has-post-thumbnail","7":"category-nancy","8":"tag-actu","9":"tag-actualites","10":"tag-elections-municipales","11":"tag-eu","12":"tag-europe","13":"tag-fr","14":"tag-france","15":"tag-grand-est","16":"tag-la-france-insoumise-lfi","17":"tag-mathieu-klein","18":"tag-municipales-2026","19":"tag-nancy","20":"tag-news","21":"tag-politique","22":"tag-republique-francaise"},"share_on_mastodon":{"url":"https:\/\/pubeurope.com\/@fr\/115701087282637507","error":""},"_links":{"self":[{"href":"https:\/\/www.europesays.com\/fr\/wp-json\/wp\/v2\/posts\/592835","targetHints":{"allow":["GET"]}}],"collection":[{"href":"https:\/\/www.europesays.com\/fr\/wp-json\/wp\/v2\/posts"}],"about":[{"href":"https:\/\/www.europesays.com\/fr\/wp-json\/wp\/v2\/types\/post"}],"author":[{"embeddable":true,"href":"https:\/\/www.europesays.com\/fr\/wp-json\/wp\/v2\/users\/2"}],"replies":[{"embeddable":true,"href":"https:\/\/www.europesays.com\/fr\/wp-json\/wp\/v2\/comments?post=592835"}],"version-history":[{"count":0,"href":"https:\/\/www.europesays.com\/fr\/wp-json\/wp\/v2\/posts\/592835\/revisions"}],"wp:featuredmedia":[{"embeddable":true,"href":"https:\/\/www.europesays.com\/fr\/wp-json\/wp\/v2\/media\/592836"}],"wp:attachment":[{"href":"https:\/\/www.europesays.com\/fr\/wp-json\/wp\/v2\/media?parent=592835"}],"wp:term":[{"taxonomy":"category","embeddable":true,"href":"https:\/\/www.europesays.com\/fr\/wp-json\/wp\/v2\/categories?post=592835"},{"taxonomy":"post_tag","embeddable":true,"href":"https:\/\/www.europesays.com\/fr\/wp-json\/wp\/v2\/tags?post=592835"}],"curies":[{"name":"wp","href":"https:\/\/api.w.org\/{rel}","templated":true}]}}