{"id":59284,"date":"2025-04-28T13:03:09","date_gmt":"2025-04-28T13:03:09","guid":{"rendered":"https:\/\/www.europesays.com\/fr\/59284\/"},"modified":"2025-04-28T13:03:09","modified_gmt":"2025-04-28T13:03:09","slug":"lille-ils-tentent-de-cambrioler-la-boutique-orange-pres-de-la-grandplace-un-dimanche-soir","status":"publish","type":"post","link":"https:\/\/www.europesays.com\/fr\/59284\/","title":{"rendered":"Lille. Ils tentent de cambrioler la boutique Orange pr\u00e8s de la Grand&rsquo;Place un dimanche soir"},"content":{"rendered":"<p>            Par<br \/>\n        <strong><br \/>\n            <a href=\"https:\/\/actu.fr\/auteur\/margot-nicodeme\" title=\"Consulter tous les articles de Margot Nicod\u00e8me\" rel=\"nofollow noopener\" target=\"_blank\">Margot Nicod\u00e8me<\/a><br \/>\n        <\/strong><\/p>\n<p>        Publi\u00e9 le<\/p>\n<p>            28 avr. 2025 \u00e0 14h02        <\/p>\n<p>Ils ont choisi l\u2019un des endroits les plus expos\u00e9s de <a href=\"https:\/\/actu.fr\/hauts-de-france\/lille_59350\" rel=\"nofollow noopener\" target=\"_blank\">Lille<\/a> (Nord) en pensant, sans doute, que parce que c\u2019est dimanche, ils seraient moins confront\u00e9s aux passants. \u00c7a n\u2019a pas \u00e9t\u00e9 le cas. Non seulement les <b>trois voleurs sont repartis bredouilles<\/b>, mais ils ont \u00e9t\u00e9 interpell\u00e9s par la police, apr\u00e8s leur <b>tentative de <a href=\"https:\/\/actu.fr\/hauts-de-france\/lille_59350\/cambriolages-dans-les-logements-voici-les-communes-de-la-metropole-de-lille-les-plus-touchees_62436916.html\" rel=\"nofollow noopener\" target=\"_blank\">cambriolage<\/a> \u00e9chou\u00e9e de la <a href=\"https:\/\/actu.fr\/hauts-de-france\/lille_59350\/lille-ages-de-13-et-14-ans-ils-volent-des-smartphones-et-leurs-presentoirs-chez-orange_62332287.html\" rel=\"nofollow noopener\" target=\"_blank\">boutique Orange<\/a><\/b>, pr\u00e8s de la <a href=\"https:\/\/actu.fr\/hauts-de-france\/lille_59350\/lille-le-passage-sous-la-voute-de-la-grandplace-interdit-ces-deux-commerces-vont-devoir-fermer_62344823.html\" rel=\"nofollow noopener\" target=\"_blank\">Grand\u2019Place<\/a>.<\/p>\n<p>Dimanche soir, ils tentent d\u2019entrer par effraction dans la boutique Orange de Lille<\/p>\n<p class=\" wall-content\">Dimanche 27 avril 2025, peu avant 21h, trois individus approchent la boutique Orange de la <a href=\"https:\/\/actu.fr\/hauts-de-france\/lille_59350\/lille-grace-au-succes-de-sa-premiere-boutique-the-french-bastards-ouvre-deja-une-nouvelle-boulangerie_62520032.html\" rel=\"nofollow noopener\" target=\"_blank\">rue Neuve<\/a>. Ils commencent leur tentative de vol par effraction, et sont vus par un t\u00e9moin qui appelle la police. Quand les fonctionnaires arrivent sur place, plus de trace des trois complices, mais la porte coulissante du magasin est sortie de son axe et le rideau m\u00e9tallique est endommag\u00e9 et lev\u00e9.<\/p>\n<p class=\" wall-content\">Le t\u00e9moin fournit les descriptions physiques des mis en cause, ce qui aide les policiers \u00e0 les retrouver. Ils sont rapidement identifi\u00e9s dans le secteur de l\u2019hypercentre lillois, et sont interpell\u00e9s. Ils n\u2019ont pas eu le temps de voler quoi que ce soit dans la boutique Orange.\u00a0<\/p>\n<p class=\" wall-content\">\u00c2g\u00e9s de 30, 32 et 44 ans, ils ont \u00e9t\u00e9 plac\u00e9s en garde \u00e0 vue.<\/p>\n<p class=\" wall-content\">Suivez toute l\u2019actualit\u00e9 de vos villes et m\u00e9dias favoris en vous inscrivant \u00e0 <a href=\"https:\/\/moncompte.actu.fr\" title=\"D\u00e9couvez Mon Actu\" rel=\"nofollow noopener\" data-trk=\"{&quot;cta&quot;:{&quot;action&quot;:&quot;https:\\\/\\\/moncompte.actu.fr&quot;,&quot;category&quot;:&quot;mon compte&quot;,&quot;from&quot;:&quot;article footer&quot;,&quot;name&quot;:&quot;Mon actu&quot;,&quot;type&quot;:&quot;cta&quot;}}\" target=\"_blank\">Mon Actu<\/a>.<\/p>\n","protected":false},"excerpt":{"rendered":"Par Margot Nicod\u00e8me Publi\u00e9 le 28 avr. 2025 \u00e0 14h02 Ils ont choisi l\u2019un des endroits les plus&hellip;\n","protected":false},"author":2,"featured_media":59285,"comment_status":"","ping_status":"","sticky":false,"template":"","format":"standard","meta":{"footnotes":""},"categories":[2815],"tags":[1111,11,1777,674,118,1011,27,811,1307,12,738,1072,25],"class_list":{"0":"post-59284","1":"post","2":"type-post","3":"status-publish","4":"format-standard","5":"has-post-thumbnail","7":"category-lille","8":"tag-actu","9":"tag-actualites","10":"tag-eu","11":"tag-europe","12":"tag-faits-divers","13":"tag-fr","14":"tag-france","15":"tag-hauts-de-france","16":"tag-lille","17":"tag-news","18":"tag-orange","19":"tag-police","20":"tag-republique-francaise"},"share_on_mastodon":{"url":"https:\/\/pubeurope.com\/@fr\/114415731076149394","error":""},"_links":{"self":[{"href":"https:\/\/www.europesays.com\/fr\/wp-json\/wp\/v2\/posts\/59284","targetHints":{"allow":["GET"]}}],"collection":[{"href":"https:\/\/www.europesays.com\/fr\/wp-json\/wp\/v2\/posts"}],"about":[{"href":"https:\/\/www.europesays.com\/fr\/wp-json\/wp\/v2\/types\/post"}],"author":[{"embeddable":true,"href":"https:\/\/www.europesays.com\/fr\/wp-json\/wp\/v2\/users\/2"}],"replies":[{"embeddable":true,"href":"https:\/\/www.europesays.com\/fr\/wp-json\/wp\/v2\/comments?post=59284"}],"version-history":[{"count":0,"href":"https:\/\/www.europesays.com\/fr\/wp-json\/wp\/v2\/posts\/59284\/revisions"}],"wp:featuredmedia":[{"embeddable":true,"href":"https:\/\/www.europesays.com\/fr\/wp-json\/wp\/v2\/media\/59285"}],"wp:attachment":[{"href":"https:\/\/www.europesays.com\/fr\/wp-json\/wp\/v2\/media?parent=59284"}],"wp:term":[{"taxonomy":"category","embeddable":true,"href":"https:\/\/www.europesays.com\/fr\/wp-json\/wp\/v2\/categories?post=59284"},{"taxonomy":"post_tag","embeddable":true,"href":"https:\/\/www.europesays.com\/fr\/wp-json\/wp\/v2\/tags?post=59284"}],"curies":[{"name":"wp","href":"https:\/\/api.w.org\/{rel}","templated":true}]}}