{"id":592841,"date":"2025-12-11T13:09:22","date_gmt":"2025-12-11T13:09:22","guid":{"rendered":"https:\/\/www.europesays.com\/fr\/592841\/"},"modified":"2025-12-11T13:09:22","modified_gmt":"2025-12-11T13:09:22","slug":"a-montpellier-energaia-promeut-les-energies-propres-watt-else","status":"publish","type":"post","link":"https:\/\/www.europesays.com\/fr\/592841\/","title":{"rendered":"A Montpellier, Energa\u00efa promeut les \u00e9nergies propres : \u00ab\u00a0watt\u00a0\u00bb else\u00a0?"},"content":{"rendered":"<p>                    Par<br \/>\n        <strong><br \/>\n            <a href=\"https:\/\/actu.fr\/auteur\/g-martin\" title=\"Consulter tous les articles de Gil Martin\" target=\"_blank\" rel=\"noopener\">Gil Martin<\/a><br \/>\n                    <\/strong><\/p>\n<p>        Publi\u00e9 le<\/p>\n<p>            11 d\u00e9c. 2025 \u00e0 13h30        <\/p>\n<p>Le contexte national et m\u00eame mondial n\u2019incite pas \u00e0 l\u2019optimisme, mais pour autant, pas question de ne pas relever <strong>les d\u00e9fis majeurs<\/strong> qui s\u2019imposent \u00e0 nos soci\u00e9t\u00e9s. C\u2019est du moins la conviction de <strong>Carole Delga<\/strong>. La pr\u00e9sidente de la R\u00e9gion Occitanie l\u2019a rappel\u00e9 ce mercredi matin \u00e0 Montpellier lors de l\u2019inauguration du <strong>grand salon Energa\u00efa<\/strong> d\u00e9di\u00e9 au d\u00e9veloppement des <strong>\u00e9nergies renouvelables<\/strong> (EnR).<\/p>\n<p>Objectif : une r\u00e9gion \u00e0 \u00e9nergie positive<\/p>\n<p class=\" wall-content\">\u00ab Oui, bien s\u00fbr, j\u2019entends les <strong>discours d\u00e9faitistes<\/strong> qui remettent en question les efforts que l\u2019on doit faire pour assurer la transition \u00e9nerg\u00e9tique \u00bb, argumente l\u2019\u00e9lue r\u00e9gionale : \u00ab Mais nous n\u2019avons pas le choix : nous avons <strong>un d\u00e9fi incontournable<\/strong> \u00e0 relever pour l\u2019avenir, celui de la <strong>d\u00e9carbonation<\/strong>. Sur ce territoire, nous d\u00e9veloppons fortement les \u00e9nergies renouvelables \u00e0 travers notre plan REPOS avec un objectif pr\u00e9cis : devenir \u00e0 l\u2019horizon 2050 <strong>la premi\u00e8re r\u00e9gion d\u2019Europe \u00e0 \u00e9nergie positive<\/strong>. \u00bb<\/p>\n<p>EnR : 58,5% de besoins r\u00e9gionaux<\/p>\n<p class=\" wall-content\">L\u2019Occitanie peut d\u00e9j\u00e0 se pr\u00e9valoir de <strong>performances notables<\/strong>\u00a0: -10% d\u2019\u00e9missions de CO2 de 2015 \u00e0 2022, et <strong>+26% de production d\u2019EnR<\/strong>\u2026 Et la <strong>premi\u00e8re place nationale<\/strong> sur le podium des r\u00e9gions fran\u00e7aises pour la couverture de sa consommation \u00e9lectrique par des EnR dont le nucl\u00e9aire, l\u2019hydraulique (avec la 2\u00e8me puissance hydraulique install\u00e9e), le solaire, le photovolta\u00efque et la g\u00e9othermie. <strong>Soit au total 58,5 %\u00a0<\/strong>des besoins r\u00e9gionaux couverts par de l\u2019\u00e9nergie d\u00e9carbon\u00e9e\u00a0!<\/p>\n<p>    <img   decoding=\"async\" loading=\"lazy\" src=\"https:\/\/www.europesays.com\/fr\/wp-content\/uploads\/2025\/12\/photo-energaia-solaire-960x640.jpg\" alt=\"L\u2019Occitanie se classe 2\u00e8me r\u00e9gion fran\u00e7aise pour la puissance install\u00e9e en EnR, et 2\u00e8me pour la puissance photovolta\u00efque install\u00e9e. \" width=\"960\" height=\"640\"\/><br \/>\n    L\u2019Occitanie se classe 2\u00e8me r\u00e9gion fran\u00e7aise pour la puissance install\u00e9e en EnR, et 2\u00e8me pour la puissance photovolta\u00efque install\u00e9e. (\u00a9Adobe Stock)<\/p>\n<blockquote class=\"ac-article-quote wall-content\">\n<p>\u00ab\u00a0Investir et innover pour enfin toucher le graal\u00a0gr\u00e2ce au mix \u00e9nerg\u00e9tique : la souverainet\u00e9 \u00e9nerg\u00e9tique\u00a0\u00bb<\/p>\n<p>    <strong\/>\n            <\/p><\/blockquote>\n<p>Vid\u00e9os : en ce moment sur Actu<\/p>\n<p class=\" wall-content\">Pour Carole Delga, une \u00e9vidence : \u00ab Nous devons continuer et rester <strong>mobilis\u00e9s sur la voie du mix \u00e9nerg\u00e9tique<\/strong> : ici, nous avan\u00e7ons \u00bb. L\u2019\u00e9lue brandit d\u2019autres arguments : l\u2019Occitanie se classe d\u00e9sormais 2\u00e8me r\u00e9gion fran\u00e7aise pour la puissance install\u00e9e en EnR, et 2\u00e8me pour la puissance photovolta\u00efque\u2026 Mais l\u2019avenir passe aussi par <strong>l\u2019innovation,<\/strong> l\u2019audace, et de <strong>nouvelles \u00e9nergies d\u00e9carbon\u00e9es <\/strong>\u00e0 explorer, quoique couteuses, comme l<strong>\u2019hydrog\u00e8ne et l\u2019\u00e9olien en mer<\/strong>.<\/p>\n<p>Le fort impact de l\u2019\u00e9olien en mer<\/p>\n<p class=\" wall-content\">\u00ab\u00a0Bien s\u00fbr qu\u2019il faut innover\u00a0\u00bb, rench\u00e9rit la pr\u00e9sidente r\u00e9gionale\u00a0: \u00ab\u00a0L\u2019innovation\u00a0a fait le choix d\u2019investir dans le d\u00e9veloppement de l\u2019hydrog\u00e8ne et de l\u2019\u00e9olien en mer avec le projet au large de Port-la-Nouvelle\u00a0qui couvrira \u00e0 terme la consommation \u00e9nerg\u00e9tique de 100 000 personnes \u00bb, rappelle l\u2019\u00e9lue qui veut rester \u00ab volontariste\u00a0\u00bb pour parvenir enfin \u00e0 toucher le graal\u00a0gr\u00e2ce au mix \u00e9nerg\u00e9tique : la souverainet\u00e9 \u00e9nerg\u00e9tique.<\/p>\n<p>Votre r\u00e9gion, votre actu !<\/p>\n<p>Recevez chaque jour les infos qui comptent pour vous.<\/p>\n<p>\t<a href=\"https:\/\/actu.fr\/newsletter\" class=\"ac-btn ac-btn--corner ac-btn--medium ac-btn--blue800\" target=\"_blank\" rel=\"noopener\">S&rsquo;incrire<\/a><\/p>\n<p>    <a href=\"https:\/\/www.google.com\/maps\/embed?pb=!1m18!1m12!1m3!1d2890.6799205162747!2d3.94818897548329!3d43.57155225770876!2m3!1f0!2f0!3f0!3m2!1i1024!2i768!4f13.1!3m3!1m2!1s0x12b6a4d4493e02e5%3A0x1217e75b63971103!2sParc%20des%20Expositions%20de%20Montpellier%2C%20P%C3%A9rols!5e0!3m2!1sfr!2sfr!4v1765402743690!5m2!1sfr!2sfr\" title=\"Ouvrie le lien\" target=\"_blank\" rel=\"noopener\">Cliquez ici pour visualiser le contenu<\/a><\/p>\n<p class=\" wall-content\">\u00ab Nous devons nous pr\u00e9parer pour passer ce cap in\u00e9vitable\u2026 Et cela passe par le d\u00e9veloppement de la <strong>production d\u2019EnR sur notre propre territoire<\/strong> \u00bb, insiste-t-elle. M\u00eame si la p\u00e9riode est difficile, et m\u00eame financi\u00e8rement contraignante pour les collectivit\u00e9s, Carole Delga l\u2019assure et le mart\u00e8le : \u00ab la France et l\u2019Occitanie ont une carte \u00e0 jouer, comme le confirme <strong>le succ\u00e8s du salon Energa\u00efa<\/strong>, ce grand rendez-vous annuel d\u00e9di\u00e9 aux EnR qui est le seul de cette dimension en France. Ce salon joue un r\u00f4le essentiel dans le d\u00e9veloppement de la fili\u00e8re et dans l\u2019essor vers <strong>la transition \u00e9nerg\u00e9tique de notre pays<\/strong>\u2026 Il faut innover et trouver des solutions adapt\u00e9es \u00e0 chaque territoire : elles sont ici, \u00e0 Energa\u00efa. \u00bb<\/p>\n<p>Plus de 50 pays \u00e0 Energa\u00efa<\/p>\n<p class=\" wall-content\">La r\u00e9putation de l\u2019\u00e9v\u00e8nement montpelli\u00e9rain, au coeur des enjeux mondiaux, n\u2019est plus \u00e0 faire\u00a0: cette ann\u00e9e, plus de 50 pays passeront par Montpellier pour s\u2019enqu\u00e9rir des derni\u00e8res technologies et innovations disponibles, pr\u00e9sent\u00e9es par 550 exposants, dont un tiers d\u2019exposants internationaux. 25 000 visiteurs, pour l\u2019essentiel des professionnels du secteur (dans les entreprises, le collectivit\u00e9s, les associations, etc\u2026) sont attendus dans les all\u00e9es du parc des expositions de P\u00e9rols.<\/p>\n<p>    <img   decoding=\"async\" loading=\"lazy\" src=\"https:\/\/www.europesays.com\/fr\/wp-content\/uploads\/2025\/12\/photo-eolienne-en-mer-ocean-winds-960x640.jpg\" alt=\"Les \u00e9oliennes g\u00e9antes ont \u00e9t\u00e9 install\u00e9es cet \u00e9t\u00e9 au large de Port Leucate, dans l'Aude \" width=\"960\" height=\"640\"\/><br \/>\n    Les \u00e9oliennes g\u00e9antes ont \u00e9t\u00e9 install\u00e9es cet \u00e9t\u00e9 au large de Port Leucate, dans l\u2019Aude (\u00a9Ocean Winds)<\/p>\n<p class=\" wall-content\">Un succ\u00e8s qui confirme que la transition \u00e9nerg\u00e9tique demeure une question centrale. \u00ab Et pour ceux qui douteraient encore de la n\u00e9cessit\u00e9 de d\u00e9velopper les EnR , sachez que la France, parmi d\u2019autres pays en Europe, va avoir besoin <strong>de plus en plus d\u2019\u00e9lectricit\u00e9<\/strong> pour le d\u00e9veloppement des nouveaux usages (comme les v\u00e9hicules \u00e9lectriques par exemple) \u00bb, rappelle Carole Delga : \u00ab C\u2019est l\u2019occasion de rappeler que la souverainet\u00e9 ne passe pas uniquement par l\u2019augmentation de la production d\u2019EnR mais \u00e9galement <strong>par la sobri\u00e9t\u00e9 \u00e9nerg\u00e9tique<\/strong>\u2026 Nous apportons des solutions dans tous ces domaines notamment avec l\u2019AREC (pour <strong>Agence r\u00e9gionale \u00c9nergie Climat<\/strong>), au service des particuliers et des collectivit\u00e9s. \u00bb<\/p>\n<p>Additionner les forces collectives<\/p>\n<p class=\" wall-content\">\u00ab\u00a0Je tiens aujourd\u2019hui \u00e0 remercier tout particuli\u00e8rement<strong> l\u2019Agence de l\u2019environnement et de la ma\u00eetrise de l\u2019\u00e9nergie<\/strong> (Ademe) qui nous soutient dans notre strat\u00e9gie REPOS. On peut le dire : les r\u00e9centes projections effectu\u00e9es par l\u2019Agence confirment que nous sommes dans les temps de passage du plan REPOS. Ce n\u2019est pas un r\u00e9sultat en soi, mais un <strong>encouragement \u00e0 continuer<\/strong>. Nous affichons toujours la m\u00eame volont\u00e9 d\u2019avancer pour cette grande transition \u00e9nerg\u00e9tique qui nous attend. Et je le confirme : c\u2019est par l<strong>\u2018addition des forces collectives<\/strong>, publiques et priv\u00e9es, que nous y arriverons. \u00bb<\/p>\n<p>Ramener science et progr\u00e9s dans le d\u00e9bat<\/p>\n<p class=\" wall-content\">Carole Delga, pour conclure, estime qu\u2019il ne faut pas \u00e9couter les faux sp\u00e9cialistes et les pessimistes qui remettent en cause les ambitions nationales ou locales dans l\u2019efficience \u00e9nerg\u00e9tique : \u00ab Les temps sont troubles, c\u2019est pourquoi le salon Energa\u00efa, o\u00f9 interviennent des experts reconnus, est pr\u00e9cieux : il faut ramener <strong>la science et le progr\u00e8s dans le d\u00e9bat public<\/strong> autour de ce th\u00e8me crucial qu\u2019est la transition \u00e9nerg\u00e9tique <strong>et la croissance durable<\/strong>\u2026 avec bien s\u00fbr un meilleur partage de la richesse cr\u00e9\u00e9e. \u00bb<\/p>\n<p class=\" wall-content\">Production d\u2019EnR, innovation avec l\u2019hydrog\u00e8ne et l\u2019\u00e9olien en mer, sobri\u00e9t\u00e9 \u00e9nerg\u00e9tique\u00a0: \u00e0 Energa\u00efa, les acteurs de la soci\u00e9t\u00e9 trouveront sans nul doute les solutions qui \u00e9claireront l\u2019avenir. \u00a0<\/p>\n<p class=\" wall-content\">Personnalisez votre actualit\u00e9 en ajoutant vos villes et m\u00e9dias en favori avec <a href=\"https:\/\/moncompte.actu.fr\" title=\"D\u00e9couvez Mon Actu\" rel=\"nofollow noopener\" data-trk=\"{&quot;cta&quot;:{&quot;action&quot;:&quot;https:\\\/\\\/moncompte.actu.fr&quot;,&quot;category&quot;:&quot;mon compte&quot;,&quot;from&quot;:&quot;article footer&quot;,&quot;name&quot;:&quot;Mon actu&quot;,&quot;type&quot;:&quot;cta&quot;}}\" target=\"_blank\">Mon Actu<\/a>.<\/p>\n","protected":false},"excerpt":{"rendered":"Par Gil Martin Publi\u00e9 le 11 d\u00e9c. 2025 \u00e0 13h30 Le contexte national et m\u00eame mondial n\u2019incite pas&hellip;\n","protected":false},"author":2,"featured_media":592842,"comment_status":"","ping_status":"","sticky":false,"template":"","format":"standard","meta":{"footnotes":""},"categories":[9599],"tags":[1111,11,1777,674,1011,27,2208,12,2680,25,2631],"class_list":{"0":"post-592841","1":"post","2":"type-post","3":"status-publish","4":"format-standard","5":"has-post-thumbnail","7":"category-montpellier","8":"tag-actu","9":"tag-actualites","10":"tag-eu","11":"tag-europe","12":"tag-fr","13":"tag-france","14":"tag-montpellier","15":"tag-news","16":"tag-occitanie","17":"tag-republique-francaise","18":"tag-sciences-technologie"},"share_on_mastodon":{"url":"https:\/\/pubeurope.com\/@fr\/115701100188771397","error":""},"_links":{"self":[{"href":"https:\/\/www.europesays.com\/fr\/wp-json\/wp\/v2\/posts\/592841","targetHints":{"allow":["GET"]}}],"collection":[{"href":"https:\/\/www.europesays.com\/fr\/wp-json\/wp\/v2\/posts"}],"about":[{"href":"https:\/\/www.europesays.com\/fr\/wp-json\/wp\/v2\/types\/post"}],"author":[{"embeddable":true,"href":"https:\/\/www.europesays.com\/fr\/wp-json\/wp\/v2\/users\/2"}],"replies":[{"embeddable":true,"href":"https:\/\/www.europesays.com\/fr\/wp-json\/wp\/v2\/comments?post=592841"}],"version-history":[{"count":0,"href":"https:\/\/www.europesays.com\/fr\/wp-json\/wp\/v2\/posts\/592841\/revisions"}],"wp:featuredmedia":[{"embeddable":true,"href":"https:\/\/www.europesays.com\/fr\/wp-json\/wp\/v2\/media\/592842"}],"wp:attachment":[{"href":"https:\/\/www.europesays.com\/fr\/wp-json\/wp\/v2\/media?parent=592841"}],"wp:term":[{"taxonomy":"category","embeddable":true,"href":"https:\/\/www.europesays.com\/fr\/wp-json\/wp\/v2\/categories?post=592841"},{"taxonomy":"post_tag","embeddable":true,"href":"https:\/\/www.europesays.com\/fr\/wp-json\/wp\/v2\/tags?post=592841"}],"curies":[{"name":"wp","href":"https:\/\/api.w.org\/{rel}","templated":true}]}}