{"id":592851,"date":"2025-12-11T13:14:16","date_gmt":"2025-12-11T13:14:16","guid":{"rendered":"https:\/\/www.europesays.com\/fr\/592851\/"},"modified":"2025-12-11T13:14:16","modified_gmt":"2025-12-11T13:14:16","slug":"les-forces-francaises-de-lindustrie-simplantent-aussi-a-grenoble","status":"publish","type":"post","link":"https:\/\/www.europesays.com\/fr\/592851\/","title":{"rendered":"Les Forces fran\u00e7aises de l\u2019industrie s\u2019implantent aussi \u00e0 Grenoble"},"content":{"rendered":"<p>&#13;<br \/>\n&#13;<br \/>\n\t&#13;<br \/>\n\t&#13;<br \/>\n&#13;<br \/>\n\t&#13;<br \/>\n\t&#13;<br \/>\n&#13;<\/p>\n<p>Comment redonner souffle \u00e0 l\u2019industrie fran\u00e7aise\u00a0? C\u2019est la question qui a r\u00e9uni, le 7\u00a0d\u00e9cembre, entrepreneurs et \u00e9lus au Village by CA pour le lancement du club grenoblois des Forces fran\u00e7aises de l\u2019industrie (FFI). Ce r\u00e9seau, n\u00e9 \u00e0 Paris, s\u2019\u00e9tend d\u00e9sormais en province pour \u00ab\u00a0f\u00e9d\u00e9rer les acteurs industriels autour d\u2019un enjeu commun\u00a0: renforcer la r\u00e9silience et la souverainet\u00e9 des fili\u00e8res\u00a0\u00bb, explique \u00c9milie Le Douaron, l\u2019ambassadrice locale. L\u2019ambition\u00a0: cr\u00e9er un \u00e9cosyst\u00e8me o\u00f9 entreprises, investisseurs, collectivit\u00e9s et monde acad\u00e9mique dialoguent pour acc\u00e9l\u00e9rer le renouveau industriel. Le mouvement, structur\u00e9 en clubs territoriaux, s\u2019adresse principalement aux entreprises industrielles, PME comme grands groupes, mais souhaite \u00e9largir son spectre. \u00ab\u00a0Nous voulons impliquer les collectivit\u00e9s, l\u2019enseignement sup\u00e9rieur et tous ceux qui ont un r\u00f4le \u00e0 jouer\u00a0\u00bb, pr\u00e9cise \u00c9milie Le Douaron. Une branche d\u00e9di\u00e9e \u00e0 l\u2019investissement compl\u00e8te le dispositif, avec des solutions pour financer des entreprises souvent oubli\u00e9es par les circuits classiques.<\/p>\n<p>Un r\u00e9seau pour agir<\/p>\n<p>Contrairement \u00e0 une f\u00e9d\u00e9ration professionnelle, le club ne propose pas de services juridiques ou RH. Sa valeur ajout\u00e9e repose sur la mise en relation et le partage d\u2019expertise via \u00ab\u00a0la Meute\u00a0\u00bb, un r\u00e9seau d\u2019experts mobilisables pour des conseils cibl\u00e9s. \u00ab\u00a0L\u2019id\u00e9e est de cr\u00e9er des lieux d\u2019\u00e9changes et des passerelles pour r\u00e9pondre plus vite aux probl\u00e9matiques\u00a0\u00bb, souligne l\u2019ambassadrice. Lors du lancement, Olivier Six (pr\u00e9sident du groupe CIC Orio) a ouvert la soir\u00e9e, suivie d\u2019une table ronde avec notamment Christophe Ferrari (Grenoble Alpes M\u00e9tropole), S\u00e9bastien Weisbuch (Medicalps), Ludovic Vallon (MasterGrid, UIMM). Apr\u00e8s cette premi\u00e8re soir\u00e9e, le club pr\u00e9pare un calendrier m\u00ealant conf\u00e9rences, visites d\u2019entreprises et rencontres plus intimistes.\u00a0<\/p>\n<p>\t\t&#13;<br \/>\n&#13;<\/p>\n","protected":false},"excerpt":{"rendered":"&#13; &#13; &#13; &#13; &#13; &#13; &#13; &#13; Comment redonner souffle \u00e0 l\u2019industrie fran\u00e7aise\u00a0? C\u2019est la question qui&hellip;\n","protected":false},"author":2,"featured_media":592852,"comment_status":"","ping_status":"","sticky":false,"template":"","format":"standard","meta":{"footnotes":""},"categories":[9566],"tags":[1111,11,2430,1777,674,1011,27,2731,12,25],"class_list":{"0":"post-592851","1":"post","2":"type-post","3":"status-publish","4":"format-standard","5":"has-post-thumbnail","7":"category-grenoble","8":"tag-actu","9":"tag-actualites","10":"tag-auvergne-rhone-alpes","11":"tag-eu","12":"tag-europe","13":"tag-fr","14":"tag-france","15":"tag-grenoble","16":"tag-news","17":"tag-republique-francaise"},"share_on_mastodon":{"url":"https:\/\/pubeurope.com\/@fr\/115701118641820193","error":""},"_links":{"self":[{"href":"https:\/\/www.europesays.com\/fr\/wp-json\/wp\/v2\/posts\/592851","targetHints":{"allow":["GET"]}}],"collection":[{"href":"https:\/\/www.europesays.com\/fr\/wp-json\/wp\/v2\/posts"}],"about":[{"href":"https:\/\/www.europesays.com\/fr\/wp-json\/wp\/v2\/types\/post"}],"author":[{"embeddable":true,"href":"https:\/\/www.europesays.com\/fr\/wp-json\/wp\/v2\/users\/2"}],"replies":[{"embeddable":true,"href":"https:\/\/www.europesays.com\/fr\/wp-json\/wp\/v2\/comments?post=592851"}],"version-history":[{"count":0,"href":"https:\/\/www.europesays.com\/fr\/wp-json\/wp\/v2\/posts\/592851\/revisions"}],"wp:featuredmedia":[{"embeddable":true,"href":"https:\/\/www.europesays.com\/fr\/wp-json\/wp\/v2\/media\/592852"}],"wp:attachment":[{"href":"https:\/\/www.europesays.com\/fr\/wp-json\/wp\/v2\/media?parent=592851"}],"wp:term":[{"taxonomy":"category","embeddable":true,"href":"https:\/\/www.europesays.com\/fr\/wp-json\/wp\/v2\/categories?post=592851"},{"taxonomy":"post_tag","embeddable":true,"href":"https:\/\/www.europesays.com\/fr\/wp-json\/wp\/v2\/tags?post=592851"}],"curies":[{"name":"wp","href":"https:\/\/api.w.org\/{rel}","templated":true}]}}