{"id":592853,"date":"2025-12-11T13:15:16","date_gmt":"2025-12-11T13:15:16","guid":{"rendered":"https:\/\/www.europesays.com\/fr\/592853\/"},"modified":"2025-12-11T13:15:16","modified_gmt":"2025-12-11T13:15:16","slug":"sept-nouvelles-entreprises-sont-placees-en-liquidation-judiciaire-en-ille-et-vilaine-voici-lesquelles","status":"publish","type":"post","link":"https:\/\/www.europesays.com\/fr\/592853\/","title":{"rendered":"Sept nouvelles entreprises sont plac\u00e9es en liquidation judiciaire en Ille-et-Vilaine\u00a0: voici lesquelles"},"content":{"rendered":"<p>&#8211;<strong> EURL Hexagone plafonds tendus<\/strong>, entreprise de travaux de rev\u00eatement des sols et des murs \u00e0 Sainte-Marie<\/p>\n<p>&#8211; <strong>EURL SARL Zen\u2019itude<\/strong>, institut de beaut\u00e9 \u00e0 Bourg-des-Comptes<\/p>\n<p>&#8211; <strong>SAS Enerpro<\/strong>, entreprise sp\u00e9cialis\u00e9e dans le biogaz et les solutions de m\u00e9thanisation \u00e0 Vern-sur-Seiche<\/p>\n<p>&#8211; <strong>SAS Guenno Bruz<\/strong>, agence immobili\u00e8re \u00e0 Bruz. Suite \u00e0 une erreur de notre part et contrairement \u00e0 ce qui a \u00e9t\u00e9 indiqu\u00e9 pr\u00e9c\u00e9demment, cette liquidation concerne seulement l\u2019agence franchis\u00e9e et non le reste du groupe Guenno. <\/p>\n<p>&#8211; <strong>M. DEMANGE Christophe<\/strong>, activit\u00e9 de d\u00e9bits de boissons \u00e0 Redon<\/p>\n<p>&#8211;<strong> SARL Conseils Fermetures et R\u00e9novation<\/strong>, entreprise de menuiserie \u00e0 Rennes<\/p>\n<p>&#8211; <strong>SAS AS Conception<\/strong>, charpentier \u00e0 Saint-Armel<\/p>\n","protected":false},"excerpt":{"rendered":"&#8211; EURL Hexagone plafonds tendus, entreprise de travaux de rev\u00eatement des sols et des murs \u00e0 Sainte-Marie &#8211;&hellip;\n","protected":false},"author":2,"featured_media":592854,"comment_status":"","ping_status":"","sticky":false,"template":"","format":"standard","meta":{"footnotes":""},"categories":[2821],"tags":[1111,11,829,2033,1777,674,1011,27,848,36553,12,584,25],"class_list":{"0":"post-592853","1":"post","2":"type-post","3":"status-publish","4":"format-standard","5":"has-post-thumbnail","7":"category-rennes","8":"tag-actu","9":"tag-actualites","10":"tag-bretagne","11":"tag-commerces-a-rennes","12":"tag-eu","13":"tag-europe","14":"tag-fr","15":"tag-france","16":"tag-ille-et-vilaine","17":"tag-liquidations-judiciaires","18":"tag-news","19":"tag-rennes","20":"tag-republique-francaise"},"share_on_mastodon":{"url":"https:\/\/pubeurope.com\/@fr\/115701122636010144","error":""},"_links":{"self":[{"href":"https:\/\/www.europesays.com\/fr\/wp-json\/wp\/v2\/posts\/592853","targetHints":{"allow":["GET"]}}],"collection":[{"href":"https:\/\/www.europesays.com\/fr\/wp-json\/wp\/v2\/posts"}],"about":[{"href":"https:\/\/www.europesays.com\/fr\/wp-json\/wp\/v2\/types\/post"}],"author":[{"embeddable":true,"href":"https:\/\/www.europesays.com\/fr\/wp-json\/wp\/v2\/users\/2"}],"replies":[{"embeddable":true,"href":"https:\/\/www.europesays.com\/fr\/wp-json\/wp\/v2\/comments?post=592853"}],"version-history":[{"count":0,"href":"https:\/\/www.europesays.com\/fr\/wp-json\/wp\/v2\/posts\/592853\/revisions"}],"wp:featuredmedia":[{"embeddable":true,"href":"https:\/\/www.europesays.com\/fr\/wp-json\/wp\/v2\/media\/592854"}],"wp:attachment":[{"href":"https:\/\/www.europesays.com\/fr\/wp-json\/wp\/v2\/media?parent=592853"}],"wp:term":[{"taxonomy":"category","embeddable":true,"href":"https:\/\/www.europesays.com\/fr\/wp-json\/wp\/v2\/categories?post=592853"},{"taxonomy":"post_tag","embeddable":true,"href":"https:\/\/www.europesays.com\/fr\/wp-json\/wp\/v2\/tags?post=592853"}],"curies":[{"name":"wp","href":"https:\/\/api.w.org\/{rel}","templated":true}]}}