{"id":592855,"date":"2025-12-11T13:16:14","date_gmt":"2025-12-11T13:16:14","guid":{"rendered":"https:\/\/www.europesays.com\/fr\/592855\/"},"modified":"2025-12-11T13:16:14","modified_gmt":"2025-12-11T13:16:14","slug":"rennes-brest-jacquet-suspendu-rouault-dans-laxe-pour-le-stade-rennais","status":"publish","type":"post","link":"https:\/\/www.europesays.com\/fr\/592855\/","title":{"rendered":"Rennes &#8211; Brest\u00a0: Jacquet suspendu, Rouault dans l\u2019axe pour le Stade Rennais\u00a0?"},"content":{"rendered":"<p>Ligue 1 (16e journ\u00e9e). Stade Rennais &#8211; Stade Brestois, samedi (17 h)<\/p>\n<p>Priv\u00e9 de Jacquet, suspendu pour un match (et un autre avec sursis), Habib Beye devrait s\u2019appuyer sur Rouault dans l\u2019axe de sa d\u00e9fense \u00e0 trois. A moins qu\u2019A\u00eft-Boudlal soit install\u00e9 dans ce r\u00f4le de capitaine de l\u2019arri\u00e8re-garde\u2026 Ce sera le seul doute dans le onze rennais pour ce derby.<\/p>\n<p>Si Fofana s\u2019est entra\u00een\u00e9 toute la semaine et postule, Muki\u00e9l\u00e9 demeure en reprise avec l\u2019Acad\u00e9mie, pour lui \u00ab donner plus de temps de jeu \u00bb, a indiqu\u00e9 l\u2019entra\u00eeneur. Enfin, les Rennais seront en vacances au lendemain du 32e de finale de coupe de France (le 21 d\u00e9cembre, 17h face aux Sables) et la reprise est fix\u00e9e au dimanche 29 d\u00e9cembre.<\/p>\n<p class=\"tech\"><strong class=\"tech\">L\u2019\u00e9quipe probable : <\/strong>Samba &#8211; A\u00eft-Boudlal, Rouault, Brassier &#8211; Frankowski, Camara, Rongier (cap.), Dj. Ciss\u00e9 (ou Fofana), Al-Tamari &#8211; Embolo, Lepaul. Entra\u00eeneur : Habib Beye.<\/p>\n","protected":false},"excerpt":{"rendered":"Ligue 1 (16e journ\u00e9e). Stade Rennais &#8211; Stade Brestois, samedi (17 h) Priv\u00e9 de Jacquet, suspendu pour un&hellip;\n","protected":false},"author":2,"featured_media":592856,"comment_status":"","ping_status":"","sticky":false,"template":"","format":"standard","meta":{"footnotes":""},"categories":[2821],"tags":[1111,11,829,765,3166,1777,674,63,1011,27,66,12,584,25,60,4449,3087],"class_list":{"0":"post-592855","1":"post","2":"type-post","3":"status-publish","4":"format-standard","5":"has-post-thumbnail","7":"category-rennes","8":"tag-actu","9":"tag-actualites","10":"tag-bretagne","11":"tag-en-continu","12":"tag-en-continu-sports","13":"tag-eu","14":"tag-europe","15":"tag-football","16":"tag-fr","17":"tag-france","18":"tag-ligue-1","19":"tag-news","20":"tag-rennes","21":"tag-republique-francaise","22":"tag-sports","23":"tag-stade-brestois","24":"tag-stade-rennais"},"share_on_mastodon":{"url":"https:\/\/pubeurope.com\/@fr\/115701126598121081","error":""},"_links":{"self":[{"href":"https:\/\/www.europesays.com\/fr\/wp-json\/wp\/v2\/posts\/592855","targetHints":{"allow":["GET"]}}],"collection":[{"href":"https:\/\/www.europesays.com\/fr\/wp-json\/wp\/v2\/posts"}],"about":[{"href":"https:\/\/www.europesays.com\/fr\/wp-json\/wp\/v2\/types\/post"}],"author":[{"embeddable":true,"href":"https:\/\/www.europesays.com\/fr\/wp-json\/wp\/v2\/users\/2"}],"replies":[{"embeddable":true,"href":"https:\/\/www.europesays.com\/fr\/wp-json\/wp\/v2\/comments?post=592855"}],"version-history":[{"count":0,"href":"https:\/\/www.europesays.com\/fr\/wp-json\/wp\/v2\/posts\/592855\/revisions"}],"wp:featuredmedia":[{"embeddable":true,"href":"https:\/\/www.europesays.com\/fr\/wp-json\/wp\/v2\/media\/592856"}],"wp:attachment":[{"href":"https:\/\/www.europesays.com\/fr\/wp-json\/wp\/v2\/media?parent=592855"}],"wp:term":[{"taxonomy":"category","embeddable":true,"href":"https:\/\/www.europesays.com\/fr\/wp-json\/wp\/v2\/categories?post=592855"},{"taxonomy":"post_tag","embeddable":true,"href":"https:\/\/www.europesays.com\/fr\/wp-json\/wp\/v2\/tags?post=592855"}],"curies":[{"name":"wp","href":"https:\/\/api.w.org\/{rel}","templated":true}]}}