{"id":592857,"date":"2025-12-11T13:17:24","date_gmt":"2025-12-11T13:17:24","guid":{"rendered":"https:\/\/www.europesays.com\/fr\/592857\/"},"modified":"2025-12-11T13:17:24","modified_gmt":"2025-12-11T13:17:24","slug":"municipales-2026-pierre-jakubowicz-reagit-au-sondage-qui-le-place-a-10-dintentions-de-vote-a-strasbourg","status":"publish","type":"post","link":"https:\/\/www.europesays.com\/fr\/592857\/","title":{"rendered":"Municipales 2026. Pierre Jakubowicz r\u00e9agit au sondage qui le place \u00e0 10 % d\u2019intentions de vote \u00e0 Strasbourg"},"content":{"rendered":"<p class=\"insetTitle\">Municipales 2026 : les \u00e9chos<\/p>\n<p>            Naturellement Bischheim lance un appel aux ex-colistiers de la Gauche unie \u00e0 Bischheim<\/p>\n<p>D\u00e9cid\u00e9ment, Bischheim est en passe de rattraper sa voisine Schiltigheim dans le registre des campagnes municipales rocambolesques. \u00c0 peine avaient-ils pris connaissance mardi 9 d\u00e9cembre <a href=\"https:\/\/www.dna.fr\/elections\/2025\/12\/09\/la-gauche-unie-pour-bischheim-jette-l-eponge-les-insoumis-persistent\" target=\"_blank\" rel=\"noopener\">du crash en plein vol de la liste La Gauche unie pour Bischheim (GUB)<\/a>\u00a0que l\u2019autre liste de gauche, Naturellement Bischheim, lan\u00e7ait une invitation.<\/p>\n<p>Celles et ceux qui se sentiraient orphelines ou orphelins peuvent \u00ab\u200arejoindre la dynamique de la liste citoyenne Naturellement Bischheim (NB) qui porte les valeurs de la gauche et de l\u2019\u00e9cologie\u200a\u00bb, une \u00ab\u200aalternative claire, cr\u00e9dible et rassembleuse\u200a\u00bb. Gageons que la nouvelle du bug de la GUB a d\u00fb faire sourire les militants de NB, qui ont fort peu appr\u00e9ci\u00e9 la d\u00e9fection sans pr\u00e9avis de Peter Andersen (LFI) en septembre, ex-t\u00eate de liste de la GUB.<\/p>\n<p>Pas de liste socialiste \u00e0 Lingolsheim<\/p>\n<p>Interrog\u00e9e, mercredi 3 d\u00e9cembre, sur ses intentions politiques \u00e0 trois mois du premier tour des \u00e9lections municipales (15 et 22 mars 2026), Val\u00e9rie Wackermann, conseill\u00e8re municipale d\u2019opposition \u00e0 Lingolsheim (PS), annonce jeter l\u2019\u00e9ponge. \u00ab\u200aJe ne repars pas, car je suis fatigu\u00e9e et je manque d\u2019\u00e9nergie\u200a\u00bb, souffle cette candidate malheureuse en 2014 et 2020, longtemps ind\u00e9cise \u00e0 se pr\u00e9senter une troisi\u00e8me fois. L\u2019\u00e9lue rompue aux joutes politiques locales affirme avoir cherch\u00e9 \u00ab\u200a\u00e0 passer le flambeau\u200a\u00bb en interne.<\/p>\n<p>En vain. Personne n\u2019a souhait\u00e9 mener bataille sous la banni\u00e8re du parti \u00e0 la rose dans une commune acquise \u00e0 la droite depuis un demi-si\u00e8cle. Si bien que \u00ab\u200ales socialistes ne pr\u00e9senteront pas de liste \u00e0 Lingolsheim\u200a\u00bb lors des prochaines \u00e9lections municipales, l\u00e2che-t-elle. Cette d\u00e9fection ouvre un boulevard \u00e0 gauche pour une liste insoumise qui, selon des indiscr\u00e9tions, tente de se monter dans la commune. \u00c0 date, seul Ronan Bernede (Rassemblement national) a officiellement d\u00e9clar\u00e9 sa candidature. La maire sortante Catherine Graef-Eckert <a href=\"https:\/\/www.dna.fr\/politique\/2025\/03\/30\/lingolsheim-le-flou-entoure-les-candidatures-au-siege-de-catherine-graef-eckert\" target=\"_blank\" rel=\"noopener\">laisse toujours planer le doute<\/a>.<\/p>\n","protected":false},"excerpt":{"rendered":"Municipales 2026 : les \u00e9chos Naturellement Bischheim lance un appel aux ex-colistiers de la Gauche unie \u00e0 Bischheim&hellip;\n","protected":false},"author":2,"featured_media":592858,"comment_status":"","ping_status":"","sticky":false,"template":"","format":"standard","meta":{"footnotes":""},"categories":[2820],"tags":[1111,11,2880,5949,4188,1777,674,107,1011,27,775,3540,12,316,3370,25,640,2879],"class_list":{"0":"post-592857","1":"post","2":"type-post","3":"status-publish","4":"format-standard","5":"has-post-thumbnail","7":"category-strasbourg","8":"tag-actu","9":"tag-actualites","10":"tag-edition-strasbourg","11":"tag-elections","12":"tag-elections-municipales","13":"tag-eu","14":"tag-europe","15":"tag-fil-info","16":"tag-fr","17":"tag-france","18":"tag-grand-est","19":"tag-horizons","20":"tag-news","21":"tag-politique","22":"tag-renaissance","23":"tag-republique-francaise","24":"tag-strasbourg","25":"tag-strasbourg-ville"},"share_on_mastodon":{"url":"https:\/\/pubeurope.com\/@fr\/115701130721970754","error":""},"_links":{"self":[{"href":"https:\/\/www.europesays.com\/fr\/wp-json\/wp\/v2\/posts\/592857","targetHints":{"allow":["GET"]}}],"collection":[{"href":"https:\/\/www.europesays.com\/fr\/wp-json\/wp\/v2\/posts"}],"about":[{"href":"https:\/\/www.europesays.com\/fr\/wp-json\/wp\/v2\/types\/post"}],"author":[{"embeddable":true,"href":"https:\/\/www.europesays.com\/fr\/wp-json\/wp\/v2\/users\/2"}],"replies":[{"embeddable":true,"href":"https:\/\/www.europesays.com\/fr\/wp-json\/wp\/v2\/comments?post=592857"}],"version-history":[{"count":0,"href":"https:\/\/www.europesays.com\/fr\/wp-json\/wp\/v2\/posts\/592857\/revisions"}],"wp:featuredmedia":[{"embeddable":true,"href":"https:\/\/www.europesays.com\/fr\/wp-json\/wp\/v2\/media\/592858"}],"wp:attachment":[{"href":"https:\/\/www.europesays.com\/fr\/wp-json\/wp\/v2\/media?parent=592857"}],"wp:term":[{"taxonomy":"category","embeddable":true,"href":"https:\/\/www.europesays.com\/fr\/wp-json\/wp\/v2\/categories?post=592857"},{"taxonomy":"post_tag","embeddable":true,"href":"https:\/\/www.europesays.com\/fr\/wp-json\/wp\/v2\/tags?post=592857"}],"curies":[{"name":"wp","href":"https:\/\/api.w.org\/{rel}","templated":true}]}}