{"id":592865,"date":"2025-12-11T13:22:13","date_gmt":"2025-12-11T13:22:13","guid":{"rendered":"https:\/\/www.europesays.com\/fr\/592865\/"},"modified":"2025-12-11T13:22:13","modified_gmt":"2025-12-11T13:22:13","slug":"armes-blanches-700-saisies-en-loire-atlantique-480-controles-dans-les-etablissements","status":"publish","type":"post","link":"https:\/\/www.europesays.com\/fr\/592865\/","title":{"rendered":"Armes blanches\u00a0: 700\u00a0saisies en Loire-Atlantique, 480\u00a0contr\u00f4les dans les \u00e9tablissements"},"content":{"rendered":"<tr wp_automatic_readability=\"7.8736842105263\">\n<td valign=\"middle\" align=\"center\" class=\"col-logo\" wp_automatic_readability=\"5\">\n    <img decoding=\"async\" src=\"https:\/\/maville.com\/design\/images\/logo-of-monetise.svg?version=20130627\" alt=\"logo Ouest-France\" height=\"66\"\/><\/p>\n<p>Contenu r\u00e9serv\u00e9 aux abonn\u00e9s<\/p>\n<\/td>\n<td class=\"col-titre\">\n\t\t\tJeudi 11 d\u00e9cembre 2025 12:58<br \/>\n\t\t\t<a class=\"icon-bulle sizeL count\" href=\"#ancreAvis\"><br \/>\n\t&#8230;<br \/>\n<\/a><\/td>\n<\/tr>\n<p>\t\t<a class=\"mavillebox2 elmt-photo\" href=\"https:\/\/maville.com\/photosmvi\/2025\/12\/11\/P35633592D7104579G.jpg\" title=\" Plus de 700\u00a0armes ont \u00e9t\u00e9 saisies en 2025 par les forces de police en Loire-Atlantique. Les d\u00e9tenteurs de tels couteaux ou machette peuvent les ramener en commissariat ou en brigade de gendarmerie.  \u00a9  Ouest France  \" rel=\"galerie_actu noopener\" target=\"_blank\"><br \/>\n\t<img decoding=\"async\" src=\"https:\/\/www.europesays.com\/fr\/wp-content\/uploads\/2025\/12\/P35633592D7104579G_crop_640-330_.jpg\" alt=\"photo  plus de 700\u00a0armes ont \u00e9t\u00e9 saisies en 2025 par les forces de police en loire-atlantique. les d\u00e9tenteurs de tels couteaux ou machette peuvent les ramener en commissariat ou en brigade de gendarmerie.  \u00a9  ouest france \"\/><br \/>\n\t1<br \/>\n<\/a><\/p>\n<p class=\"elmt-legende\"> Plus de 700\u00a0armes ont \u00e9t\u00e9 saisies en 2025 par les forces de police en Loire-Atlantique. Les d\u00e9tenteurs de tels couteaux ou machette peuvent les ramener en commissariat ou en brigade de gendarmerie.  \u00a9  Ouest France  <\/p>\n<p>\t\tFace \u00e0 l\u2019explosion des saisies d\u2019armes blanches et \u00e0 leur pr\u00e9sence croissante jusque dans les \u00e9tablissements scolaires, la l\u00e9gislation s\u2019est durcie. Il est possible de ramener les couteaux ou lames interdites dans les commissariats et brigades de gendarmerie. En Loire-Atlantique, \u00ab\u00a0c\u2019est tol\u00e9rance z\u00e9ro\u00a0\u00bb sur le terrain.<\/p>\n<p><b>Cet article est r\u00e9serv\u00e9 aux abonn\u00e9s<\/b><\/p>\n<p>Pour un acc\u00e8s imm\u00e9diat, abonnez-vous<\/p>\n<p><b>1\u00e8re semaine offerte<\/b><\/p>\n<p>\t\t Kevin GRETHEN. \u00a0\u00a0<br \/>\n\t\tOuest-France<\/p>\n<p>Retrouvez d&rsquo;autres actus sur la commune de :<\/p>\n<p>\t\t&#13;<\/p>\n","protected":false},"excerpt":{"rendered":"Contenu r\u00e9serv\u00e9 aux abonn\u00e9s Jeudi 11 d\u00e9cembre 2025 12:58 &#8230; 1 Plus de 700\u00a0armes ont \u00e9t\u00e9 saisies en&hellip;\n","protected":false},"author":2,"featured_media":592866,"comment_status":"","ping_status":"","sticky":false,"template":"","format":"standard","meta":{"footnotes":""},"categories":[2818],"tags":[70590,31354,1111,11,6376,58218,10787,18727,1777,674,1011,27,15516,3047,766,12,2636,25,35186,18728],"class_list":{"0":"post-592865","1":"post","2":"type-post","3":"status-publish","4":"format-standard","5":"has-post-thumbnail","7":"category-nantes","8":"tag-70590","9":"tag-31354","10":"tag-actu","11":"tag-actualites","12":"tag-armes","13":"tag-blanches","14":"tag-controles","15":"tag-etablissements","16":"tag-eu","17":"tag-europe","18":"tag-fr","19":"tag-france","20":"tag-interpellations","21":"tag-loire-atlantique","22":"tag-nantes","23":"tag-news","24":"tag-pays-de-la-loire","25":"tag-republique-francaise","26":"tag-saisies","27":"tag-scolaires"},"share_on_mastodon":{"url":"https:\/\/pubeurope.com\/@fr\/115701151483988561","error":""},"_links":{"self":[{"href":"https:\/\/www.europesays.com\/fr\/wp-json\/wp\/v2\/posts\/592865","targetHints":{"allow":["GET"]}}],"collection":[{"href":"https:\/\/www.europesays.com\/fr\/wp-json\/wp\/v2\/posts"}],"about":[{"href":"https:\/\/www.europesays.com\/fr\/wp-json\/wp\/v2\/types\/post"}],"author":[{"embeddable":true,"href":"https:\/\/www.europesays.com\/fr\/wp-json\/wp\/v2\/users\/2"}],"replies":[{"embeddable":true,"href":"https:\/\/www.europesays.com\/fr\/wp-json\/wp\/v2\/comments?post=592865"}],"version-history":[{"count":0,"href":"https:\/\/www.europesays.com\/fr\/wp-json\/wp\/v2\/posts\/592865\/revisions"}],"wp:featuredmedia":[{"embeddable":true,"href":"https:\/\/www.europesays.com\/fr\/wp-json\/wp\/v2\/media\/592866"}],"wp:attachment":[{"href":"https:\/\/www.europesays.com\/fr\/wp-json\/wp\/v2\/media?parent=592865"}],"wp:term":[{"taxonomy":"category","embeddable":true,"href":"https:\/\/www.europesays.com\/fr\/wp-json\/wp\/v2\/categories?post=592865"},{"taxonomy":"post_tag","embeddable":true,"href":"https:\/\/www.europesays.com\/fr\/wp-json\/wp\/v2\/tags?post=592865"}],"curies":[{"name":"wp","href":"https:\/\/api.w.org\/{rel}","templated":true}]}}